{"id":164,"date":"2017-11-11T21:52:00","date_gmt":"2017-11-11T20:52:00","guid":{"rendered":"http:\/\/stansgar.katolsk.no\/index.php\/2017\/11\/11\/kunngjringer-sndag-1211\/"},"modified":"2018-10-12T09:12:19","modified_gmt":"2018-10-12T07:12:19","slug":"kunngjringer-sndag-1211","status":"publish","type":"post","link":"https:\/\/stansgar.katolsk.no\/?p=164","title":{"rendered":"Kunngj\u00f8ringer s\u00f8ndag 12.11"},"content":{"rendered":"<div align=\"center\" class=\"MsoNormal\" style=\"margin-bottom: .0001pt; margin: 0cm; tab-stops: 35.4pt; text-align: center;\">\n<b><\/b><\/div>\n<div class=\"separator\" style=\"clear: both; text-align: center;\">\n<a href=\"http:\/\/stansgar.katolsk.no\/wp-content\/uploads\/2017\/11\/stansgar-2.png\" imageanchor=\"1\" style=\"margin-left: 1em; margin-right: 1em;\"><img decoding=\"async\" border=\"0\" data-original-height=\"150\" data-original-width=\"113\" src=\"http:\/\/stansgar.katolsk.no\/wp-content\/uploads\/2017\/11\/stansgar-2.png\" \/><\/a><\/div>\n<div align=\"center\" class=\"MsoNormal\" style=\"margin-bottom: .0001pt; margin: 0cm; tab-stops: 35.4pt; text-align: center;\">\n<b><br \/><\/b><\/div>\n<div align=\"center\" class=\"MsoNormal\" style=\"margin-bottom: .0001pt; margin: 0cm; tab-stops: 35.4pt; text-align: center;\">\n<b>St.<br \/>\nAnsgar menighet<\/b><b><\/b><\/div>\n<div align=\"center\" class=\"MsoNormal\" style=\"margin-bottom: .0001pt; margin: 0cm; tab-stops: 35.4pt; text-align: center;\">\n<\/div>\n<div align=\"center\" class=\"MsoNormal\" style=\"margin-bottom: .0001pt; margin: 0cm; tab-stops: 35.4pt; text-align: center;\">\n<b>KUNNGJ\u00d8RING <\/b><\/div>\n<div align=\"left\" class=\"MsoNormalCxSpMiddle\" style=\"text-align: left;\">\n<\/div>\n<div class=\"MsoNormalCxSpMiddle\">\n<\/div>\n<div class=\"MsoNormalCxSpMiddle\">\n<\/div>\n<div class=\"MsoNormalCxSpMiddle\">\n<b style=\"mso-bidi-font-weight: normal;\">Tirsdag 14\/11&nbsp;&nbsp;&nbsp;&nbsp;&nbsp;<br \/>\n<\/b>kl. 18:00&nbsp;&nbsp;&nbsp; Messe <\/div>\n<div class=\"MsoNormalCxSpMiddle\">\n<i style=\"mso-bidi-font-style: normal;\">&nbsp;&nbsp;&nbsp;&nbsp;&nbsp;&nbsp;&nbsp;&nbsp; <\/i>&nbsp;<i style=\"mso-bidi-font-style: normal;\">&nbsp;&nbsp;&nbsp;&nbsp;&nbsp;&nbsp;&nbsp;&nbsp;&nbsp;&nbsp;&nbsp;&nbsp;&nbsp;&nbsp;&nbsp;&nbsp;&nbsp;&nbsp;&nbsp;&nbsp;&nbsp;&nbsp;&nbsp;&nbsp;&nbsp;&nbsp;&nbsp;&nbsp;&nbsp;&nbsp;&nbsp;&nbsp;&nbsp; etterfulgt<br \/>\nav <\/i><i style=\"mso-bidi-font-style: normal;\">sakramentstilbedelse<br \/>\n<\/i><\/div>\n<div class=\"MsoNormalCxSpMiddle\">\n<\/div>\n<div class=\"MsoNormalCxSpMiddle\">\n<b style=\"mso-bidi-font-weight: normal;\">Onsdag 15\/11&nbsp;&nbsp;&nbsp;&nbsp;&nbsp; <\/b>kl.<b style=\"mso-bidi-font-weight: normal;\"> <\/b>18:00&nbsp;&nbsp;&nbsp;&nbsp; Messe<\/div>\n<div class=\"MsoNormalCxSpMiddle\">\n<\/div>\n<div class=\"MsoNormalCxSpMiddle\">\n<b style=\"mso-bidi-font-weight: normal;\">Torsdag 16\/11<\/b> &nbsp;&nbsp;&nbsp; kl.<br \/>\n11:00&nbsp;&nbsp;&nbsp;&nbsp; Formiddagsmesse<\/div>\n<div class=\"MsoNormalCxSpMiddle\">\n<i style=\"mso-bidi-font-style: normal;\">&nbsp;&nbsp;&nbsp;&nbsp;&nbsp;&nbsp;&nbsp;&nbsp;&nbsp;&nbsp;&nbsp;&nbsp;&nbsp;&nbsp;&nbsp;&nbsp;&nbsp;&nbsp;&nbsp;&nbsp;&nbsp;&nbsp;&nbsp;&nbsp;&nbsp;&nbsp;&nbsp;&nbsp;&nbsp;&nbsp;&nbsp;&nbsp;&nbsp;&nbsp;&nbsp;&nbsp;&nbsp;&nbsp;&nbsp;&nbsp;&nbsp;&nbsp;&nbsp; felles<br \/>\nlunsj etter messen<\/i><\/div>\n<div class=\"MsoNormalCxSpMiddle\">\n&nbsp; &nbsp; &nbsp; &nbsp; &nbsp; &nbsp; &nbsp; &nbsp; &nbsp; &nbsp; &nbsp; &nbsp; &nbsp; &nbsp; &nbsp;kl. 18:00&nbsp;&nbsp;&nbsp;&nbsp; Messe<b style=\"mso-bidi-font-weight: normal;\"><i style=\"mso-bidi-font-style: normal;\"><\/i><\/b><\/div>\n<div class=\"MsoNormalCxSpMiddle\">\n<\/div>\n<div class=\"MsoNormalCxSpMiddle\">\n<b style=\"mso-bidi-font-weight: normal;\">Fredag<br \/>\n17\/11<\/b> &nbsp;&nbsp;&nbsp;&nbsp;&nbsp; kl. 17:00 &nbsp;&nbsp;&nbsp; Anledning til skriftem\u00e5l <\/div>\n<div class=\"MsoNormalCxSpMiddle\">\n&nbsp;&nbsp;&nbsp;&nbsp;&nbsp;&nbsp;&nbsp;&nbsp; &nbsp;&nbsp; &nbsp; &nbsp; &nbsp; &nbsp; &nbsp; &nbsp; &nbsp; &nbsp; &nbsp;kl.<br \/>\n18:00&nbsp;&nbsp;&nbsp;&nbsp; Messe<\/div>\n<div class=\"MsoNormalCxSpMiddle\">\n&nbsp;&nbsp;&nbsp;&nbsp;&nbsp;&nbsp;&nbsp;&nbsp;&nbsp;&nbsp;&nbsp;&nbsp;&nbsp;&nbsp;&nbsp;&nbsp;&nbsp;&nbsp;&nbsp;&nbsp;&nbsp;&nbsp;&nbsp;&nbsp;&nbsp;&nbsp;&nbsp;&nbsp;&nbsp;&nbsp;&nbsp;&nbsp;&nbsp;&nbsp;&nbsp;&nbsp;&nbsp;&nbsp;&nbsp;&nbsp;&nbsp;&nbsp;&nbsp; &nbsp;&nbsp;&nbsp;&nbsp;&nbsp;&nbsp;&nbsp;&nbsp; &nbsp;<\/div>\n<div class=\"MsoNormalCxSpMiddle\">\n<b style=\"mso-bidi-font-weight: normal;\">L\u00f8rdag 18\/11<\/b>&nbsp;&nbsp;&nbsp;&nbsp;&nbsp;&nbsp; kl.<br \/>\n13:00&nbsp;&nbsp;&nbsp;&nbsp; Messe &nbsp;<\/div>\n<div class=\"MsoNormalCxSpMiddle\">\n&nbsp; &nbsp; &nbsp; &nbsp; &nbsp; &nbsp; &nbsp; &nbsp; &nbsp; &nbsp; &nbsp; &nbsp; &nbsp; &nbsp; &nbsp;kl. 14:00&nbsp;&nbsp;&nbsp;&nbsp; Messe p\u00e5 <i style=\"mso-bidi-font-style: normal;\">spansk<\/i><\/div>\n<div class=\"MsoNormalCxSpMiddle\">\n&nbsp;&nbsp;&nbsp; <b style=\"mso-bidi-font-weight: normal;\"><i style=\"mso-bidi-font-style: normal;\">&nbsp; &nbsp; &nbsp; &nbsp; &nbsp; &nbsp; &nbsp; &nbsp; &nbsp; &nbsp;&nbsp;<\/i><\/b><b style=\"mso-bidi-font-weight: normal;\"><i style=\"mso-bidi-font-style: normal;\">&nbsp; &nbsp;&nbsp;kl. 15:00 &nbsp;&nbsp;&nbsp; Messe i Stella Maris kapell (Mandal)<\/i><\/b><\/div>\n<div class=\"MsoNormalCxSpMiddle\">\n&nbsp;&nbsp;&nbsp;&nbsp;&nbsp;&nbsp;&nbsp;&nbsp;&nbsp;&nbsp;&nbsp;&nbsp;&nbsp;&nbsp;&nbsp;&nbsp;&nbsp; &nbsp; &nbsp; &nbsp; &nbsp; &nbsp;&nbsp;kl. 18:00&nbsp;&nbsp;&nbsp;&nbsp; Messe p\u00e5 <i style=\"mso-bidi-font-style: normal;\">polsk<\/i> &nbsp;<\/div>\n<div class=\"MsoNormalCxSpMiddle\">\n<\/div>\n<div class=\"MsoNormalCxSpMiddle\">\n<b style=\"mso-bidi-font-weight: normal;\">S\u00f8ndag 19\/11<\/b>&nbsp;&nbsp;&nbsp;&nbsp;&nbsp; kl.<br \/>\n09:15&nbsp;&nbsp;&nbsp;&nbsp; Messe p\u00e5 <i style=\"mso-bidi-font-style: normal;\">polsk<\/i> &nbsp;<\/div>\n<div class=\"MsoNormalCxSpMiddle\">\n<i style=\"mso-bidi-font-style: normal;\">&nbsp;&nbsp;&nbsp;&nbsp;&nbsp;&nbsp;&nbsp;&nbsp;&nbsp;&nbsp;&nbsp; <\/i>&nbsp; &nbsp; &nbsp; &nbsp; &nbsp; &nbsp; &nbsp; &nbsp; &nbsp; &nbsp;kl.<br \/>\n11:00&nbsp;&nbsp;&nbsp;&nbsp; H\u00f8ymesse &nbsp;<\/div>\n<div class=\"MsoNormalCxSpMiddle\">\n&nbsp; &nbsp; &nbsp; &nbsp; &nbsp; &nbsp; &nbsp; &nbsp; &nbsp; &nbsp; &nbsp; &nbsp; &nbsp; &nbsp; &nbsp;kl. 13:00&nbsp;&nbsp;&nbsp;&nbsp; Messe p\u00e5 <i style=\"mso-bidi-font-style: normal;\">vietnamesisk<\/i> &nbsp; &nbsp;&nbsp;&nbsp;&nbsp;&nbsp;&nbsp;&nbsp;&nbsp; <\/div>\n<div class=\"MsoNormalCxSpMiddle\">\n<\/div>\n<div class=\"MsoNormalCxSpMiddle\">\n<b style=\"mso-bidi-font-weight: normal;\">+<\/b><b style=\"mso-bidi-font-weight: normal;\"> <u>Andre<br \/>\nkunngj\u00f8ringer<\/u>:<\/b><\/div>\n<div class=\"MsoNormalCxSpMiddle\">\n<\/div>\n<div class=\"MsoNormalCxSpMiddle\">\n* &laquo;Vi<br \/>\ntrenger en ny kateket til <b style=\"mso-bidi-font-weight: normal;\">s\u00f8ndagsskolen<\/b>.<br \/>\nKunne det v\u00e6re noe for deg? Det er snakk om en s\u00f8ndag i m\u00e5neden der du vil f\u00e5<br \/>\nansvar for evangelieforklaring for barn (&#8230;) Ta gjerne kontakt med en av oss<br \/>\nfor \u00e5 f\u00e5 vite mer. M.v.h. Marit, Mogens og Christina. (Epost: <u>marit.hunnes<\/u><u>@<\/u><u>gmail.com<\/u> &#8211; Mobnr. 473 84 017).<\/div>\n<div class=\"MsoNormalCxSpMiddle\">\n* <b style=\"mso-bidi-font-weight: normal;\">Menighetsr\u00e5det<\/b> m\u00f8tes onsdag 15\/11 etter<br \/>\nkveldsmesse i Kiga.<b style=\"mso-bidi-font-weight: normal;\"><\/b><\/div>\n<div class=\"MsoNormalCxSpMiddle\">\n* &laquo;<b style=\"mso-bidi-font-weight: normal;\">Unge voksne <\/b>inviterer til bowlingkveld<br \/>\ns\u00f8ndag 19\/11. Oppm\u00f8te ved menighetslokalet kl. 18:00! Alle mellom 18 og 35 \u00e5r<br \/>\ner hjertelig velkommen!&raquo;<b style=\"mso-bidi-font-weight: normal;\"><\/b><\/div>\n<div class=\"MsoNormalCxSpMiddle\">\n* Bilder<br \/>\nfra <b style=\"mso-bidi-font-weight: normal;\">konfirmasjonsmesse<\/b> 02\/09 lagret<br \/>\ni USB-minnepinne kan hentes i sakristiet etter messene.<\/div>\n<div class=\"MsoNormalCxSpMiddle\">\n<\/div>\n<div align=\"center\" class=\"MsoNormalCxSpMiddle\" style=\"text-align: center;\">\n<b style=\"mso-bidi-font-weight: normal;\"><i style=\"mso-bidi-font-style: normal;\">Alle er hjertelig velkommen til kirkekaffe!<\/i><\/b><\/div>\n<p><\/p>\n<div align=\"center\" class=\"MsoNormalCxSpMiddle\" style=\"text-align: center;\">\n<b style=\"mso-bidi-font-weight: normal;\">\u00d8nsker<br \/>\ndere en riktig god s\u00f8ndag!<\/b><\/div>\n","protected":false},"excerpt":{"rendered":"<p>St. Ansgar menighet KUNNGJ\u00d8RING Tirsdag 14\/11&nbsp;&nbsp;&nbsp;&nbsp;&nbsp; kl. 18:00&nbsp;&nbsp;&nbsp; Messe &nbsp;&nbsp;&nbsp;&nbsp;&nbsp;&nbsp;&nbsp;&nbsp; &nbsp;&nbsp;&nbsp;&nbsp;&nbsp;&nbsp;&nbsp;&nbsp;&nbsp;&nbsp;&nbsp;&nbsp;&nbsp;&nbsp;&nbsp;&nbsp;&nbsp;&nbsp;&nbsp;&nbsp;&nbsp;&nbsp;&nbsp;&nbsp;&nbsp;&nbsp;&nbsp;&nbsp;&nbsp;&nbsp;&nbsp;&nbsp;&nbsp;&nbsp; etterfulgt av sakramentstilbedelse Onsdag 15\/11&nbsp;&nbsp;&nbsp;&nbsp;&nbsp; kl. 18:00&nbsp;&nbsp;&nbsp;&nbsp; Messe Torsdag 16\/11 &nbsp;&nbsp;&nbsp; kl. 11:00&nbsp;&nbsp;&nbsp;&nbsp; Formiddagsmesse &nbsp;&nbsp;&nbsp;&nbsp;&nbsp;&nbsp;&nbsp;&nbsp;&nbsp;&nbsp;&nbsp;&nbsp;&nbsp;&nbsp;&nbsp;&nbsp;&nbsp;&nbsp;&nbsp;&nbsp;&nbsp;&nbsp;&nbsp;&nbsp;&nbsp;&nbsp;&nbsp;&nbsp;&nbsp;&nbsp;&nbsp;&nbsp;&nbsp;&nbsp;&nbsp;&nbsp;&nbsp;&nbsp;&nbsp;&nbsp;&nbsp;&nbsp;&nbsp; felles lunsj etter messen &nbsp; &nbsp; &nbsp; &nbsp; &nbsp; &nbsp; &nbsp; &nbsp; &nbsp; &nbsp;&#8230;<br \/><a class=\"read-more-button\" href=\"https:\/\/stansgar.katolsk.no\/?p=164\">Read more<\/a><\/p>\n","protected":false},"author":3,"featured_media":1713,"comment_status":"open","ping_status":"open","sticky":false,"template":"","format":"standard","meta":{"footnotes":""},"categories":[1],"tags":[3],"class_list":["post-164","post","type-post","status-publish","format-standard","has-post-thumbnail","hentry","category-ukategorisert","tag-kunngjoringer"],"_links":{"self":[{"href":"https:\/\/stansgar.katolsk.no\/index.php?rest_route=\/wp\/v2\/posts\/164","targetHints":{"allow":["GET"]}}],"collection":[{"href":"https:\/\/stansgar.katolsk.no\/index.php?rest_route=\/wp\/v2\/posts"}],"about":[{"href":"https:\/\/stansgar.katolsk.no\/index.php?rest_route=\/wp\/v2\/types\/post"}],"author":[{"embeddable":true,"href":"https:\/\/stansgar.katolsk.no\/index.php?rest_route=\/wp\/v2\/users\/3"}],"replies":[{"embeddable":true,"href":"https:\/\/stansgar.katolsk.no\/index.php?rest_route=%2Fwp%2Fv2%2Fcomments&post=164"}],"version-history":[{"count":1,"href":"https:\/\/stansgar.katolsk.no\/index.php?rest_route=\/wp\/v2\/posts\/164\/revisions"}],"predecessor-version":[{"id":1714,"href":"https:\/\/stansgar.katolsk.no\/index.php?rest_route=\/wp\/v2\/posts\/164\/revisions\/1714"}],"wp:featuredmedia":[{"embeddable":true,"href":"https:\/\/stansgar.katolsk.no\/index.php?rest_route=\/wp\/v2\/media\/1713"}],"wp:attachment":[{"href":"https:\/\/stansgar.katolsk.no\/index.php?rest_route=%2Fwp%2Fv2%2Fmedia&parent=164"}],"wp:term":[{"taxonomy":"category","embeddable":true,"href":"https:\/\/stansgar.katolsk.no\/index.php?rest_route=%2Fwp%2Fv2%2Fcategories&post=164"},{"taxonomy":"post_tag","embeddable":true,"href":"https:\/\/stansgar.katolsk.no\/index.php?rest_route=%2Fwp%2Fv2%2Ftags&post=164"}],"curies":[{"name":"wp","href":"https:\/\/api.w.org\/{rel}","templated":true}]}}