{"id":163,"date":"2017-11-19T14:39:00","date_gmt":"2017-11-19T13:39:00","guid":{"rendered":"http:\/\/stansgar.katolsk.no\/index.php\/2017\/11\/19\/kunngjringer-sndag-1911\/"},"modified":"2018-10-12T09:12:19","modified_gmt":"2018-10-12T07:12:19","slug":"kunngjringer-sndag-1911","status":"publish","type":"post","link":"https:\/\/stansgar.katolsk.no\/?p=163","title":{"rendered":"Kunngj\u00f8ringer s\u00f8ndag 19.11"},"content":{"rendered":"<div class=\"separator\" style=\"clear: both; text-align: center;\">\n<a href=\"http:\/\/stansgar.katolsk.no\/wp-content\/uploads\/2017\/11\/stansgar-1.png\" imageanchor=\"1\" style=\"margin-left: 1em; margin-right: 1em;\"><img decoding=\"async\" border=\"0\" data-original-height=\"150\" data-original-width=\"113\" src=\"http:\/\/stansgar.katolsk.no\/wp-content\/uploads\/2017\/11\/stansgar-1.png\" \/><\/a><\/div>\n<div align=\"center\" class=\"MsoNormal\" style=\"margin-bottom: .0001pt; margin: 0cm; tab-stops: 35.4pt; text-align: center;\">\n<b><\/b><\/div>\n<div align=\"center\" class=\"MsoNormal\" style=\"margin-bottom: .0001pt; margin: 0cm; tab-stops: 35.4pt; text-align: center;\">\n<b>St. Ansgar menighet<\/b><\/div>\n<div align=\"center\" class=\"MsoNormal\" style=\"margin-bottom: .0001pt; margin: 0cm; tab-stops: 35.4pt; text-align: center;\">\n<\/div>\n<div align=\"center\" class=\"MsoNormal\" style=\"margin-bottom: .0001pt; margin: 0cm; tab-stops: 35.4pt; text-align: center;\">\n<\/div>\n<div align=\"center\" class=\"MsoNormal\" style=\"margin-bottom: .0001pt; margin: 0cm; tab-stops: 35.4pt; text-align: center;\">\n<b>KUNNGJ<\/b><b>\u00d8RINGER<\/b><b><\/b><\/div>\n<div class=\"MsoNormalCxSpMiddle\">\n<\/div>\n<div class=\"MsoNormalCxSpMiddle\">\n<b style=\"mso-bidi-font-weight: normal;\">Tirsdag 21\/11&nbsp; &nbsp; &nbsp;&nbsp;<\/b>kl. 18:00&nbsp;&nbsp;&nbsp;&nbsp; Messe; <i style=\"mso-bidi-font-style: normal;\">etterfulgt<br \/>\nav <\/i><i style=\"mso-bidi-font-style: normal;\">sakramentstilbedelse<\/i><i style=\"mso-bidi-font-style: normal;\">&nbsp;&nbsp;&nbsp;&nbsp;&nbsp;&nbsp;&nbsp;&nbsp;&nbsp;&nbsp;&nbsp;&nbsp; <\/i> <i style=\"mso-bidi-font-style: normal;\">&nbsp;&nbsp;&nbsp;&nbsp;&nbsp;&nbsp;&nbsp;&nbsp;&nbsp;&nbsp;&nbsp;&nbsp;&nbsp;&nbsp;&nbsp;&nbsp;&nbsp;&nbsp;&nbsp;&nbsp;&nbsp;&nbsp;&nbsp;&nbsp;&nbsp;&nbsp;&nbsp;&nbsp;&nbsp;&nbsp;&nbsp;&nbsp;&nbsp;&nbsp;&nbsp;&nbsp;&nbsp;&nbsp;&nbsp;&nbsp;&nbsp;&nbsp;&nbsp;&nbsp;&nbsp; <\/i><i style=\"mso-bidi-font-style: normal;\">&nbsp;<\/i><\/div>\n<div class=\"MsoNormalCxSpMiddle\">\n<b style=\"mso-bidi-font-weight: normal;\">Onsdag 22\/11&nbsp; &nbsp; &nbsp; &nbsp; &nbsp;<\/b>kl.<b style=\"mso-bidi-font-weight: normal;\"> <\/b>18:00&nbsp;&nbsp;&nbsp;&nbsp;&nbsp; Messe<\/div>\n<div class=\"MsoNormalCxSpMiddle\">\n<\/div>\n<div class=\"MsoNormalCxSpMiddle\">\n<b style=\"mso-bidi-font-weight: normal;\">Torsdag 23\/11<\/b> &nbsp; &nbsp; &nbsp; &nbsp;&nbsp;kl.<br \/>\n11:00&nbsp;&nbsp;&nbsp;&nbsp;&nbsp; Messe;<i style=\"mso-bidi-font-style: normal;\"> etterfulgt av felles lunsj i Kiga<\/i><\/div>\n<div class=\"MsoNormalCxSpMiddle\">\n&nbsp; &nbsp; &nbsp; &nbsp; &nbsp; &nbsp; &nbsp; &nbsp; &nbsp; &nbsp; &nbsp; &nbsp; &nbsp; &nbsp; &nbsp; &nbsp; &nbsp;kl. 18:00&nbsp;&nbsp;&nbsp;&nbsp;&nbsp; Messe<b style=\"mso-bidi-font-weight: normal;\"><i style=\"mso-bidi-font-style: normal;\"><\/i><\/b><\/div>\n<div class=\"MsoNormalCxSpMiddle\">\n<\/div>\n<div class=\"MsoNormalCxSpMiddle\">\n<b style=\"mso-bidi-font-weight: normal;\">Fredag 24\/11<\/b> &nbsp; &nbsp; &nbsp; &nbsp; &nbsp;&nbsp;kl. 17:00 &nbsp;&nbsp;&nbsp;&nbsp; Anledning<br \/>\ntil skriftem\u00e5l <\/div>\n<div class=\"MsoNormalCxSpMiddle\">\n&nbsp;&nbsp;&nbsp;&nbsp;&nbsp;&nbsp;&nbsp;&nbsp;&nbsp;&nbsp;&nbsp; &nbsp;&nbsp;&nbsp;&nbsp;&nbsp;&nbsp;&nbsp;&nbsp;&nbsp;&nbsp;&nbsp;&nbsp;&nbsp;&nbsp;&nbsp;&nbsp;&nbsp;&nbsp;&nbsp;&nbsp;&nbsp;kl. 18:00&nbsp;&nbsp;&nbsp;&nbsp;&nbsp; Messe<\/div>\n<div class=\"MsoNormalCxSpMiddle\">\n&nbsp;&nbsp;&nbsp;&nbsp;&nbsp;&nbsp;&nbsp;&nbsp;&nbsp;&nbsp;&nbsp;&nbsp;&nbsp;&nbsp;&nbsp;&nbsp;&nbsp;&nbsp;&nbsp;&nbsp;&nbsp;&nbsp;&nbsp;&nbsp;&nbsp;&nbsp;&nbsp;&nbsp;&nbsp;&nbsp;&nbsp;&nbsp;&nbsp;&nbsp;&nbsp;&nbsp;&nbsp;&nbsp;&nbsp;&nbsp;&nbsp;&nbsp;&nbsp;&nbsp;&nbsp;&nbsp;&nbsp;&nbsp;&nbsp;&nbsp;&nbsp;&nbsp;&nbsp;&nbsp;&nbsp;&nbsp;&nbsp; &nbsp;&nbsp;&nbsp;&nbsp;&nbsp;&nbsp;&nbsp;&nbsp;&nbsp;&nbsp;&nbsp; &nbsp;<\/div>\n<div class=\"MsoNormalCxSpMiddle\">\n<b style=\"mso-bidi-font-weight: normal;\">L<\/b><b style=\"mso-bidi-font-weight: normal;\">\u00f8rdag <\/b><b style=\"mso-bidi-font-weight: normal;\">25\/11<\/b>&nbsp; &nbsp; &nbsp; &nbsp; &nbsp; &nbsp;kl.<br \/>\n13:00&nbsp;&nbsp;&nbsp;&nbsp;&nbsp; Messe <\/div>\n<div class=\"MsoNormalCxSpMiddle\">\n&nbsp; &nbsp; &nbsp; &nbsp; &nbsp; &nbsp; &nbsp; &nbsp; &nbsp; &nbsp; &nbsp; &nbsp; &nbsp; &nbsp; &nbsp; &nbsp; &nbsp;&nbsp;kl. 14:00&nbsp;&nbsp;&nbsp;&nbsp;&nbsp; Messe p\u00e5 <i style=\"mso-bidi-font-style: normal;\">filippinsk<\/i> <\/div>\n<div class=\"MsoNormalCxSpMiddle\">\n&nbsp;&nbsp;&nbsp;&nbsp;&nbsp;&nbsp;&nbsp;&nbsp;&nbsp;&nbsp;&nbsp;&nbsp;&nbsp;&nbsp;&nbsp;&nbsp;&nbsp;&nbsp;&nbsp;&nbsp;&nbsp;&nbsp; &nbsp;&nbsp;&nbsp;&nbsp;&nbsp;&nbsp;&nbsp;&nbsp;&nbsp;&nbsp;&nbsp;kl.<br \/>\n16:00&nbsp;&nbsp;&nbsp;&nbsp;&nbsp; Messe p\u00e5 <i style=\"mso-bidi-font-style: normal;\">fransk<\/i><\/div>\n<div class=\"MsoNormalCxSpMiddle\">\n&nbsp;&nbsp;&nbsp;&nbsp;&nbsp;&nbsp;&nbsp;&nbsp;&nbsp;&nbsp;&nbsp;&nbsp;&nbsp;&nbsp;&nbsp;&nbsp;&nbsp;&nbsp;&nbsp;&nbsp;&nbsp;&nbsp;&nbsp;&nbsp;&nbsp;&nbsp;&nbsp;&nbsp;&nbsp;&nbsp;&nbsp;&nbsp;&nbsp;&nbsp;kl. 18:00&nbsp;&nbsp;&nbsp;&nbsp;&nbsp; Messe p\u00e5 <i style=\"mso-bidi-font-style: normal;\">polsk<\/i> &nbsp;<\/div>\n<div class=\"MsoNormalCxSpMiddle\">\n&nbsp;&nbsp;&nbsp;&nbsp; <b style=\"mso-bidi-font-weight: normal;\"><i style=\"mso-bidi-font-style: normal;\">&nbsp; &nbsp; &nbsp; &nbsp; &nbsp; &nbsp; &nbsp; &nbsp; &nbsp; &nbsp;&nbsp;<\/i><\/b><b style=\"mso-bidi-font-weight: normal;\"><i style=\"mso-bidi-font-style: normal;\">&nbsp;&nbsp; &nbsp; &nbsp; &nbsp;&nbsp;kl.<br \/>\n14:00 &nbsp;&nbsp;&nbsp; Messe i Lyngdal kapell<\/i><\/b><\/div>\n<div class=\"MsoNormalCxSpMiddle\">\n<b style=\"mso-bidi-font-weight: normal;\"><i style=\"mso-bidi-font-style: normal;\">&nbsp; &nbsp; &nbsp; &nbsp; &nbsp; &nbsp; &nbsp; &nbsp; &nbsp; &nbsp; &nbsp; &nbsp; &nbsp; &nbsp;&nbsp;<\/i><\/b><b style=\"mso-bidi-font-weight: normal;\"><i style=\"mso-bidi-font-style: normal;\">&nbsp; &nbsp; &nbsp;&nbsp;kl.<br \/>\n17:00 &nbsp;&nbsp;&nbsp; Messe i Flekkefjord<\/i><\/b><\/div>\n<div class=\"MsoNormalCxSpMiddle\">\n<\/div>\n<div class=\"MsoNormalCxSpMiddle\">\n<b style=\"mso-bidi-font-weight: normal;\">S<\/b><b style=\"mso-bidi-font-weight: normal;\">\u00f8ndag <\/b><b style=\"mso-bidi-font-weight: normal;\">26\/11<\/b>&nbsp; &nbsp; &nbsp; &nbsp; &nbsp; &nbsp;&nbsp;kl.<br \/>\n09:15&nbsp;&nbsp;&nbsp;&nbsp;&nbsp; Messe p\u00e5 <i style=\"mso-bidi-font-style: normal;\">polsk<\/i> &nbsp;<\/div>\n<div class=\"MsoNormalCxSpMiddle\">\n<i style=\"mso-bidi-font-style: normal;\">&nbsp;&nbsp;&nbsp;&nbsp;&nbsp;&nbsp;&nbsp;&nbsp;&nbsp;&nbsp;&nbsp;&nbsp;&nbsp;&nbsp;&nbsp;&nbsp;&nbsp; <\/i>&nbsp; &nbsp; &nbsp; &nbsp; &nbsp; &nbsp; &nbsp; &nbsp; &nbsp; &nbsp; kl.<br \/>\n11:00&nbsp;&nbsp;&nbsp;&nbsp;&nbsp; H\u00f8ymesse &nbsp;<\/div>\n<div class=\"MsoNormalCxSpMiddle\">\n&nbsp;&nbsp;&nbsp;&nbsp;&nbsp;&nbsp;&nbsp;&nbsp;&nbsp;&nbsp;&nbsp;&nbsp;&nbsp;&nbsp;&nbsp;&nbsp;&nbsp;&nbsp;&nbsp;&nbsp;&nbsp;&nbsp;&nbsp;&nbsp;&nbsp;&nbsp;&nbsp;&nbsp;&nbsp;&nbsp;&nbsp;&nbsp;&nbsp;&nbsp;kl. 13:00&nbsp;&nbsp;&nbsp;&nbsp;&nbsp; Messe p\u00e5 <i style=\"mso-bidi-font-style: normal;\">vietnamesisk<\/i>  &nbsp;&nbsp;&nbsp;&nbsp;&nbsp;&nbsp;&nbsp;&nbsp;&nbsp;&nbsp;&nbsp; <\/div>\n<div class=\"MsoNormalCxSpMiddle\">\n<b style=\"mso-bidi-font-weight: normal;\"><u>__________<\/u><\/b><\/div>\n<div class=\"MsoNormalCxSpMiddle\">\n* <b style=\"mso-bidi-font-weight: normal;\">Unge voksne <\/b>inviterer til bowling s\u00f8ndag 19\/11. Oppm\u00f8te ved<br \/>\nmenighetslokalet&nbsp; &nbsp; &nbsp;&nbsp;<\/div>\n<div class=\"MsoNormalCxSpMiddle\">\n&nbsp; &nbsp;Kiga kl. 18:00! Alle<br \/>\nmellom 18 og 35 \u00e5r er hjertelig<br \/>\nvelkommen!<\/div>\n<div class=\"MsoNormalCxSpMiddle\">\n<\/div>\n<div class=\"MsoNormalCxSpMiddle\">\n* <b style=\"mso-bidi-font-weight: normal;\">Damegruppen<\/b> m\u00f8tes onsdag 22\/11 kl.<br \/>\n16:00 i Kiga.<\/div>\n<div class=\"MsoNormalCxSpMiddle\">\n<\/div>\n<div class=\"MsoNormalCxSpMiddle\">\n* Det<br \/>\ner <b style=\"mso-bidi-font-weight: normal;\">Juniorklubbkveld<\/b> fredag 24\/11<br \/>\nklokka 18:30 i Kiga. Vi skal ha juleverksted og aktivitetskveld.<\/div>\n<div class=\"MsoNormalCxSpMiddle\">\n<\/div>\n<div class=\"MsoNormalCxSpMiddle\">\n* <b style=\"mso-bidi-font-weight: normal;\">SAUL<\/b> har aktivitetskveld fredag 24\/11<br \/>\nkl. 19:00 i Ungdom-kjelleren. <b style=\"mso-bidi-font-weight: normal;\">SAUL er k\u00e5ret<br \/>\ntil \u00e5rets lokallag av NUK. Menigheten gratulerer!<\/b><\/div>\n<div class=\"MsoNormalCxSpMiddle\">\n<b style=\"mso-bidi-font-weight: normal;\"><br \/><\/b><\/div>\n<div class=\"MsoNormalCxSpMiddle\">\n* Vi<br \/>\ntrenger en ny kateket til <b style=\"mso-bidi-font-weight: normal;\">s<\/b><b style=\"mso-bidi-font-weight: normal;\">\u00f8ndagsskolen<\/b>.<br \/>\nKunne det v\u00e6re noe for<br \/>\ndeg? Det er snakk om en s\u00f8ndag i m\u00e5neden der du vil f\u00e5 ansvar for evangelieforklaring for barn. Ta gjerne kontakt med en av oss for \u00e5 f\u00e5 vite mer. Mvh<br \/>\nMarit, Mogens og Christina; (e-post: <u>marit.hunnes@gmail.com<\/u> eller mobnr. 473 84 017).<\/div>\n<div class=\"MsoNormalCxSpMiddle\">\n<\/div>\n<div align=\"center\" class=\"MsoNormalCxSpMiddle\" style=\"text-align: center;\">\n<\/div>\n<p><\/p>\n<div align=\"center\" class=\"MsoNormalCxSpMiddle\" style=\"text-align: center;\">\n<b style=\"mso-bidi-font-weight: normal;\">\u00d8nsker<br \/>\ndere<\/b><b style=\"mso-bidi-font-weight: normal;\"> en riktig god s<\/b><b style=\"mso-bidi-font-weight: normal;\">\u00f8ndag!<\/b><b style=\"mso-bidi-font-weight: normal;\"><\/b><\/div>\n","protected":false},"excerpt":{"rendered":"<p>St. Ansgar menighet KUNNGJ\u00d8RINGER Tirsdag 21\/11&nbsp; &nbsp; &nbsp;&nbsp;kl. 18:00&nbsp;&nbsp;&nbsp;&nbsp; Messe; etterfulgt av sakramentstilbedelse&nbsp;&nbsp;&nbsp;&nbsp;&nbsp;&nbsp;&nbsp;&nbsp;&nbsp;&nbsp;&nbsp;&nbsp; &nbsp;&nbsp;&nbsp;&nbsp;&nbsp;&nbsp;&nbsp;&nbsp;&nbsp;&nbsp;&nbsp;&nbsp;&nbsp;&nbsp;&nbsp;&nbsp;&nbsp;&nbsp;&nbsp;&nbsp;&nbsp;&nbsp;&nbsp;&nbsp;&nbsp;&nbsp;&nbsp;&nbsp;&nbsp;&nbsp;&nbsp;&nbsp;&nbsp;&nbsp;&nbsp;&nbsp;&nbsp;&nbsp;&nbsp;&nbsp;&nbsp;&nbsp;&nbsp;&nbsp;&nbsp; &nbsp; Onsdag 22\/11&nbsp; &nbsp; &nbsp; &nbsp; &nbsp;kl. 18:00&nbsp;&nbsp;&nbsp;&nbsp;&nbsp; Messe Torsdag 23\/11 &nbsp; &nbsp; &nbsp; &nbsp;&nbsp;kl. 11:00&nbsp;&nbsp;&nbsp;&nbsp;&nbsp; Messe; etterfulgt av felles lunsj i Kiga &nbsp; &nbsp; &nbsp;&#8230;<br \/><a class=\"read-more-button\" href=\"https:\/\/stansgar.katolsk.no\/?p=163\">Read more<\/a><\/p>\n","protected":false},"author":3,"featured_media":1711,"comment_status":"open","ping_status":"open","sticky":false,"template":"","format":"standard","meta":{"footnotes":""},"categories":[1],"tags":[3],"class_list":["post-163","post","type-post","status-publish","format-standard","has-post-thumbnail","hentry","category-ukategorisert","tag-kunngjoringer"],"_links":{"self":[{"href":"https:\/\/stansgar.katolsk.no\/index.php?rest_route=\/wp\/v2\/posts\/163","targetHints":{"allow":["GET"]}}],"collection":[{"href":"https:\/\/stansgar.katolsk.no\/index.php?rest_route=\/wp\/v2\/posts"}],"about":[{"href":"https:\/\/stansgar.katolsk.no\/index.php?rest_route=\/wp\/v2\/types\/post"}],"author":[{"embeddable":true,"href":"https:\/\/stansgar.katolsk.no\/index.php?rest_route=\/wp\/v2\/users\/3"}],"replies":[{"embeddable":true,"href":"https:\/\/stansgar.katolsk.no\/index.php?rest_route=%2Fwp%2Fv2%2Fcomments&post=163"}],"version-history":[{"count":1,"href":"https:\/\/stansgar.katolsk.no\/index.php?rest_route=\/wp\/v2\/posts\/163\/revisions"}],"predecessor-version":[{"id":1712,"href":"https:\/\/stansgar.katolsk.no\/index.php?rest_route=\/wp\/v2\/posts\/163\/revisions\/1712"}],"wp:featuredmedia":[{"embeddable":true,"href":"https:\/\/stansgar.katolsk.no\/index.php?rest_route=\/wp\/v2\/media\/1711"}],"wp:attachment":[{"href":"https:\/\/stansgar.katolsk.no\/index.php?rest_route=%2Fwp%2Fv2%2Fmedia&parent=163"}],"wp:term":[{"taxonomy":"category","embeddable":true,"href":"https:\/\/stansgar.katolsk.no\/index.php?rest_route=%2Fwp%2Fv2%2Fcategories&post=163"},{"taxonomy":"post_tag","embeddable":true,"href":"https:\/\/stansgar.katolsk.no\/index.php?rest_route=%2Fwp%2Fv2%2Ftags&post=163"}],"curies":[{"name":"wp","href":"https:\/\/api.w.org\/{rel}","templated":true}]}}