{"id":158,"date":"2017-12-10T13:57:00","date_gmt":"2017-12-10T12:57:00","guid":{"rendered":"http:\/\/stansgar.katolsk.no\/index.php\/2017\/12\/10\/kunngjringer-1012\/"},"modified":"2018-10-12T09:12:19","modified_gmt":"2018-10-12T07:12:19","slug":"kunngjringer-1012","status":"publish","type":"post","link":"https:\/\/stansgar.katolsk.no\/?p=158","title":{"rendered":"Kunngj\u00f8ringer 10.12"},"content":{"rendered":"<div class=\"MsoNormalCxSpFirst\">\n<\/div>\n<div class=\"MsoNormalCxSpMiddle\">\n<b style=\"mso-bidi-font-weight: normal;\">Tirsdag 12\/12&nbsp;&nbsp;&nbsp;&nbsp;&nbsp; <\/b>kl. 18:00&nbsp;&nbsp;&nbsp;&nbsp; Messe<br \/>\n&#8211; <i style=\"mso-bidi-font-style: normal;\">etterfulgt av <\/i><i style=\"mso-bidi-font-style: normal;\">sakramentstilbedelse<\/i><\/div>\n<div class=\"MsoNormalCxSpMiddle\">\n&nbsp;&nbsp;&nbsp;&nbsp;&nbsp;&nbsp;&nbsp;&nbsp;&nbsp;&nbsp;&nbsp;&nbsp;&nbsp;&nbsp;&nbsp;&nbsp;&nbsp;&nbsp;&nbsp;&nbsp;&nbsp;&nbsp;&nbsp;&nbsp;&nbsp;&nbsp;&nbsp;&nbsp;&nbsp;&nbsp;&nbsp;&nbsp;&nbsp;&nbsp;&nbsp;&nbsp;&nbsp;&nbsp;&nbsp;&nbsp;&nbsp;&nbsp;&nbsp; <i style=\"mso-bidi-font-style: normal;\">&nbsp;&nbsp;&nbsp;&nbsp;&nbsp;&nbsp;&nbsp;&nbsp;&nbsp;&nbsp;&nbsp;&nbsp;&nbsp;&nbsp;&nbsp;&nbsp;&nbsp; <\/i>&nbsp;<i style=\"mso-bidi-font-style: normal;\">&nbsp;&nbsp;&nbsp;&nbsp;&nbsp;&nbsp;&nbsp;&nbsp;&nbsp;&nbsp;&nbsp;&nbsp;&nbsp;&nbsp;&nbsp;&nbsp;&nbsp;&nbsp;&nbsp;&nbsp;&nbsp;&nbsp;&nbsp;&nbsp;&nbsp;&nbsp;&nbsp;&nbsp;&nbsp;&nbsp;&nbsp;&nbsp;&nbsp; <\/i><i style=\"mso-bidi-font-style: normal;\">&nbsp;<\/i><\/div>\n<div class=\"MsoNormalCxSpMiddle\">\n<b style=\"mso-bidi-font-weight: normal;\">Onsdag 13\/12&nbsp; &nbsp; &nbsp;&nbsp;<\/b>kl.<b style=\"mso-bidi-font-weight: normal;\"> <\/b>18:00&nbsp;&nbsp;&nbsp;&nbsp; Messe<\/div>\n<div class=\"MsoNormalCxSpMiddle\">\n<\/div>\n<div class=\"MsoNormalCxSpMiddle\">\n<b style=\"mso-bidi-font-weight: normal;\">Torsdag 14\/12<\/b> &nbsp;&nbsp;&nbsp; kl. 11:00&nbsp;&nbsp;&nbsp;&nbsp; Messe <i style=\"mso-bidi-font-style: normal;\">&#8211; etterfulgt av felles lunsj i Kiga<\/i><\/div>\n<div class=\"MsoNormalCxSpMiddle\">\n&nbsp; &nbsp; &nbsp; &nbsp; &nbsp; &nbsp; &nbsp; &nbsp; &nbsp; &nbsp; &nbsp; &nbsp; &nbsp; &nbsp; &nbsp;kl. 18:00&nbsp;&nbsp;&nbsp;&nbsp; Messe<b style=\"mso-bidi-font-weight: normal;\"><i style=\"mso-bidi-font-style: normal;\"><\/i><\/b><\/div>\n<div class=\"MsoNormalCxSpMiddle\">\n<\/div>\n<div class=\"MsoNormalCxSpMiddle\">\n<b style=\"mso-bidi-font-weight: normal;\">Fredag 15\/12<\/b> &nbsp;&nbsp;&nbsp;&nbsp;&nbsp; <b style=\"mso-bidi-font-weight: normal;\">kl.<br \/>\n18:00<\/b>&nbsp;&nbsp;&nbsp;&nbsp; Messe<\/div>\n<div class=\"MsoNormalCxSpMiddle\">\n&nbsp;&nbsp;&nbsp;&nbsp;&nbsp;&nbsp;&nbsp;&nbsp; &nbsp;&nbsp;&nbsp;&nbsp;&nbsp;&nbsp;&nbsp;&nbsp;&nbsp;&nbsp;&nbsp;&nbsp;&nbsp;&nbsp;&nbsp;&nbsp;&nbsp; <\/div>\n<div class=\"MsoNormalCxSpMiddle\">\n<b style=\"mso-bidi-font-weight: normal;\">L<\/b><b style=\"mso-bidi-font-weight: normal;\">\u00f8rdag<br \/>\n16<\/b><b style=\"mso-bidi-font-weight: normal;\">\/12<\/b>&nbsp;&nbsp;&nbsp;&nbsp;&nbsp; kl.<br \/>\n13:00&nbsp;&nbsp;&nbsp;&nbsp; Messe<\/div>\n<div class=\"MsoNormalCxSpMiddle\">\n&nbsp; &nbsp; &nbsp; &nbsp; &nbsp; &nbsp; &nbsp; &nbsp; &nbsp; &nbsp; &nbsp; &nbsp; &nbsp; &nbsp; &nbsp;kl. 14:00&nbsp;&nbsp;&nbsp;&nbsp; Messe p\u00e5 spansk<\/div>\n<div class=\"MsoNormalCxSpMiddle\">\n&nbsp; &nbsp; &nbsp; &nbsp; &nbsp; &nbsp; &nbsp; &nbsp; &nbsp; &nbsp; &nbsp; &nbsp; &nbsp; &nbsp; &nbsp;NB!&nbsp;&nbsp;&nbsp; kl. 15:00&nbsp;&nbsp;&nbsp;&nbsp; Messe<br \/>\np\u00e5 Stella Maris i Mandal&nbsp;&nbsp;&nbsp;&nbsp;&nbsp; <\/div>\n<div class=\"MsoNormalCxSpMiddle\">\n&nbsp; &nbsp; &nbsp; &nbsp; &nbsp; &nbsp; &nbsp; &nbsp; &nbsp; &nbsp; &nbsp; &nbsp; &nbsp; &nbsp; &nbsp;kl. 18:00&nbsp;&nbsp;&nbsp;&nbsp; Messe p\u00e5 <i style=\"mso-bidi-font-style: normal;\">polsk<\/i> &nbsp;<\/div>\n<div class=\"MsoNormalCxSpMiddle\">\n<\/div>\n<div class=\"MsoNormalCxSpMiddle\">\n<b style=\"mso-bidi-font-weight: normal;\">S<\/b><b style=\"mso-bidi-font-weight: normal;\">\u00f8ndag<br \/>\n17<\/b><b style=\"mso-bidi-font-weight: normal;\">\/12<\/b>&nbsp;&nbsp;&nbsp;&nbsp; kl. 09:15&nbsp;&nbsp;&nbsp;&nbsp; Messe p\u00e5 <i style=\"mso-bidi-font-style: normal;\">polsk<\/i> &nbsp;<\/div>\n<div class=\"MsoNormalCxSpMiddle\">\n<i style=\"mso-bidi-font-style: normal;\">&nbsp;&nbsp;&nbsp;&nbsp;&nbsp;&nbsp;&nbsp;&nbsp; <\/i>&nbsp; &nbsp; &nbsp; &nbsp; &nbsp; &nbsp; &nbsp; &nbsp; &nbsp; &nbsp;kl.<br \/>\n11:00&nbsp;&nbsp;&nbsp;&nbsp; H\u00f8ymesse &nbsp;<\/div>\n<div class=\"MsoNormalCxSpMiddle\">\n&nbsp; &nbsp; &nbsp; &nbsp; &nbsp; &nbsp; &nbsp; &nbsp; &nbsp; &nbsp; &nbsp; &nbsp; &nbsp; &nbsp;&nbsp;kl. 13:00&nbsp;&nbsp;&nbsp;&nbsp; Messe p\u00e5 <i style=\"mso-bidi-font-style: normal;\">vietnamesisk<\/i> <\/div>\n<div class=\"MsoNormalCxSpMiddle\">\n<\/div>\n<div class=\"MsoNormalCxSpMiddle\">\n<b style=\"mso-bidi-font-weight: normal;\"><u>__________<\/u><\/b><\/div>\n<div class=\"MsoNormalCxSpMiddle\">\n<\/div>\n<div class=\"MsoNormalCxSpMiddle\">\n<\/div>\n<div class=\"MsoNormalCxSpMiddle\">\n*<br \/>\nDet selges fra <b style=\"mso-bidi-font-weight: normal;\">bokskapet<\/b><br \/>\ns\u00f8ndager f\u00f8r jul: b\u00f8ker, s\u00e5per og kremer fra Tautra og litt kort og lys.<\/div>\n<div class=\"MsoNormalCxSpMiddle\">\n*<br \/>\n<b style=\"mso-bidi-font-weight: normal;\">SAUL<\/b> har aktivitetskveld fredag 15\/12<br \/>\nfra kl. 19:00 i Ungdomskjelleren.<\/div>\n<div class=\"MsoNormalCxSpMiddle\">\n*<br \/>\nInntektene fra kirkekaffe i advent g\u00e5r til \u00e5rets<b style=\"mso-bidi-font-weight: normal;\"> Adventsaksjon.<\/b><\/div>\n<div class=\"MsoNormalCxSpMiddle\">\n<\/div>\n<div class=\"MsoNormalCxSpMiddle\">\n<b style=\"mso-bidi-font-weight: normal;\">&nbsp;&nbsp;<\/b><\/div>\n","protected":false},"excerpt":{"rendered":"<p>Tirsdag 12\/12&nbsp;&nbsp;&nbsp;&nbsp;&nbsp; kl. 18:00&nbsp;&nbsp;&nbsp;&nbsp; Messe &#8211; etterfulgt av sakramentstilbedelse &nbsp;&nbsp;&nbsp;&nbsp;&nbsp;&nbsp;&nbsp;&nbsp;&nbsp;&nbsp;&nbsp;&nbsp;&nbsp;&nbsp;&nbsp;&nbsp;&nbsp;&nbsp;&nbsp;&nbsp;&nbsp;&nbsp;&nbsp;&nbsp;&nbsp;&nbsp;&nbsp;&nbsp;&nbsp;&nbsp;&nbsp;&nbsp;&nbsp;&nbsp;&nbsp;&nbsp;&nbsp;&nbsp;&nbsp;&nbsp;&nbsp;&nbsp;&nbsp; &nbsp;&nbsp;&nbsp;&nbsp;&nbsp;&nbsp;&nbsp;&nbsp;&nbsp;&nbsp;&nbsp;&nbsp;&nbsp;&nbsp;&nbsp;&nbsp;&nbsp; &nbsp;&nbsp;&nbsp;&nbsp;&nbsp;&nbsp;&nbsp;&nbsp;&nbsp;&nbsp;&nbsp;&nbsp;&nbsp;&nbsp;&nbsp;&nbsp;&nbsp;&nbsp;&nbsp;&nbsp;&nbsp;&nbsp;&nbsp;&nbsp;&nbsp;&nbsp;&nbsp;&nbsp;&nbsp;&nbsp;&nbsp;&nbsp;&nbsp;&nbsp; &nbsp; Onsdag 13\/12&nbsp; &nbsp; &nbsp;&nbsp;kl. 18:00&nbsp;&nbsp;&nbsp;&nbsp; Messe Torsdag 14\/12 &nbsp;&nbsp;&nbsp; kl. 11:00&nbsp;&nbsp;&nbsp;&nbsp; Messe &#8211; etterfulgt av felles lunsj i Kiga &nbsp; &nbsp; &nbsp; &nbsp; &nbsp; &nbsp; &nbsp; &nbsp;&#8230;<br \/><a class=\"read-more-button\" href=\"https:\/\/stansgar.katolsk.no\/?p=158\">Read more<\/a><\/p>\n","protected":false},"author":3,"featured_media":0,"comment_status":"open","ping_status":"open","sticky":false,"template":"","format":"standard","meta":{"footnotes":""},"categories":[1],"tags":[3],"class_list":["post-158","post","type-post","status-publish","format-standard","hentry","category-ukategorisert","tag-kunngjoringer"],"_links":{"self":[{"href":"https:\/\/stansgar.katolsk.no\/index.php?rest_route=\/wp\/v2\/posts\/158","targetHints":{"allow":["GET"]}}],"collection":[{"href":"https:\/\/stansgar.katolsk.no\/index.php?rest_route=\/wp\/v2\/posts"}],"about":[{"href":"https:\/\/stansgar.katolsk.no\/index.php?rest_route=\/wp\/v2\/types\/post"}],"author":[{"embeddable":true,"href":"https:\/\/stansgar.katolsk.no\/index.php?rest_route=\/wp\/v2\/users\/3"}],"replies":[{"embeddable":true,"href":"https:\/\/stansgar.katolsk.no\/index.php?rest_route=%2Fwp%2Fv2%2Fcomments&post=158"}],"version-history":[{"count":1,"href":"https:\/\/stansgar.katolsk.no\/index.php?rest_route=\/wp\/v2\/posts\/158\/revisions"}],"predecessor-version":[{"id":1694,"href":"https:\/\/stansgar.katolsk.no\/index.php?rest_route=\/wp\/v2\/posts\/158\/revisions\/1694"}],"wp:attachment":[{"href":"https:\/\/stansgar.katolsk.no\/index.php?rest_route=%2Fwp%2Fv2%2Fmedia&parent=158"}],"wp:term":[{"taxonomy":"category","embeddable":true,"href":"https:\/\/stansgar.katolsk.no\/index.php?rest_route=%2Fwp%2Fv2%2Fcategories&post=158"},{"taxonomy":"post_tag","embeddable":true,"href":"https:\/\/stansgar.katolsk.no\/index.php?rest_route=%2Fwp%2Fv2%2Ftags&post=158"}],"curies":[{"name":"wp","href":"https:\/\/api.w.org\/{rel}","templated":true}]}}