{"id":152,"date":"2017-12-19T19:21:00","date_gmt":"2017-12-19T18:21:00","guid":{"rendered":"http:\/\/stansgar.katolsk.no\/index.php\/2017\/12\/19\/o-radix-jesse\/"},"modified":"2018-10-12T09:12:19","modified_gmt":"2018-10-12T07:12:19","slug":"o-radix-jesse","status":"publish","type":"post","link":"https:\/\/stansgar.katolsk.no\/?p=152","title":{"rendered":"O radix Jesse"},"content":{"rendered":"<div class=\"separator\" style=\"clear: both; text-align: center;\">\n<iframe loading=\"lazy\" width=\"320\" height=\"266\" class=\"YOUTUBE-iframe-video\" data-thumbnail-src=\"https:\/\/i.ytimg.com\/vi\/kGRLFJwLJSM\/0.jpg\" src=\"https:\/\/www.youtube.com\/embed\/kGRLFJwLJSM?feature=player_embedded\" frameborder=\"0\" allowfullscreen><\/iframe><\/div>\n<p>O Radix Jesse, qui stas in signum populorum,super quem continebunt reges os suum,quem Gentes deprecabuntur:veni ad liberandum nos, jam noli tardare.<br \/>O radix Jesse. \u00c5 skudd p\u00e5 Jesse rot, underfulle tegn for alle folkeslag.&nbsp;Konger skal tie n\u00e5r du taler,&nbsp;og folkeslag skal b\u00f8ye kne.<i><br \/><\/i><i>Kom Herre, frels oss! Vent ikke lenger! Ha miskunn med ditt folk.<\/i><i><br \/><\/i><i>mer info&nbsp;<\/i><a href=\"http:\/\/stansgar.katolsk.no\/index.php\/2011\/12\/17\/o-antifonene-siste-uke-i-adven-2\/\">her<\/a> <\/p>\n","protected":false},"excerpt":{"rendered":"<p>O Radix Jesse, qui stas in signum populorum,super quem continebunt reges os suum,quem Gentes deprecabuntur:veni ad liberandum nos, jam noli tardare.O radix Jesse. \u00c5 skudd p\u00e5 Jesse rot, underfulle tegn for alle folkeslag.&nbsp;Konger skal tie n\u00e5r du taler,&nbsp;og folkeslag skal&#8230;<br \/><a class=\"read-more-button\" href=\"https:\/\/stansgar.katolsk.no\/?p=152\">Read more<\/a><\/p>\n","protected":false},"author":3,"featured_media":1682,"comment_status":"open","ping_status":"open","sticky":false,"template":"","format":"standard","meta":{"footnotes":""},"categories":[1],"tags":[46,47],"class_list":["post-152","post","type-post","status-publish","format-standard","has-post-thumbnail","hentry","category-ukategorisert","tag-advent","tag-o-antifonene"],"_links":{"self":[{"href":"https:\/\/stansgar.katolsk.no\/index.php?rest_route=\/wp\/v2\/posts\/152","targetHints":{"allow":["GET"]}}],"collection":[{"href":"https:\/\/stansgar.katolsk.no\/index.php?rest_route=\/wp\/v2\/posts"}],"about":[{"href":"https:\/\/stansgar.katolsk.no\/index.php?rest_route=\/wp\/v2\/types\/post"}],"author":[{"embeddable":true,"href":"https:\/\/stansgar.katolsk.no\/index.php?rest_route=\/wp\/v2\/users\/3"}],"replies":[{"embeddable":true,"href":"https:\/\/stansgar.katolsk.no\/index.php?rest_route=%2Fwp%2Fv2%2Fcomments&post=152"}],"version-history":[{"count":2,"href":"https:\/\/stansgar.katolsk.no\/index.php?rest_route=\/wp\/v2\/posts\/152\/revisions"}],"predecessor-version":[{"id":3695,"href":"https:\/\/stansgar.katolsk.no\/index.php?rest_route=\/wp\/v2\/posts\/152\/revisions\/3695"}],"wp:featuredmedia":[{"embeddable":true,"href":"https:\/\/stansgar.katolsk.no\/index.php?rest_route=\/wp\/v2\/media\/1682"}],"wp:attachment":[{"href":"https:\/\/stansgar.katolsk.no\/index.php?rest_route=%2Fwp%2Fv2%2Fmedia&parent=152"}],"wp:term":[{"taxonomy":"category","embeddable":true,"href":"https:\/\/stansgar.katolsk.no\/index.php?rest_route=%2Fwp%2Fv2%2Fcategories&post=152"},{"taxonomy":"post_tag","embeddable":true,"href":"https:\/\/stansgar.katolsk.no\/index.php?rest_route=%2Fwp%2Fv2%2Ftags&post=152"}],"curies":[{"name":"wp","href":"https:\/\/api.w.org\/{rel}","templated":true}]}}