{"id":147,"date":"2017-12-24T11:17:00","date_gmt":"2017-12-24T10:17:00","guid":{"rendered":"http:\/\/stansgar.katolsk.no\/index.php\/2017\/12\/24\/program-for-de-viktigste-juledagene\/"},"modified":"2018-10-12T09:12:19","modified_gmt":"2018-10-12T07:12:19","slug":"program-for-de-viktigste-juledagene","status":"publish","type":"post","link":"https:\/\/stansgar.katolsk.no\/?p=147","title":{"rendered":"Program for de viktigste juledagene"},"content":{"rendered":"<p><b>4. s\u00f8ndag i advent &#8211; 24. desember<\/b><br \/>\nkl. 09.15 Messe p\u00e5 polsk<br \/>\nkl. 11.00 H\u00f8ymesse<br \/>\n<a href=\"http:\/\/www.santiebeati.it\/immagini\/Original\/20650\/20650C.JPG\" imageanchor=\"1\" style=\"clear: right; float: right; margin-bottom: 1em; margin-left: 1em;\"><img loading=\"lazy\" decoding=\"async\" border=\"0\" src=\"http:\/\/www.santiebeati.it\/immagini\/Original\/20650\/20650C.JPG\" height=\"400\" width=\"171\" \/><\/a>kl. 13.00 Messe p\u00e5 vietnamesisk<\/p>\n<p><b>Julaften<\/b><br \/>\nkl. 15.00 Barnemesse<br \/>\nkl. 23.00 Midnattsmesse<\/p>\n<p><b>Juledagen, mandag 25. desember &nbsp; &nbsp; &nbsp; &nbsp; &nbsp; &nbsp; &nbsp; &nbsp; &nbsp; &nbsp; &nbsp; &nbsp; &nbsp; &nbsp; &nbsp; &nbsp; &nbsp; &nbsp; &nbsp; &nbsp; &nbsp; &nbsp; &nbsp; &nbsp; &nbsp; &nbsp; &nbsp;<\/b><br \/>\nkl. &nbsp;9.15 Messe p\u00e5 polsk<br \/>\nkl. 11.00 Juledagens H\u00f8ymesse<br \/>\nkl. 13.00 Messe p\u00e5 vietnamesisk<br \/>\nkl. 14.00 Messe p\u00e5 Stella Maris i Mandal<\/p>\n<p>\n<b>2. juledag, tirsdag 26. desember<\/b><br \/>\n(Den hellige Stefan)<br \/>\nkl. 09.15 Messe p\u00e5 polsk<br \/>\nkl. 11.00 H\u00f8ymesse<br \/>\nkl. 14.00 Messe p\u00e5 Lyngdal kirkesenter<br \/>\nkl. 15.00 Messe p\u00e5 polsk p\u00e5 Stella Maris, Mandal<\/p>\n<p><b><i>NB messen i Flekkefjord er avlyst<\/i><\/b><br \/>\n<b><i><br \/><\/i><\/b><br \/>\nJulens \u00f8vrige program finnes&nbsp;<a href=\"http:\/\/stansgar.katolsk.no\/index.php\/2017\/12\/17\/julen-2017-i-st-ansgar\/\" target=\"_blank\">her<\/a><\/p>\n","protected":false},"excerpt":{"rendered":"<p>4. s\u00f8ndag i advent &#8211; 24. desember kl. 09.15 Messe p\u00e5 polsk kl. 11.00 H\u00f8ymesse kl. 13.00 Messe p\u00e5 vietnamesisk Julaften kl. 15.00 Barnemesse kl. 23.00 Midnattsmesse Juledagen, mandag 25. desember &nbsp; &nbsp; &nbsp; &nbsp; &nbsp; &nbsp; &nbsp; &nbsp; &nbsp;&#8230;<br \/><a class=\"read-more-button\" href=\"https:\/\/stansgar.katolsk.no\/?p=147\">Read more<\/a><\/p>\n","protected":false},"author":3,"featured_media":1672,"comment_status":"open","ping_status":"open","sticky":false,"template":"","format":"standard","meta":{"footnotes":""},"categories":[1],"tags":[45],"class_list":["post-147","post","type-post","status-publish","format-standard","has-post-thumbnail","hentry","category-ukategorisert","tag-jul"],"_links":{"self":[{"href":"https:\/\/stansgar.katolsk.no\/index.php?rest_route=\/wp\/v2\/posts\/147","targetHints":{"allow":["GET"]}}],"collection":[{"href":"https:\/\/stansgar.katolsk.no\/index.php?rest_route=\/wp\/v2\/posts"}],"about":[{"href":"https:\/\/stansgar.katolsk.no\/index.php?rest_route=\/wp\/v2\/types\/post"}],"author":[{"embeddable":true,"href":"https:\/\/stansgar.katolsk.no\/index.php?rest_route=\/wp\/v2\/users\/3"}],"replies":[{"embeddable":true,"href":"https:\/\/stansgar.katolsk.no\/index.php?rest_route=%2Fwp%2Fv2%2Fcomments&post=147"}],"version-history":[{"count":2,"href":"https:\/\/stansgar.katolsk.no\/index.php?rest_route=\/wp\/v2\/posts\/147\/revisions"}],"predecessor-version":[{"id":3691,"href":"https:\/\/stansgar.katolsk.no\/index.php?rest_route=\/wp\/v2\/posts\/147\/revisions\/3691"}],"wp:featuredmedia":[{"embeddable":true,"href":"https:\/\/stansgar.katolsk.no\/index.php?rest_route=\/wp\/v2\/media\/1672"}],"wp:attachment":[{"href":"https:\/\/stansgar.katolsk.no\/index.php?rest_route=%2Fwp%2Fv2%2Fmedia&parent=147"}],"wp:term":[{"taxonomy":"category","embeddable":true,"href":"https:\/\/stansgar.katolsk.no\/index.php?rest_route=%2Fwp%2Fv2%2Fcategories&post=147"},{"taxonomy":"post_tag","embeddable":true,"href":"https:\/\/stansgar.katolsk.no\/index.php?rest_route=%2Fwp%2Fv2%2Ftags&post=147"}],"curies":[{"name":"wp","href":"https:\/\/api.w.org\/{rel}","templated":true}]}}