{"id":138,"date":"2018-02-09T14:43:00","date_gmt":"2018-02-09T13:43:00","guid":{"rendered":"http:\/\/stansgar.katolsk.no\/index.php\/2018\/02\/09\/nyheter-fra-okb\/"},"modified":"2018-10-12T09:12:18","modified_gmt":"2018-10-12T07:12:18","slug":"nyheter-fra-okb","status":"publish","type":"post","link":"https:\/\/stansgar.katolsk.no\/?p=138","title":{"rendered":"Nyheter fra OKB"},"content":{"rendered":"<h4 style=\"background-color: #fcfcfc; box-sizing: border-box; color: #1f1f1f; font-family: &quot;Open Sans Condensed&quot;; font-size: 18px; line-height: 1.1; margin-bottom: 10px; margin-top: 10px;\">\n<strong style=\"box-sizing: border-box;\">Biskop Bernt I. Eidsvig Can.Reg av Oslo har etter konsultasjon med Konsultorkollegiet f\u00f8lgende kunngj\u00f8ringer:<br style=\"box-sizing: border-box;\" \/><\/strong><\/h4>\n<div style=\"background-color: #fcfcfc; box-sizing: border-box; color: #1f1f1f; font-family: &quot;Open Sans&quot;; font-size: 14px; margin-bottom: 10px;\">\nP.&nbsp;<a data-linktype=\"internal\" data-val=\"18dd98d7a6b75a9c9de634c1b5c08444\" href=\"http:\/\/www.katolsk.no\/biografier\/innenriks\/feikenes\" style=\"background: transparent; box-sizing: border-box; color: #4d4d4d;\">Frode Eikenes<\/a>&nbsp;l\u00f8ses fra stillingen som sogneprest i&nbsp;<a data-linktype=\"internal\" data-val=\"2627c55bca239014223c2875ed9a8fdc\" href=\"http:\/\/www.katolsk.no\/organisasjon\/okb\/Kristiansand\" style=\"background: transparent; box-sizing: border-box; color: #4d4d4d;\">St. Ansgar menighet i Kristiansand<\/a>, og utnevnes til sogneprest for&nbsp;<a data-linktype=\"internal\" data-val=\"de872d62829f4313bea568f12f4032fb\" href=\"http:\/\/www.katolsk.no\/organisasjon\/okb\/Eikeli\" style=\"background: transparent; box-sizing: border-box; color: #4d4d4d;\">St. Elisabeth menighet p\u00e5 Eikeli.<\/a><\/div>\n<div style=\"background-color: #fcfcfc; box-sizing: border-box; color: #1f1f1f; font-family: &quot;Open Sans&quot;; font-size: 14px; margin-bottom: 10px;\">\nP.&nbsp;<a data-linktype=\"internal\" data-val=\"3528c10d2ade1fcaf7abde113920d59c\" href=\"http:\/\/www.katolsk.no\/biografier\/innenriks\/ltien\" style=\"background: transparent; box-sizing: border-box; color: #4d4d4d;\">Louis Dang Quang Tien<\/a>&nbsp;l\u00f8ses fra stillingen som sogneadministrator i St. Elisabeth menighet p\u00e5 Eikeli, og utnevnes til sogneadministrator i St. Ansgar menighet i Kristiansand, samt med ansvar for vietnamesisk sjelesorg.<\/div>\n<div style=\"background-color: #fcfcfc; box-sizing: border-box; color: #1f1f1f; font-family: &quot;Open Sans&quot;; font-size: 14px; margin-bottom: 10px;\">\nP.&nbsp;<a data-linktype=\"internal\" data-val=\"7571c72a642283f93271e7ebab2402cd\" href=\"http:\/\/www.katolsk.no\/biografier\/innenriks\/ntuanvan\" style=\"background: transparent; box-sizing: border-box; color: #4d4d4d;\">Peter Nguyen Van<\/a>&nbsp;l\u00f8ses fra stillingen som kapellan i St. Ansgar menighet i Kristiansand, og vil overta andre forpliktelser.<\/div>\n<div style=\"background-color: #fcfcfc; box-sizing: border-box; color: #1f1f1f; font-family: &quot;Open Sans&quot;; font-size: 14px; margin-bottom: 10px;\">\n<\/div>\n<div style=\"background-color: #fcfcfc; box-sizing: border-box; color: #1f1f1f; font-family: &quot;Open Sans&quot;; font-size: 14px; margin-bottom: 10px;\">\nse kunngj\u00f8ringen&nbsp;<a href=\"http:\/\/www.katolsk.no\/nyheter\/2018\/02\/kunngjoringer-i-oslo-katolske-bispedomme\" target=\"_blank\">her<\/a><\/div>\n<div style=\"background-color: #fcfcfc; box-sizing: border-box; color: #1f1f1f; font-family: &quot;Open Sans&quot;; font-size: 14px; margin-bottom: 10px;\">\n<\/div>\n<div style=\"background-color: #fcfcfc; box-sizing: border-box; color: #1f1f1f; font-family: &quot;Open Sans&quot;; font-size: 14px; margin-bottom: 10px;\">\nTidspunkt for endringene kommer senere.<\/div>\n<div style=\"background-color: #fcfcfc; box-sizing: border-box; color: #1f1f1f; font-family: &quot;Open Sans&quot;; font-size: 14px; margin-bottom: 10px;\">\n<b>Hjertelig takk til p. Frode og p. Van for trofast tjeneste, og velkommen til p. Louis Tien!&nbsp;<\/b><\/div>\n<div>\n<\/div>\n","protected":false},"excerpt":{"rendered":"<p>Biskop Bernt I. Eidsvig Can.Reg av Oslo har etter konsultasjon med Konsultorkollegiet f\u00f8lgende kunngj\u00f8ringer: P.&nbsp;Frode Eikenes&nbsp;l\u00f8ses fra stillingen som sogneprest i&nbsp;St. Ansgar menighet i Kristiansand, og utnevnes til sogneprest for&nbsp;St. Elisabeth menighet p\u00e5 Eikeli. P.&nbsp;Louis Dang Quang Tien&nbsp;l\u00f8ses fra stillingen&#8230;<br \/><a class=\"read-more-button\" href=\"https:\/\/stansgar.katolsk.no\/?p=138\">Read more<\/a><\/p>\n","protected":false},"author":3,"featured_media":0,"comment_status":"open","ping_status":"open","sticky":false,"template":"","format":"standard","meta":{"footnotes":""},"categories":[1],"tags":[37],"class_list":["post-138","post","type-post","status-publish","format-standard","hentry","category-ukategorisert","tag-prestene"],"_links":{"self":[{"href":"https:\/\/stansgar.katolsk.no\/index.php?rest_route=\/wp\/v2\/posts\/138","targetHints":{"allow":["GET"]}}],"collection":[{"href":"https:\/\/stansgar.katolsk.no\/index.php?rest_route=\/wp\/v2\/posts"}],"about":[{"href":"https:\/\/stansgar.katolsk.no\/index.php?rest_route=\/wp\/v2\/types\/post"}],"author":[{"embeddable":true,"href":"https:\/\/stansgar.katolsk.no\/index.php?rest_route=\/wp\/v2\/users\/3"}],"replies":[{"embeddable":true,"href":"https:\/\/stansgar.katolsk.no\/index.php?rest_route=%2Fwp%2Fv2%2Fcomments&post=138"}],"version-history":[{"count":1,"href":"https:\/\/stansgar.katolsk.no\/index.php?rest_route=\/wp\/v2\/posts\/138\/revisions"}],"predecessor-version":[{"id":1660,"href":"https:\/\/stansgar.katolsk.no\/index.php?rest_route=\/wp\/v2\/posts\/138\/revisions\/1660"}],"wp:attachment":[{"href":"https:\/\/stansgar.katolsk.no\/index.php?rest_route=%2Fwp%2Fv2%2Fmedia&parent=138"}],"wp:term":[{"taxonomy":"category","embeddable":true,"href":"https:\/\/stansgar.katolsk.no\/index.php?rest_route=%2Fwp%2Fv2%2Fcategories&post=138"},{"taxonomy":"post_tag","embeddable":true,"href":"https:\/\/stansgar.katolsk.no\/index.php?rest_route=%2Fwp%2Fv2%2Ftags&post=138"}],"curies":[{"name":"wp","href":"https:\/\/api.w.org\/{rel}","templated":true}]}}