{"id":1321,"date":"2010-11-25T12:19:00","date_gmt":"2010-11-25T11:19:00","guid":{"rendered":"http:\/\/stansgar.katolsk.no\/index.php\/2010\/11\/25\/adventsaksjonen-saul-og-caritas\/"},"modified":"2018-10-12T09:13:20","modified_gmt":"2018-10-12T07:13:20","slug":"adventsaksjonen-saul-og-caritas","status":"publish","type":"post","link":"https:\/\/stansgar.katolsk.no\/?p=1321","title":{"rendered":"Adventsaksjonen &#8211; SAUL og Caritas"},"content":{"rendered":"<p><a href=\"http:\/\/4.bp.blogspot.com\/_DXLElHuxREk\/TO5WCSva5iI\/AAAAAAAADTs\/gk3DhvKelVU\/s1600\/adventsaksjonen.jpg\"><img decoding=\"async\" style=\"TEXT-ALIGN: center; MARGIN: 0px auto 10px; WIDTH: 369px; DISPLAY: block; HEIGHT: 108px; CURSOR: hand\" id=\"BLOGGER_PHOTO_ID_5543462788730119714\" border=\"0\" alt=\"\" src=\"http:\/\/stansgar.katolsk.no\/wp-content\/uploads\/2010\/11\/adventsaksjonen.jpg\" \/><\/a><\/p>\n<p>Onsdag 1.12.10 startes \u00e5rets lokale adventsaksjon med et adventstreff i menighetslokalet kl. 18.30. Som vanlig st\u00f8tter Caritas og NUK hverandre i dette arbeidet, hvor pengene i \u00e5r g\u00e5r til hjelpearbeid p\u00e5 Haiti. Alle er velkommen til treffet, der det blir presentasjon av aksjonen, mat(alle tar med til felles bord) og loddsalg. Gjett hvor inntektene g\u00e5r&#8230;..Ministrantene og SAUL vil st\u00e5 p\u00e5 i hele adventstiden for \u00e5 skaffe mest mulig penger til prosjektet. St\u00f8tt dem!<br \/>Mer informasjon finnes her: <a href=\"http:\/\/www.adventsaksjonen.no\/10_aa\/Nyheter\/Nyheter.html\">http:\/\/www.adventsaksjonen.no\/10_aa\/Nyheter\/Nyheter.html<\/a>Du kan ogs\u00e5 f\u00f8lge Adventsaksjonen p\u00e5 Facebook: <a href=\"http:\/\/www.facebook.com\/pages\/Adventsaksjonen\/174115042604266\/?v=wall\">http:\/\/www.facebook.com\/pages\/Adventsaksjonen\/174115042604266\/?v=wall<\/a><\/p>\n<p><\/p>\n<div><\/div>\n","protected":false},"excerpt":{"rendered":"<p>Onsdag 1.12.10 startes \u00e5rets lokale adventsaksjon med et adventstreff i menighetslokalet kl. 18.30. Som vanlig st\u00f8tter Caritas og NUK hverandre i dette arbeidet, hvor pengene i \u00e5r g\u00e5r til hjelpearbeid p\u00e5 Haiti. Alle er velkommen til treffet, der det blir&#8230;<br \/><a class=\"read-more-button\" href=\"https:\/\/stansgar.katolsk.no\/?p=1321\">Read more<\/a><\/p>\n","protected":false},"author":3,"featured_media":3626,"comment_status":"open","ping_status":"open","sticky":false,"template":"","format":"standard","meta":{"footnotes":""},"categories":[1],"tags":[71,164,121,20],"class_list":["post-1321","post","type-post","status-publish","format-standard","has-post-thumbnail","hentry","category-ukategorisert","tag-caritas","tag-ministrantene","tag-nuk","tag-saul"],"_links":{"self":[{"href":"https:\/\/stansgar.katolsk.no\/index.php?rest_route=\/wp\/v2\/posts\/1321","targetHints":{"allow":["GET"]}}],"collection":[{"href":"https:\/\/stansgar.katolsk.no\/index.php?rest_route=\/wp\/v2\/posts"}],"about":[{"href":"https:\/\/stansgar.katolsk.no\/index.php?rest_route=\/wp\/v2\/types\/post"}],"author":[{"embeddable":true,"href":"https:\/\/stansgar.katolsk.no\/index.php?rest_route=\/wp\/v2\/users\/3"}],"replies":[{"embeddable":true,"href":"https:\/\/stansgar.katolsk.no\/index.php?rest_route=%2Fwp%2Fv2%2Fcomments&post=1321"}],"version-history":[{"count":1,"href":"https:\/\/stansgar.katolsk.no\/index.php?rest_route=\/wp\/v2\/posts\/1321\/revisions"}],"predecessor-version":[{"id":3627,"href":"https:\/\/stansgar.katolsk.no\/index.php?rest_route=\/wp\/v2\/posts\/1321\/revisions\/3627"}],"wp:featuredmedia":[{"embeddable":true,"href":"https:\/\/stansgar.katolsk.no\/index.php?rest_route=\/wp\/v2\/media\/3626"}],"wp:attachment":[{"href":"https:\/\/stansgar.katolsk.no\/index.php?rest_route=%2Fwp%2Fv2%2Fmedia&parent=1321"}],"wp:term":[{"taxonomy":"category","embeddable":true,"href":"https:\/\/stansgar.katolsk.no\/index.php?rest_route=%2Fwp%2Fv2%2Fcategories&post=1321"},{"taxonomy":"post_tag","embeddable":true,"href":"https:\/\/stansgar.katolsk.no\/index.php?rest_route=%2Fwp%2Fv2%2Ftags&post=1321"}],"curies":[{"name":"wp","href":"https:\/\/api.w.org\/{rel}","templated":true}]}}