{"id":1314,"date":"2010-12-02T13:43:00","date_gmt":"2010-12-02T12:43:00","guid":{"rendered":"http:\/\/stansgar.katolsk.no\/index.php\/2010\/12\/02\/apent-mte-om-integreringserfaring\/"},"modified":"2018-10-12T09:13:19","modified_gmt":"2018-10-12T07:13:19","slug":"apent-mte-om-integreringserfaring","status":"publish","type":"post","link":"https:\/\/stansgar.katolsk.no\/?p=1314","title":{"rendered":"<strong>\u00c5pent m\u00f8te om integreringserfaring.<\/strong>"},"content":{"rendered":"<p>Inkluderingsutvalget, et utvalg nedsatt av regjeringen, inviterer til \u00e5pent m\u00f8te\/erfaringsm\u00f8te i Kristiansand, i Byhallen, <strong>6. desember, fra kl 18 til 20.<br \/><\/strong>Det er et m\u00f8te der Kristiansands organisasjoner og trosamfunn blir spesielt invitert,og tema for m\u00f8tet er innvandrere og deltakelse i det sivile samfunn, bredt definert. Det vil si b\u00e5de foreningene og organisasjonene, idrettslagene, partiene, borettslagene og menighetene og kirkene.<\/p>\n<p>M\u00f8teleder vil v\u00e6re tidligere baskeballspiller Marco Elsafadi (stifteren av organisasjonen New Page og ogs\u00e5 medlem i utvalget). M\u00f8tet vil best\u00e5 av et par korte innledninger om fakta om innvandrere og deltakelse i det frivillige liv, deretter en debatt. Det er til denne debatten etterp\u00e5 vi gjerne vil invitere den katolske menigheten, som har rik erfaring med deltakende innvandrere, til \u00e5 komme med innspill; &#8211; til \u00e5 legge frem sin erfaring \u2013 og basert p\u00e5 den, legge frem sine r\u00e5d til hva som er god inkluderingspolitkk, &#8211; for forening, menighet, kommune og stat.<\/p>\n<p>Innledere vil v\u00e6re Anne Lene Dale, leder for Agderforskning (om sivilsamfunn og deltakelse),Maryam Deghan, bystyrepolitiker og aktiv i Kontaktutvalget for Innvandrerorganisasjoner og Inga Lauvdal fra Vest-Agder fylkeskommune ( de etniske organisasjonene i Agder), samt en representant fra Frivillighet Norge.<\/p>\n<p>Lokale katolikker oppfordres til \u00e5 delta, og dersom noen \u00f8nsker \u00e5 bidra med et innlegg p\u00e5 vegne av St.Angar, ta kontakt med p. Frode snarest.<\/p>\n<p>Mer info om utvalget her: <a href=\"http:\/\/www.regjeringen.no\/nb\/dep\/bld\/dep\/Styrer-rad-og-utvalg\/Inkluderingsutvalget.html?id=605550\">http:\/\/www.regjeringen.no\/nb\/dep\/bld\/dep\/Styrer-rad-og-utvalg\/Inkluderingsutvalget.html?id=605550<\/a><\/p>\n","protected":false},"excerpt":{"rendered":"<p>Inkluderingsutvalget, et utvalg nedsatt av regjeringen, inviterer til \u00e5pent m\u00f8te\/erfaringsm\u00f8te i Kristiansand, i Byhallen, 6. desember, fra kl 18 til 20.Det er et m\u00f8te der Kristiansands organisasjoner og trosamfunn blir spesielt invitert,og tema for m\u00f8tet er innvandrere og deltakelse i&#8230;<br \/><a class=\"read-more-button\" href=\"https:\/\/stansgar.katolsk.no\/?p=1314\">Read more<\/a><\/p>\n","protected":false},"author":3,"featured_media":0,"comment_status":"open","ping_status":"open","sticky":false,"template":"","format":"standard","meta":{"footnotes":""},"categories":[1],"tags":[193,194],"class_list":["post-1314","post","type-post","status-publish","format-standard","hentry","category-ukategorisert","tag-integrering","tag-menigheten"],"_links":{"self":[{"href":"https:\/\/stansgar.katolsk.no\/index.php?rest_route=\/wp\/v2\/posts\/1314","targetHints":{"allow":["GET"]}}],"collection":[{"href":"https:\/\/stansgar.katolsk.no\/index.php?rest_route=\/wp\/v2\/posts"}],"about":[{"href":"https:\/\/stansgar.katolsk.no\/index.php?rest_route=\/wp\/v2\/types\/post"}],"author":[{"embeddable":true,"href":"https:\/\/stansgar.katolsk.no\/index.php?rest_route=\/wp\/v2\/users\/3"}],"replies":[{"embeddable":true,"href":"https:\/\/stansgar.katolsk.no\/index.php?rest_route=%2Fwp%2Fv2%2Fcomments&post=1314"}],"version-history":[{"count":1,"href":"https:\/\/stansgar.katolsk.no\/index.php?rest_route=\/wp\/v2\/posts\/1314\/revisions"}],"predecessor-version":[{"id":3604,"href":"https:\/\/stansgar.katolsk.no\/index.php?rest_route=\/wp\/v2\/posts\/1314\/revisions\/3604"}],"wp:attachment":[{"href":"https:\/\/stansgar.katolsk.no\/index.php?rest_route=%2Fwp%2Fv2%2Fmedia&parent=1314"}],"wp:term":[{"taxonomy":"category","embeddable":true,"href":"https:\/\/stansgar.katolsk.no\/index.php?rest_route=%2Fwp%2Fv2%2Fcategories&post=1314"},{"taxonomy":"post_tag","embeddable":true,"href":"https:\/\/stansgar.katolsk.no\/index.php?rest_route=%2Fwp%2Fv2%2Ftags&post=1314"}],"curies":[{"name":"wp","href":"https:\/\/api.w.org\/{rel}","templated":true}]}}