{"id":1312,"date":"2010-12-06T22:30:00","date_gmt":"2010-12-06T21:30:00","guid":{"rendered":"http:\/\/stansgar.katolsk.no\/index.php\/2010\/12\/06\/husk-adventsaksjonen\/"},"modified":"2018-10-12T09:13:19","modified_gmt":"2018-10-12T07:13:19","slug":"husk-adventsaksjonen","status":"publish","type":"post","link":"https:\/\/stansgar.katolsk.no\/?p=1312","title":{"rendered":"Husk adventsaksjonen!"},"content":{"rendered":"<p><a href=\"http:\/\/2.bp.blogspot.com\/_DXLElHuxREk\/TP1lBcvB-CI\/AAAAAAAADVI\/aLQwklSYPM0\/s1600\/adventsaksjonen.jpg\"><img decoding=\"async\" style=\"TEXT-ALIGN: center; MARGIN: 0px auto 10px; WIDTH: 369px; DISPLAY: block; HEIGHT: 108px; CURSOR: hand\" id=\"BLOGGER_PHOTO_ID_5547701391558047778\" border=\"0\" alt=\"\" src=\"http:\/\/stansgar.katolsk.no\/wp-content\/uploads\/2010\/12\/adventsaksjonen.jpg\" \/><\/a><\/p>\n<div>1. s\u00f8ndag i advent gikk startskuddet for \u00e5rets Adventsaksjon, som tradisjonen tro arrangeres i samarbeid mellom Norges Unge Katolikker og Caritas Norge.<\/p>\n<\/div>\n<div>I \u00e5r samler unge katolikker over hele landet inn penger til Haiti, under slagordet<\/p>\n<p>HAITI &#8211; GI BARNA EN SJANSE!<\/p>\n<p>Mer spesifikt g\u00e5r \u00e5rets innsamling til de unges skolegang i Haiti. Skolesystemet p\u00e5 Haiti var lite godt da NUK valgte dette til \u00e5rets prosjekt for et \u00e5r siden. Jordskjelvet som rammet landet bare noen m\u00e5neder senere, gjorde situasjonen enda verre. Selv om alle, som i Norge, skal f\u00e5 g\u00e5 gratis p\u00e5 skole, faller mange fra. Bygninger er \u00f8delagte, b\u00f8ker, matriale og l\u00e6rere er frav\u00e6rende.<\/p>\n<p>Les mer om \u00e5rets prosjekt og f\u00f8lg innsamlingen p\u00e5 <a href=\"http:\/\/www.blogger.com\/www.adventsaksjonen.no\">www.adventsaksjonen.no<\/a><br \/>St\u00f8tt opp om ungdommenes aksjon, b\u00e5de n\u00e5r de samler inn i kirken og n\u00e5r du treffer dem i byen!<\/div>\n","protected":false},"excerpt":{"rendered":"<p>1. s\u00f8ndag i advent gikk startskuddet for \u00e5rets Adventsaksjon, som tradisjonen tro arrangeres i samarbeid mellom Norges Unge Katolikker og Caritas Norge. I \u00e5r samler unge katolikker over hele landet inn penger til Haiti, under slagordet HAITI &#8211; GI BARNA&#8230;<br \/><a class=\"read-more-button\" href=\"https:\/\/stansgar.katolsk.no\/?p=1312\">Read more<\/a><\/p>\n","protected":false},"author":3,"featured_media":3601,"comment_status":"open","ping_status":"open","sticky":false,"template":"","format":"standard","meta":{"footnotes":""},"categories":[1],"tags":[179,71,20],"class_list":["post-1312","post","type-post","status-publish","format-standard","has-post-thumbnail","hentry","category-ukategorisert","tag-adventsaksjonen","tag-caritas","tag-saul"],"_links":{"self":[{"href":"https:\/\/stansgar.katolsk.no\/index.php?rest_route=\/wp\/v2\/posts\/1312","targetHints":{"allow":["GET"]}}],"collection":[{"href":"https:\/\/stansgar.katolsk.no\/index.php?rest_route=\/wp\/v2\/posts"}],"about":[{"href":"https:\/\/stansgar.katolsk.no\/index.php?rest_route=\/wp\/v2\/types\/post"}],"author":[{"embeddable":true,"href":"https:\/\/stansgar.katolsk.no\/index.php?rest_route=\/wp\/v2\/users\/3"}],"replies":[{"embeddable":true,"href":"https:\/\/stansgar.katolsk.no\/index.php?rest_route=%2Fwp%2Fv2%2Fcomments&post=1312"}],"version-history":[{"count":1,"href":"https:\/\/stansgar.katolsk.no\/index.php?rest_route=\/wp\/v2\/posts\/1312\/revisions"}],"predecessor-version":[{"id":3602,"href":"https:\/\/stansgar.katolsk.no\/index.php?rest_route=\/wp\/v2\/posts\/1312\/revisions\/3602"}],"wp:featuredmedia":[{"embeddable":true,"href":"https:\/\/stansgar.katolsk.no\/index.php?rest_route=\/wp\/v2\/media\/3601"}],"wp:attachment":[{"href":"https:\/\/stansgar.katolsk.no\/index.php?rest_route=%2Fwp%2Fv2%2Fmedia&parent=1312"}],"wp:term":[{"taxonomy":"category","embeddable":true,"href":"https:\/\/stansgar.katolsk.no\/index.php?rest_route=%2Fwp%2Fv2%2Fcategories&post=1312"},{"taxonomy":"post_tag","embeddable":true,"href":"https:\/\/stansgar.katolsk.no\/index.php?rest_route=%2Fwp%2Fv2%2Ftags&post=1312"}],"curies":[{"name":"wp","href":"https:\/\/api.w.org\/{rel}","templated":true}]}}