{"id":1302,"date":"2010-12-23T23:07:00","date_gmt":"2010-12-23T22:07:00","guid":{"rendered":"http:\/\/stansgar.katolsk.no\/index.php\/2010\/12\/23\/julen-i-stansgar_24\/"},"modified":"2018-10-12T09:13:18","modified_gmt":"2018-10-12T07:13:18","slug":"julen-i-stansgar_24","status":"publish","type":"post","link":"https:\/\/stansgar.katolsk.no\/?p=1302","title":{"rendered":"Julen i St.Ansgar"},"content":{"rendered":"<p><strong>Lille julaften, 23.desember<\/strong><br \/>kl.17.00 anledning til skriftem\u00e5l<br \/>kl.18.00 Messe<br \/>anledning til skriftem\u00e5l ogs\u00e5 etter messen<\/p>\n<p><strong>Julaften, 24. desember<\/strong><br \/>kl.15.00 Barnemesse<br \/>kl.20.00 Messe p\u00e5 vietnamesisk<br \/>kl.24.00 Midnattsmessen<\/p>\n<p><a href=\"http:\/\/4.bp.blogspot.com\/_DXLElHuxREk\/TQnh9i9u3yI\/AAAAAAAADV4\/51qQpghzH1s\/s1600\/Jesu%2Bf%25C3%25B8dsel.jpg\"><img decoding=\"async\" style=\"TEXT-ALIGN: center; MARGIN: 0px auto 10px; WIDTH: 400px; DISPLAY: block; HEIGHT: 299px; CURSOR: hand\" id=\"BLOGGER_PHOTO_ID_5551216463184846626\" border=\"0\" alt=\"\" src=\"http:\/\/stansgar.katolsk.no\/wp-content\/uploads\/2010\/12\/JesufC3B8dsel.jpg\" \/><\/a><\/p>\n<p><strong>Juledag, 25.desember<\/strong><br \/>kl.09.00 Messen ved daggry(messens faste ledd p\u00e5 latin)<br \/>kl.11.00 Juledagens h\u00f8ymesse<br \/>kl.13.00 Messe p\u00e5 vietnamesisk<br \/>kl.14.00 Messe p\u00e5 Stella Maris i Mandal<br \/>kl.16.00 Messe p\u00e5 polsk<\/p>\n<p><a href=\"http:\/\/1.bp.blogspot.com\/_DXLElHuxREk\/TQniVx3WreI\/AAAAAAAADWA\/HKzJHXfEzlM\/s1600\/Den%2Bhellige%2Bfamilie.jpg\"><img decoding=\"async\" style=\"MARGIN: 0px 0px 10px 10px; WIDTH: 299px; FLOAT: right; HEIGHT: 400px; CURSOR: hand\" id=\"BLOGGER_PHOTO_ID_5551216879501487586\" border=\"0\" alt=\"\" src=\"http:\/\/stansgar.katolsk.no\/wp-content\/uploads\/2010\/12\/Denhelligefamilie.jpg\" \/><\/a><\/p>\n<p><strong>S\u00f8ndag 26.desember(Festen for Den hellige familie)<\/strong><br \/>kl.11.00 H\u00f8ymesse<br \/>kl.12.00 Messe i Farsund<br \/>kl.13.00 Messe p\u00e5 vietnamesisk<br \/>kl.16.00 Messe i Flekkefjord<br \/>kl.18.00 Messe<\/p>\n<p><strong>Fredag 31.desember, nytt\u00e5rsaften<\/strong><br \/>kl.17.00 Takkemesse for \u00e5ret som har g\u00e5tt.<\/p>\n<p><strong>L\u00f8rdag 1.januar 2011, Julens oktavdag, H\u00f8ytiden for Jomfru Maria<\/strong><br \/>kl.13.00 H\u00f8ymesse <strong>NB<\/strong> merk tiden<\/p>\n<p><strong>S\u00f8ndag 2.januar, 2.s\u00f8ndag etter jul<\/strong><br \/>kl.11.00 H\u00f8ymesse<br \/>kl.13.00 Messe p\u00e5 vietnamesisk<br \/>kl.16.00 Messe p\u00e5 polsk<br \/>kl.17.00 Barnemesse og deretter juletrefest<br \/>kl.18.00 Messe<\/p>\n<p><strong>Torsdag 6.januar, Herrens \u00e5penbaring(Epifania)<\/strong><br \/>kl.18.00 H\u00f8ymesse<br \/><a href=\"http:\/\/4.bp.blogspot.com\/_DXLElHuxREk\/TQni7nBC_lI\/AAAAAAAADWI\/ozIvoseqxd0\/s1600\/epifania2.jpg\"><img decoding=\"async\" style=\"TEXT-ALIGN: center; MARGIN: 0px auto 10px; WIDTH: 282px; DISPLAY: block; HEIGHT: 400px; CURSOR: hand\" id=\"BLOGGER_PHOTO_ID_5551217529424379474\" border=\"0\" alt=\"\" src=\"http:\/\/stansgar.katolsk.no\/wp-content\/uploads\/2010\/12\/epifania2.jpg\" \/><\/a><\/p>\n","protected":false},"excerpt":{"rendered":"<p>Lille julaften, 23.desemberkl.17.00 anledning til skriftem\u00e5lkl.18.00 Messeanledning til skriftem\u00e5l ogs\u00e5 etter messen Julaften, 24. desemberkl.15.00 Barnemessekl.20.00 Messe p\u00e5 vietnamesiskkl.24.00 Midnattsmessen Juledag, 25.desemberkl.09.00 Messen ved daggry(messens faste ledd p\u00e5 latin)kl.11.00 Juledagens h\u00f8ymessekl.13.00 Messe p\u00e5 vietnamesiskkl.14.00 Messe p\u00e5 Stella Maris i Mandalkl.16.00&#8230;<br \/><a class=\"read-more-button\" href=\"https:\/\/stansgar.katolsk.no\/?p=1302\">Read more<\/a><\/p>\n","protected":false},"author":3,"featured_media":3581,"comment_status":"open","ping_status":"open","sticky":false,"template":"","format":"standard","meta":{"footnotes":""},"categories":[1],"tags":[42,55,18,45,106,23,52,131,15,41,31],"class_list":["post-1302","post","type-post","status-publish","format-standard","has-post-thumbnail","hentry","category-ukategorisert","tag-epifania","tag-farsund","tag-flekkefjord","tag-jul","tag-juletrefest","tag-mandal","tag-messe","tag-nyttar","tag-polsk","tag-stella-maris","tag-vietnamesisk"],"_links":{"self":[{"href":"https:\/\/stansgar.katolsk.no\/index.php?rest_route=\/wp\/v2\/posts\/1302","targetHints":{"allow":["GET"]}}],"collection":[{"href":"https:\/\/stansgar.katolsk.no\/index.php?rest_route=\/wp\/v2\/posts"}],"about":[{"href":"https:\/\/stansgar.katolsk.no\/index.php?rest_route=\/wp\/v2\/types\/post"}],"author":[{"embeddable":true,"href":"https:\/\/stansgar.katolsk.no\/index.php?rest_route=\/wp\/v2\/users\/3"}],"replies":[{"embeddable":true,"href":"https:\/\/stansgar.katolsk.no\/index.php?rest_route=%2Fwp%2Fv2%2Fcomments&post=1302"}],"version-history":[{"count":1,"href":"https:\/\/stansgar.katolsk.no\/index.php?rest_route=\/wp\/v2\/posts\/1302\/revisions"}],"predecessor-version":[{"id":3584,"href":"https:\/\/stansgar.katolsk.no\/index.php?rest_route=\/wp\/v2\/posts\/1302\/revisions\/3584"}],"wp:featuredmedia":[{"embeddable":true,"href":"https:\/\/stansgar.katolsk.no\/index.php?rest_route=\/wp\/v2\/media\/3581"}],"wp:attachment":[{"href":"https:\/\/stansgar.katolsk.no\/index.php?rest_route=%2Fwp%2Fv2%2Fmedia&parent=1302"}],"wp:term":[{"taxonomy":"category","embeddable":true,"href":"https:\/\/stansgar.katolsk.no\/index.php?rest_route=%2Fwp%2Fv2%2Fcategories&post=1302"},{"taxonomy":"post_tag","embeddable":true,"href":"https:\/\/stansgar.katolsk.no\/index.php?rest_route=%2Fwp%2Fv2%2Ftags&post=1302"}],"curies":[{"name":"wp","href":"https:\/\/api.w.org\/{rel}","templated":true}]}}