{"id":12863,"date":"2024-04-21T10:01:20","date_gmt":"2024-04-21T08:01:20","guid":{"rendered":"https:\/\/stansgar.katolsk.no\/?p=12863"},"modified":"2024-04-26T14:36:57","modified_gmt":"2024-04-26T12:36:57","slug":"kunngjoringer-sondag-21-april-2024","status":"publish","type":"post","link":"https:\/\/stansgar.katolsk.no\/?p=12863","title":{"rendered":"KUNNGJ\u00d8RINGER S\u00d8NDAG 21. APRIL 2024"},"content":{"rendered":"<p style=\"text-align: center;\"><strong><br \/>\n&nbsp;&nbsp;&nbsp;&nbsp;&nbsp;&nbsp;&nbsp;&nbsp; &nbsp;&nbsp;&nbsp;&nbsp;KUNNGJ\u00d8RINGER S\u00d8NDAG 21. APRIL 2024 <\/strong><\/p>\n<table style=\"width: 601.172px;\">\n<tbody>\n<tr>\n<td style=\"width: 72px;\">Tirsdag<\/td>\n<td style=\"width: 44px;\">23.04<strong>.<\/strong><\/td>\n<td style=\"width: 24px;\">kl.<\/p>\n<p>kl.<\/td>\n<td style=\"width: 53px;\">17.30<\/p>\n<p>18.00<\/td>\n<td style=\"width: 316.172px;\">Vesper<\/p>\n<p>Messe &#8211; etterfulgt av sakramentstilbedelse<\/td>\n<\/tr>\n<tr>\n<td style=\"width: 72px;\">Onsdag<\/td>\n<td style=\"width: 44px;\">24.04<strong>.<\/strong><\/td>\n<td style=\"width: 24px;\">kl.<\/td>\n<td style=\"width: 53px;\">18.00<\/td>\n<td style=\"width: 316.172px;\">Messe<\/td>\n<\/tr>\n<tr>\n<td style=\"width: 72px;\" rowspan=\"2\">Torsdag<\/td>\n<td style=\"width: 44px;\" rowspan=\"2\">25.04<strong>.<\/strong><\/td>\n<td style=\"width: 393.172px;\" colspan=\"3\">Fest: Evangelisten Markus<\/td>\n<\/tr>\n<tr>\n<td style=\"width: 24px;\">kl.<\/p>\n<p>kl.<\/td>\n<td style=\"width: 53px;\">11.00<\/p>\n<p>18.00<\/td>\n<td style=\"width: 316.172px;\">Messe &#8211; etterfulgt av felles lunsj i Kiga.<\/p>\n<p>Messe<\/td>\n<\/tr>\n<tr>\n<td style=\"width: 72px;\">Fredag<\/td>\n<td style=\"width: 44px;\">26.04<strong>.<\/strong><\/td>\n<td style=\"width: 24px;\">kl.<\/p>\n<p>kl.<\/td>\n<td style=\"width: 53px;\">17.00<\/p>\n<p>18.00<\/td>\n<td style=\"width: 316.172px;\">Sakramentstilbedelse &#8211; kl. 17.30: vesper p\u00e5 norsk<\/p>\n<p>Messe<\/td>\n<\/tr>\n<tr>\n<td style=\"width: 72px;\">L\u00f8rdag<\/p>\n<p>&nbsp;<\/p>\n<p>&nbsp;<\/p>\n<p>&nbsp;<\/p>\n<p>&nbsp;<\/p>\n<p>Andre steder<\/td>\n<td style=\"width: 44px;\">27.04<strong>.<\/strong><\/td>\n<td style=\"width: 24px;\">kl.<\/p>\n<p>kl.<\/p>\n<p>kl.<\/p>\n<p>kl.<\/p>\n<p>kl.<\/p>\n<p>&nbsp;<\/p>\n<p>kl.<\/p>\n<p>kl.<\/td>\n<td style=\"width: 53px;\">12.30<\/p>\n<p>13.00<\/p>\n<p>14.00<\/p>\n<p>16.00<\/p>\n<p>18.00<\/p>\n<p>&nbsp;<\/p>\n<p>14.00<\/p>\n<p>17.00<\/td>\n<td style=\"width: 316.172px;\">Rosenkransandakt<\/p>\n<p>Messe<\/p>\n<p>Messe p\u00e5 tagalog<\/p>\n<p>Messe p\u00e5 fransk<\/p>\n<p>Messe p\u00e5 polsk<\/p>\n<p>&nbsp;<\/p>\n<p>Messe i Lyngdal &nbsp;(i gammelt kapell bak statskirken)<\/p>\n<p>Messe i Flekkefjord&nbsp; &nbsp; &nbsp; &nbsp; &nbsp; &nbsp; &nbsp;<\/td>\n<\/tr>\n<tr>\n<td style=\"width: 72px;\">S\u00f8ndag<\/td>\n<td style=\"width: 44px;\">28.02<strong>.<\/strong><\/td>\n<td style=\"width: 393.172px;\" colspan=\"3\"><strong>5. S\u00d8NDAG I P\u00c5SKETIDEN<\/strong><\/td>\n<\/tr>\n<tr>\n<td style=\"width: 72px;\">&nbsp;<\/p>\n<p>&nbsp;<\/p>\n<p>&nbsp;<\/p>\n<p>&nbsp;<\/td>\n<td style=\"width: 44px;\">&nbsp;<\/td>\n<td style=\"width: 24px;\">kl.<\/p>\n<p>kl.<\/p>\n<p>kl.<\/p>\n<p>kl.<\/td>\n<td style=\"width: 53px;\">09.00<\/p>\n<p>11.00<\/p>\n<p>13.00<\/p>\n<p>15.00<\/td>\n<td style=\"width: 316.172px;\">Messe p\u00e5 polsk<\/p>\n<p>H\u00f8ymesse<\/p>\n<p>Messe p\u00e5 vietnamesisk<\/p>\n<p>Messe p\u00e5 engelsk<\/td>\n<\/tr>\n<\/tbody>\n<\/table>\n<p><strong>Annet: <\/strong><\/p>\n<p><strong>Annet: <\/strong><\/p>\n<p>&nbsp;<\/p>\n<ol>\n<li><strong>Andre messer i tillegg til ordin\u00e6re messer denne uken:<br \/>\n&#8211; Messer i St. Ansgar menighet<br \/>\n<em>L\u00f8rdag 27. april<\/em> <\/strong>er det messe p\u00e5 tagalog kl. 14.00 og p\u00e5 fransk kl. 16.00<br \/>\n<strong><em>S\u00f8ndag 28. april<\/em> <\/strong>er det messe p\u00e5 engelsk kl. 15.00<strong>&#8211; Messer andre steder:<br \/>\n<em>L\u00f8rdag 27. april<\/em> <\/strong>er det messe i Lyngdal kl. 14.00 og i Flekkefjord kl. 17.00.<strong>2)&nbsp; H\u00f8ytider og fester:<br \/>\n&#8211; Torsdag 25. april <\/strong>er det fest for evangelisten Markus<strong>. <\/strong><\/li>\n<\/ol>\n<p><strong>3) TORSDAG 25 april: Caritas vaffelkveld<\/strong><\/p>\n<p>Torsdag inviterer Caritas St. Ansgar til vaffelkveld i Kiga etter kveldsmessen.<\/p>\n<p>Vaffelkveld er en uformell sammenkomst for alle som har lyst \u00e5 treffe kjente og ukjente venner i menigheten. Vi lover god stemning, fellesskap og latter. Samt Emilces gode vafler.<\/p>\n<p>Alle er hjertelig velkommen.<\/p>\n<p>&nbsp;<\/p>\n<p><strong>4) Sakramentstilbedelse fredag 26. april<\/strong> er lagt til rette av den vietnamesiske gruppen. Alle oppmuntres til \u00e5 delta i vesper og tilbedelse av Det hellige Sakrament i l\u00f8pet av uka.<\/p>\n<p><strong>5) &nbsp;Ministrantkveld fredag 26. april:<\/strong><\/p>\n<p>Alle ministranter fra og med 3. trinn til og med videreg\u00e5ende og voksne er invitert til ministrantkveld fredag 26. april kl. 18.00 &#8211; kl. 20.30.<\/p>\n<p>Vi ministrerer i messen kl. 18.00, og etter messen har vi m\u00f8te i Kiga: vi l\u00e6rer noen praktiske ting<br \/>\ni forbindelse med ministrering, vi har underholdning og mat.<\/p>\n<p><strong>&nbsp;6) Menighetsr\u00e5dsvalg 2024<\/strong><\/p>\n<p>Alle som er registret i menigheten og som har mottatt katolsk konfirmasjon har stemmerett. Det vil bli anledning til \u00e5 stemme i forbindelse med messene:<\/p>\n<p><strong>I St. Ansgar menighet<\/strong>:<\/p>\n<ul>\n<li>l\u00f8rdag 27. april og s\u00f8ndag 28. april<\/li>\n<li>l\u00f8rdag 4. mai og s\u00f8ndag 5. mai<\/li>\n<\/ul>\n<p><strong>I Lyngdal og Flekkefjord<\/strong>: l\u00f8rdag 27. april<\/p>\n<p><strong>I Mandal<\/strong>: s\u00f8ndag 5. mai<\/p>\n<p>Det er ogs\u00e5 mulig \u00e5 forh\u00e5ndsstemme pr. post. For \u00e5 forh\u00e5ndsstemme pr. post, ta kontakt med menighetskontoret.<\/p>\n<p><strong>7) <\/strong>F\u00e5 skattefradrag p\u00e5 vipps- fra neste uke kan man f\u00e5 skattefradrag p\u00e5 enkelte av Vipps- kategoriene (bl.an. kollekt, donasjon, Caritas). Det vil dukke opp i Vipps-appen et sp\u00f8rsm\u00e5l om skattefradrag \u00f8nskes p\u00e5 enkelte av Vipps-kategoriene. Sp\u00f8rsm\u00e5let kommer fra Vipps, og stilles \u00e9n gang per kalender\u00e5r. For en giver inneb\u00e6rer det ett trykk for \u00e5 samtykke til deling av n\u00f8dvendig informasjon med organisasjonen.&nbsp;<\/p>\n<p><strong>8)<\/strong> Kollekt fra denne s\u00f8ndag skal til St. Eystein presteseminar.<\/p>\n<p><strong>&nbsp;<\/strong><\/p>\n<p style=\"text-align: center;\"><strong>Alle er hjertelig velkommen til kirkekaffe. \u00d8nsker dere riktig god s\u00f8ndag!<\/strong><\/p>\n<p>&nbsp;<\/p>\n<p>&nbsp;<\/p>\n","protected":false},"excerpt":{"rendered":"<p>&nbsp;&nbsp;&nbsp;&nbsp;&nbsp;&nbsp;&nbsp;&nbsp; &nbsp;&nbsp;&nbsp;&nbsp;KUNNGJ\u00d8RINGER S\u00d8NDAG 21. APRIL 2024 Tirsdag 23.04. kl. kl. 17.30 18.00 Vesper Messe &#8211; etterfulgt av sakramentstilbedelse Onsdag 24.04. kl. 18.00 Messe Torsdag 25.04. Fest: Evangelisten Markus kl. kl. 11.00 18.00 Messe &#8211; etterfulgt av felles lunsj i Kiga&#8230;.<br \/><a class=\"read-more-button\" href=\"https:\/\/stansgar.katolsk.no\/?p=12863\">Read more<\/a><\/p>\n","protected":false},"author":1,"featured_media":0,"comment_status":"open","ping_status":"open","sticky":false,"template":"","format":"standard","meta":{"footnotes":""},"categories":[482],"tags":[],"class_list":["post-12863","post","type-post","status-publish","format-standard","hentry","category-kunngjoringer"],"_links":{"self":[{"href":"https:\/\/stansgar.katolsk.no\/index.php?rest_route=\/wp\/v2\/posts\/12863","targetHints":{"allow":["GET"]}}],"collection":[{"href":"https:\/\/stansgar.katolsk.no\/index.php?rest_route=\/wp\/v2\/posts"}],"about":[{"href":"https:\/\/stansgar.katolsk.no\/index.php?rest_route=\/wp\/v2\/types\/post"}],"author":[{"embeddable":true,"href":"https:\/\/stansgar.katolsk.no\/index.php?rest_route=\/wp\/v2\/users\/1"}],"replies":[{"embeddable":true,"href":"https:\/\/stansgar.katolsk.no\/index.php?rest_route=%2Fwp%2Fv2%2Fcomments&post=12863"}],"version-history":[{"count":4,"href":"https:\/\/stansgar.katolsk.no\/index.php?rest_route=\/wp\/v2\/posts\/12863\/revisions"}],"predecessor-version":[{"id":12878,"href":"https:\/\/stansgar.katolsk.no\/index.php?rest_route=\/wp\/v2\/posts\/12863\/revisions\/12878"}],"wp:attachment":[{"href":"https:\/\/stansgar.katolsk.no\/index.php?rest_route=%2Fwp%2Fv2%2Fmedia&parent=12863"}],"wp:term":[{"taxonomy":"category","embeddable":true,"href":"https:\/\/stansgar.katolsk.no\/index.php?rest_route=%2Fwp%2Fv2%2Fcategories&post=12863"},{"taxonomy":"post_tag","embeddable":true,"href":"https:\/\/stansgar.katolsk.no\/index.php?rest_route=%2Fwp%2Fv2%2Ftags&post=12863"}],"curies":[{"name":"wp","href":"https:\/\/api.w.org\/{rel}","templated":true}]}}