{"id":12795,"date":"2024-03-24T10:01:14","date_gmt":"2024-03-24T09:01:14","guid":{"rendered":"https:\/\/stansgar.katolsk.no\/?p=12795"},"modified":"2024-03-26T13:52:49","modified_gmt":"2024-03-26T12:52:49","slug":"kunngjoringer-sondag-24-mars-2024","status":"publish","type":"post","link":"https:\/\/stansgar.katolsk.no\/?p=12795","title":{"rendered":"KUNNGJ\u00d8RINGER S\u00d8NDAG 24. MARS 2024"},"content":{"rendered":"<p style=\"text-align: center;\"><strong>KUNNGJ\u00d8RINGER S\u00d8NDAG 24. MARS 2024<\/strong><\/p>\n<table style=\"width: 849.656px;\">\n<tbody>\n<tr>\n<td style=\"width: 67px;\">Tirsdag<\/td>\n<td style=\"width: 56px;\">26.03.<\/td>\n<td style=\"width: 38px;\">kl.<\/td>\n<td style=\"width: 48px;\">18.00<\/td>\n<td style=\"width: 547.656px;\">Messen er avlyst.<\/p>\n<p>Oljevigselsmessen i St. Olav domkirke i Oslo er tirsdag<br \/>\n26. mars, kl. 18.00. Vi ber for biskopen og prestene i v\u00e5rt bisped\u00f8mme.<\/td>\n<\/tr>\n<tr>\n<td style=\"width: 67px;\">Onsdag<\/td>\n<td style=\"width: 56px;\">27.03.<\/td>\n<td style=\"width: 38px;\">kl.<\/td>\n<td style=\"width: 48px;\">18.00<\/td>\n<td style=\"width: 547.656px;\">Messe &#8211; etterfulgt av korsveiandakt p\u00e5 vietnamesisk<\/td>\n<\/tr>\n<tr>\n<td style=\"width: 67px;\" rowspan=\"2\">Torsdag<\/td>\n<td style=\"width: 56px;\" rowspan=\"2\">28.03.<\/td>\n<td style=\"width: 633.656px;\" colspan=\"3\"><strong>Skj\u00e6rtorsdag<\/strong><\/td>\n<\/tr>\n<tr>\n<td style=\"width: 38px;\">kl.<\/p>\n<p>kl.<\/td>\n<td style=\"width: 48px;\">15.00<\/p>\n<p>18.00<\/td>\n<td style=\"width: 547.656px;\">Messe p\u00e5 vietnamesisk<\/p>\n<p>Aftenmessen til minne om Herrens hellige nattverd &#8211;<\/p>\n<p>etterfulgt av tilbedelse av nasjonale grupper inntil midnatt.<\/td>\n<\/tr>\n<tr>\n<td style=\"width: 67px;\" rowspan=\"2\">Fredag<\/td>\n<td style=\"width: 56px;\" rowspan=\"2\">29.03.<\/td>\n<td style=\"width: 633.656px;\" colspan=\"3\"><strong>Langfredag \u2013 faste og abstinens<\/strong><\/td>\n<\/tr>\n<tr>\n<td style=\"width: 38px;\">kl.<\/p>\n<p>kl.<\/p>\n<p>kl.<\/p>\n<p>kl.<\/td>\n<td style=\"width: 48px;\">12.00<\/p>\n<p>15.00<\/p>\n<p>17.00<\/p>\n<p>19.00<\/td>\n<td style=\"width: 547.656px;\">Langfredagsliturgi p\u00e5 vietnamesisk<\/p>\n<p>Langfredagsliturgi p\u00e5 norsk<\/p>\n<p>Langfredagsliturgi p\u00e5 polsk<\/p>\n<p>Korsveisandakt p\u00e5 vietnamesisk<\/td>\n<\/tr>\n<tr>\n<td style=\"width: 67px;\" rowspan=\"3\">L\u00f8rdag<\/td>\n<td style=\"width: 56px;\" rowspan=\"3\">30.03.<\/td>\n<td style=\"width: 633.656px;\" colspan=\"3\"><strong>P\u00e5skeaften<\/strong><\/td>\n<\/tr>\n<tr>\n<td style=\"width: 38px;\">kl.<\/p>\n<p>kl.<\/p>\n<p>kl.<\/td>\n<td style=\"width: 48px;\">12.00<\/p>\n<p>13.00<\/p>\n<p>14.00<\/td>\n<td style=\"width: 547.656px;\">Velsignelse av p\u00e5skemat p\u00e5 polsk<\/p>\n<p>Velsignelse av p\u00e5skemat p\u00e5 polsk<\/p>\n<p>Velsignelse av p\u00e5skemat p\u00e5 polsk<\/td>\n<\/tr>\n<tr>\n<td style=\"width: 38px;\">kl.<\/p>\n<p>kl.<\/td>\n<td style=\"width: 48px;\">17.00<\/p>\n<p>21.00<\/td>\n<td style=\"width: 547.656px;\">P\u00e5skevigilie p\u00e5 vietnamesisk<\/p>\n<p>P\u00e5skevigilie p\u00e5 norsk &#8211; Etter messen er alle velkommen til hyggelig samv\u00e6r i menighetslokalet.<\/td>\n<\/tr>\n<tr>\n<td style=\"width: 67px;\">S\u00f8ndag<\/td>\n<td style=\"width: 56px;\">31.03<strong>.<\/strong><\/td>\n<td style=\"width: 633.656px;\" colspan=\"3\"><strong>P\u00c5SKEDAG<\/strong><\/td>\n<\/tr>\n<tr>\n<td style=\"width: 67px;\">&nbsp;<\/td>\n<td style=\"width: 56px;\">&nbsp;<\/td>\n<td style=\"width: 38px;\">kl.<\/p>\n<p>kl.<\/p>\n<p>kl.<\/p>\n<p>kl.<\/p>\n<p>kl.<\/td>\n<td style=\"width: 48px;\">08.30<\/p>\n<p>11.00<\/p>\n<p>13.00<\/p>\n<p>15.00<\/p>\n<p>17.00<\/td>\n<td style=\"width: 547.656px;\">P\u00e5skedagsmesse p\u00e5 polsk begynner med prosesjon.<\/p>\n<p>P\u00e5skedagsmesse p\u00e5 norsk<\/p>\n<p>P\u00e5skedagsmesse p\u00e5 vietnamesisk<\/p>\n<p>P\u00e5skedagsmesse p\u00e5 engelsk<\/p>\n<p>Liturgi p\u00e5 ukrainsk<\/td>\n<\/tr>\n<tr>\n<td style=\"width: 67px;\">Mandag<\/td>\n<td style=\"width: 56px;\">01.04.<\/td>\n<td style=\"width: 633.656px;\" colspan=\"3\"><strong>2. P\u00c5SKEDAG<\/strong><\/td>\n<\/tr>\n<tr>\n<td style=\"width: 67px;\">&nbsp;<\/td>\n<td style=\"width: 56px;\">&nbsp;<\/td>\n<td style=\"width: 38px;\">kl.<\/p>\n<p>kl.<\/p>\n<p>kl.<\/td>\n<td style=\"width: 48px;\">09.00<\/p>\n<p>11.00<\/p>\n<p>13.00<\/td>\n<td style=\"width: 547.656px;\">Messe p\u00e5 polsk<\/p>\n<p>Messe p\u00e5 norsk<\/p>\n<p>Messe p\u00e5 vietnamesisk<\/td>\n<\/tr>\n<\/tbody>\n<\/table>\n<p><strong>Annet:<\/strong><\/p>\n<p><strong>1) Messer og liturgi i Den stille uke og p\u00e5sken for p\u00e5skeleir p\u00e5 Stella Maris<\/strong><\/p>\n<p>&#8211; Palmes\u00f8ndag 24. mars kl. 17.00: skriftem\u00e5l + messe<\/p>\n<p>&#8211; Skj\u00e6rtorsdag 28. mars kl. 15.00: messe p\u00e5 norsk<\/p>\n<p>&#8211; Langfredag 29. mars kl. 15.00: Langfredagsliturgi p\u00e5 norsk<\/p>\n<p>&#8211; P\u00e5skeaften 30. mars kl. 17.00: P\u00e5skevigilie p\u00e5 norsk<\/p>\n<p>&#8211; P\u00e5skes\u00f8ndag 31. mars kl. 08.30: P\u00e5skedagens h\u00f8ymesse p\u00e5 norsk<\/p>\n<p><strong>2)<\/strong> For messetider og liturgiske feiringer i Den stille uke og p\u00e5sken se kunngj\u00f8ringen p\u00e5 menighetens nettside, oppslag og flygeblad i kirkens inngangsparti.<\/p>\n<p><strong>3) <\/strong>Langfredag 29.03. kl. 17.00: \u00d8kumenisk korsvei gjennom byen. Alle er velkommen!<\/p>\n<p><strong>4)<\/strong> L\u00f8rdag 30.03. etter p\u00e5skevigilien er alle velkommen til hyggelig samv\u00e6r i menighetslokalet.<br \/>\nAlle bes om \u00e5 ta med snacks eller fingermat.<\/p>\n<p><strong>5)<\/strong> <strong>P\u00c5SKEBASAR<\/strong><\/p>\n<p>I dag (palmes\u00f8ndag) inviterer Caritas St. Ansgar alle menighetens medlemmer til \u00e5 st\u00f8tte Caritas internasjonale n\u00f8dhjelpsarbeid ved \u00e5 kj\u00f8pe p\u00e5skelys.<\/p>\n<p>Etter dagens messer kan \u00e5rets p\u00e5skebasar bes\u00f8kes i Kiga. I tillegg til p\u00e5skelys selges ogs\u00e5 en del andre h\u00e5ndarbeidsprodukter samt loddsalg til det store p\u00e5skelotteriet.<\/p>\n<p>Alle er hjertelig velkommen!<\/p>\n<p><strong>6) Kunngj\u00f8ring fra Biskop Bernt:<br \/>\n<\/strong><strong>&nbsp;I<\/strong> media har det kommet fram at den tidligere generalsekret\u00e6ren i Caritas Norge mottok i desember 2023 en meget gener\u00f8s sluttpakke av Caritas Norge. Penger og ytelser er ikke tatt fra innsamlede midler eller givere, men fra avkastningen fra Caritas\u2019 eiendomsfond.&nbsp;Biskop Bernt, biskop Erik Varden og nylig tiltr\u00e5dte generalsekret\u00e6r Ingrid Joys, garanterer at alle innsamlede midler g\u00e5r til de riktige form\u00e5lene\/form\u00e5let; i \u00e5r som tidligere \u00e5r. Be for Caritas!<\/p>\n<p>&nbsp;<\/p>\n<p style=\"text-align: center;\"><strong>Alle er hjertelig velkommen til kirkekaffe. \u00d8nsker dere riktig god s\u00f8ndag!<\/strong><\/p>\n","protected":false},"excerpt":{"rendered":"<p>KUNNGJ\u00d8RINGER S\u00d8NDAG 24. MARS 2024 Tirsdag 26.03. kl. 18.00 Messen er avlyst. Oljevigselsmessen i St. Olav domkirke i Oslo er tirsdag 26. mars, kl. 18.00. Vi ber for biskopen og prestene i v\u00e5rt bisped\u00f8mme. Onsdag 27.03. kl. 18.00 Messe &#8211;&#8230;<br \/><a class=\"read-more-button\" href=\"https:\/\/stansgar.katolsk.no\/?p=12795\">Read more<\/a><\/p>\n","protected":false},"author":1,"featured_media":0,"comment_status":"open","ping_status":"open","sticky":false,"template":"","format":"standard","meta":{"footnotes":""},"categories":[482],"tags":[],"class_list":["post-12795","post","type-post","status-publish","format-standard","hentry","category-kunngjoringer"],"_links":{"self":[{"href":"https:\/\/stansgar.katolsk.no\/index.php?rest_route=\/wp\/v2\/posts\/12795","targetHints":{"allow":["GET"]}}],"collection":[{"href":"https:\/\/stansgar.katolsk.no\/index.php?rest_route=\/wp\/v2\/posts"}],"about":[{"href":"https:\/\/stansgar.katolsk.no\/index.php?rest_route=\/wp\/v2\/types\/post"}],"author":[{"embeddable":true,"href":"https:\/\/stansgar.katolsk.no\/index.php?rest_route=\/wp\/v2\/users\/1"}],"replies":[{"embeddable":true,"href":"https:\/\/stansgar.katolsk.no\/index.php?rest_route=%2Fwp%2Fv2%2Fcomments&post=12795"}],"version-history":[{"count":2,"href":"https:\/\/stansgar.katolsk.no\/index.php?rest_route=\/wp\/v2\/posts\/12795\/revisions"}],"predecessor-version":[{"id":12812,"href":"https:\/\/stansgar.katolsk.no\/index.php?rest_route=\/wp\/v2\/posts\/12795\/revisions\/12812"}],"wp:attachment":[{"href":"https:\/\/stansgar.katolsk.no\/index.php?rest_route=%2Fwp%2Fv2%2Fmedia&parent=12795"}],"wp:term":[{"taxonomy":"category","embeddable":true,"href":"https:\/\/stansgar.katolsk.no\/index.php?rest_route=%2Fwp%2Fv2%2Fcategories&post=12795"},{"taxonomy":"post_tag","embeddable":true,"href":"https:\/\/stansgar.katolsk.no\/index.php?rest_route=%2Fwp%2Fv2%2Ftags&post=12795"}],"curies":[{"name":"wp","href":"https:\/\/api.w.org\/{rel}","templated":true}]}}