{"id":1276,"date":"2011-02-16T19:55:00","date_gmt":"2011-02-16T18:55:00","guid":{"rendered":"http:\/\/stansgar.katolsk.no\/index.php\/2011\/02\/16\/palmegrener-til-askeonsdag\/"},"modified":"2018-10-12T09:13:18","modified_gmt":"2018-10-12T07:13:18","slug":"palmegrener-til-askeonsdag","status":"publish","type":"post","link":"https:\/\/stansgar.katolsk.no\/?p=1276","title":{"rendered":"Palmegrener til askeonsdag"},"content":{"rendered":"<p><a href=\"http:\/\/2.bp.blogspot.com\/-eZNII6K8YF0\/TVwuiFQv7-I\/AAAAAAAADYw\/06NSq9sBJrQ\/s1600\/ash-wednesday.jpg\"><img decoding=\"async\" style=\"TEXT-ALIGN: center; MARGIN: 0px auto 10px; WIDTH: 400px; DISPLAY: block; HEIGHT: 276px; CURSOR: hand\" id=\"BLOGGER_PHOTO_ID_5574381601840689122\" border=\"0\" alt=\"\" src=\"http:\/\/stansgar.katolsk.no\/wp-content\/uploads\/2011\/02\/ash-wednesday.jpg\" \/><\/a><br \/>Det n\u00e6rmer seg askeonsdag. Hvis noen har gamle palmegrener fra forrige eller tidligere palmes\u00f8ndager, vennligst lever dem i kirken i l\u00f8pet av de neste ukene s\u00e5 de kan brennes til aske som skal brukes askeonsdag.<\/p>\n<p>Mer info om askeonsdag her: <a href=\"http:\/\/www.katolsk.no\/biografi\/aske_ons.htm\">http:\/\/www.katolsk.no\/biografi\/aske_ons.htm<\/a><\/p>\n","protected":false},"excerpt":{"rendered":"<p>Det n\u00e6rmer seg askeonsdag. Hvis noen har gamle palmegrener fra forrige eller tidligere palmes\u00f8ndager, vennligst lever dem i kirken i l\u00f8pet av de neste ukene s\u00e5 de kan brennes til aske som skal brukes askeonsdag. Mer info om askeonsdag her:&#8230;<br \/><a class=\"read-more-button\" href=\"https:\/\/stansgar.katolsk.no\/?p=1276\">Read more<\/a><\/p>\n","protected":false},"author":3,"featured_media":3545,"comment_status":"open","ping_status":"open","sticky":false,"template":"","format":"standard","meta":{"footnotes":""},"categories":[1],"tags":[36,35,186,187],"class_list":["post-1276","post","type-post","status-publish","format-standard","has-post-thumbnail","hentry","category-ukategorisert","tag-askeonsdag","tag-fastetiden","tag-liturgi","tag-palmesondag"],"_links":{"self":[{"href":"https:\/\/stansgar.katolsk.no\/index.php?rest_route=\/wp\/v2\/posts\/1276","targetHints":{"allow":["GET"]}}],"collection":[{"href":"https:\/\/stansgar.katolsk.no\/index.php?rest_route=\/wp\/v2\/posts"}],"about":[{"href":"https:\/\/stansgar.katolsk.no\/index.php?rest_route=\/wp\/v2\/types\/post"}],"author":[{"embeddable":true,"href":"https:\/\/stansgar.katolsk.no\/index.php?rest_route=\/wp\/v2\/users\/3"}],"replies":[{"embeddable":true,"href":"https:\/\/stansgar.katolsk.no\/index.php?rest_route=%2Fwp%2Fv2%2Fcomments&post=1276"}],"version-history":[{"count":1,"href":"https:\/\/stansgar.katolsk.no\/index.php?rest_route=\/wp\/v2\/posts\/1276\/revisions"}],"predecessor-version":[{"id":3546,"href":"https:\/\/stansgar.katolsk.no\/index.php?rest_route=\/wp\/v2\/posts\/1276\/revisions\/3546"}],"wp:featuredmedia":[{"embeddable":true,"href":"https:\/\/stansgar.katolsk.no\/index.php?rest_route=\/wp\/v2\/media\/3545"}],"wp:attachment":[{"href":"https:\/\/stansgar.katolsk.no\/index.php?rest_route=%2Fwp%2Fv2%2Fmedia&parent=1276"}],"wp:term":[{"taxonomy":"category","embeddable":true,"href":"https:\/\/stansgar.katolsk.no\/index.php?rest_route=%2Fwp%2Fv2%2Fcategories&post=1276"},{"taxonomy":"post_tag","embeddable":true,"href":"https:\/\/stansgar.katolsk.no\/index.php?rest_route=%2Fwp%2Fv2%2Ftags&post=1276"}],"curies":[{"name":"wp","href":"https:\/\/api.w.org\/{rel}","templated":true}]}}