{"id":12742,"date":"2024-03-03T10:01:31","date_gmt":"2024-03-03T09:01:31","guid":{"rendered":"https:\/\/stansgar.katolsk.no\/?p=12742"},"modified":"2024-03-01T13:29:18","modified_gmt":"2024-03-01T12:29:18","slug":"kunngjoringer-sondag-3-mars-2024","status":"publish","type":"post","link":"https:\/\/stansgar.katolsk.no\/?p=12742","title":{"rendered":"KUNNGJ\u00d8RINGER S\u00d8NDAG 3. MARS 2024"},"content":{"rendered":"<p><strong>&nbsp;&nbsp;&nbsp;&nbsp;&nbsp;&nbsp;&nbsp;&nbsp; &nbsp;&nbsp;&nbsp;&nbsp;KUNNGJ\u00d8RINGER S\u00d8NDAG 3. MARS 2024 <\/strong><\/p>\n<table width=\"642\">\n<tbody>\n<tr>\n<td width=\"67\">Tirsdag<\/td>\n<td width=\"73\">05.03<strong>.<\/strong><\/td>\n<td width=\"45\">kl.<\/p>\n<p>kl.<\/td>\n<td width=\"77\">17.30<\/p>\n<p>18.00<\/td>\n<td width=\"380\">Korsveiandakt p\u00e5 spansk<\/p>\n<p>Messe &#8211; etterfulgt av sakramentstilbedelse<\/td>\n<\/tr>\n<tr>\n<td width=\"67\">Onsdag<\/td>\n<td width=\"73\">06.03<strong>.<\/strong><\/td>\n<td width=\"45\">kl.<\/td>\n<td width=\"77\">18.00<\/td>\n<td width=\"380\">Messe \u2013 etterfulgt av korsveiandakt p\u00e5 vietnamesisk<\/td>\n<\/tr>\n<tr>\n<td width=\"67\">Torsdag<\/td>\n<td width=\"73\">07.03<strong>.<\/strong><\/td>\n<td width=\"45\">kl.<\/p>\n<p><span style=\"text-decoration: line-through;\">&nbsp;<\/span><\/td>\n<td width=\"77\">11.00<\/p>\n<p><span style=\"text-decoration: line-through;\">&nbsp;<\/span><\/td>\n<td width=\"380\">Messe &#8211; etterfulgt av felles lunsj i Kiga. &nbsp;<\/p>\n<p>Etter messen er det stille tilbedelse fram til kl. 17.45.<\/p>\n<p>Vi ber spesielt for kall til ordenslivet og presteskapet.<\/td>\n<\/tr>\n<tr>\n<td width=\"67\">&nbsp;<\/td>\n<td width=\"73\">&nbsp;<\/td>\n<td width=\"45\">kl.<\/td>\n<td width=\"77\">18.00<\/td>\n<td width=\"380\">Messe &#8211; etterfulgt av korsveiandakt p\u00e5 engelsk<\/td>\n<\/tr>\n<tr>\n<td width=\"67\">Fredag<\/td>\n<td width=\"73\">08.03.<\/td>\n<td width=\"45\">kl.<\/p>\n<p>kl.<\/td>\n<td width=\"77\">11.00<\/p>\n<p>18.00<\/td>\n<td width=\"380\">Messe p\u00e5 norsk<\/p>\n<p>Messe i retretten p\u00e5 polsk &#8211; etterfulgt av korsveiandakt p\u00e5 polsk<\/td>\n<\/tr>\n<tr>\n<td width=\"67\">L\u00f8rdag<\/td>\n<td width=\"73\">09.03.<\/td>\n<td width=\"45\">kl.<\/td>\n<td width=\"77\">13.00<\/td>\n<td width=\"380\">Katekesemesse<\/td>\n<\/tr>\n<tr>\n<td width=\"67\">L\u00f8rdag<\/td>\n<td width=\"73\">09.03.<\/td>\n<td width=\"45\">kl.<\/td>\n<td width=\"77\">18.00<\/td>\n<td width=\"380\">Messe p\u00e5 polsk med retrett<\/td>\n<\/tr>\n<tr>\n<td width=\"67\">S\u00f8ndag<\/td>\n<td width=\"73\">10.03<strong>.<\/strong><\/td>\n<td colspan=\"3\" width=\"502\"><strong>4. S\u00d8NDAG I FASTEN<\/strong><\/td>\n<\/tr>\n<tr>\n<td width=\"67\">&nbsp;<\/p>\n<p>&nbsp;<\/p>\n<p>&nbsp;<\/p>\n<p>Andre steder:<\/td>\n<td width=\"73\">&nbsp;<\/td>\n<td width=\"45\">kl.<\/p>\n<p>kl.<\/p>\n<p>kl.<\/p>\n<p>&nbsp;<\/p>\n<p>kl.<\/td>\n<td width=\"77\">09.00<\/p>\n<p>11.00<\/p>\n<p>13.00<\/p>\n<p>&nbsp;<\/p>\n<p>17.00<\/td>\n<td width=\"380\">Messe p\u00e5 polsk med retrett<\/p>\n<p>H\u00f8ymesse<\/p>\n<p>Messe p\u00e5 vietnamesisk<\/p>\n<p>&nbsp;<\/p>\n<p>Messe p\u00e5 Stella Maris i Mandal<\/td>\n<\/tr>\n<\/tbody>\n<\/table>\n<p><strong>Annet: <\/strong><\/p>\n<ol>\n<li><strong>Andre messer i tillegg til ordin\u00e6re messer denne uken:<\/strong><\/li>\n<\/ol>\n<p><strong>Messer i St. Ansgar kirke: <\/strong>Fredag 08.03: messe kl. 11.00 p\u00e5 norsk; kl. 18.00: messe p\u00e5 polsk.<\/p>\n<p><strong>Messer andre steder:<\/strong> S\u00f8ndag 10. mars kl. 17.00 er det messe p\u00e5 Stella Maris i Mandal.<\/p>\n<p><strong>2. Katekese l\u00f8rdag 09.03. for 1. &#8211; 7. trinn<\/strong><\/p>\n<p>Kl. 10.00 &#8211; 14.00: Katekese for 1., 2., 3., 5. trinn<\/p>\n<p>Kl. 13.00 &#8211; 14.00: Katekesemesse for alle klassene<\/p>\n<p>Kl. 13.00 &#8211; 17.00: Katekese for 4., 6. og 7. trinn<\/p>\n<p>Det er skriftem\u00e5l for barn p\u00e5 4., 5., 6. og 7. trinn.<\/p>\n<p>Katekesen f\u00e5r bes\u00f8k av sr. Ane-Elisabet R\u00f8er fra Sta. Katarinahjemmet i Oslo. Hun skal fortelle om kall og klosterlivet.<\/p>\n<p><strong>3. Juniorklubben<\/strong> skal ha p\u00e5skeverksted i Kiga fredag 08.033, kl.18.30-20.45.<\/p>\n<p>P\u00e5meldingsfrist: onsdag 06.03. til Dung 418 44 223.&nbsp;<\/p>\n<p><strong>4. Saul<\/strong> inviterer alle ungdommer fra 13 til 17 \u00e5r i menigheten til Aquarama Badeland fredag den<br \/>\nmars kl. 18.00 til kl. 21.00. Vennligst send en melding med navnet ditt og klasse til 48270833 innen onsdag 6. mars for p\u00e5melding. Mer informasjon finner dere p\u00e5 menighetens nettside.<\/p>\n<p><strong>5. Unge voksne<\/strong> aktivitet torsdag 07.03 blir avlyst. S\u00f8ndag 10.03 skal vi ha en tur sammen til Arendal, det vi skal delta i h\u00f8ymessen og ha foredrag med P. Sigurd om \u00abHvordan vi skal h\u00f8re Guds stemme i v\u00e5res liv?\u00bb Avreise blir 09.45 fra St. Ansgar. Folk m\u00e5 gjerne ta med seg noe mat og drikke. Vi reiser fra Arendal seinest 14.30 til St. Ansgar. Ta gjerne kontakt med Angelica<br \/>\n(tlf. nr. 40062555) om du blir med s\u00e5nn at vi har nok biler som kj\u00f8rer ut<\/p>\n<p>&nbsp;<\/p>\n<p><strong>6. P\u00e5skeleir for andre\u00e5rskonfirmanter<\/strong><\/p>\n<p>NUK arrangerer p\u00e5skeleir for andre\u00e5rskonfirmanter (9. trinn) p\u00e5 Skogstad\/Gulsrud 24.-31. mars 2024.<\/p>\n<p>Leir med NUK er noe helt fantastisk, magisk og uforglemmelig. S\u00e5 meld dere p\u00e5 leiren.&nbsp;<\/p>\n<p>Katekesen gir litt st\u00f8tte til deltakeravgiften. Kontakt p. Tien for n\u00e6rmere informasjon.<\/p>\n<p>P\u00e5meldingsfristen er i dag 3. mars: <a href=\"https:\/\/app.checkin.no\/event\/62393\">https:\/\/app.checkin.no\/event\/62393<\/a><\/p>\n<p>For mer informasjon sjekk St. Ansgars nettside: <a href=\"https:\/\/stansgar.katolsk.no\/?p=12732\">P\u00e5skeleir 2024 for Konfirmanter- NUK \u2013 St. Ansgar menighet (katolsk.no)<\/a><\/p>\n<p>&nbsp;<\/p>\n<p><strong>7.<\/strong> Program for \u201cMessetider i Den Stille Uke og p\u00e5sken 2024\u201d er lagt ut p\u00e5 menighetens nettside og hengt opp p\u00e5 tavlen i inngangspartiet i kirken.<\/p>\n<p>Alle er invitert til \u00e5 forberede seg til h\u00f8ytiden i Den Stille Uke og til feiringen av Kristi P\u00e5ske.<\/p>\n<p>&nbsp;<\/p>\n<p style=\"text-align: center;\"><strong>Alle er hjertelig velkommen til kirkekaffe. \u00d8nsker dere riktig god s\u00f8ndag!<\/strong><\/p>\n","protected":false},"excerpt":{"rendered":"<p>&nbsp;&nbsp;&nbsp;&nbsp;&nbsp;&nbsp;&nbsp;&nbsp; &nbsp;&nbsp;&nbsp;&nbsp;KUNNGJ\u00d8RINGER S\u00d8NDAG 3. MARS 2024 Tirsdag 05.03. kl. kl. 17.30 18.00 Korsveiandakt p\u00e5 spansk Messe &#8211; etterfulgt av sakramentstilbedelse Onsdag 06.03. kl. 18.00 Messe \u2013 etterfulgt av korsveiandakt p\u00e5 vietnamesisk Torsdag 07.03. kl. &nbsp; 11.00 &nbsp; Messe &#8211; etterfulgt&#8230;<br \/><a class=\"read-more-button\" href=\"https:\/\/stansgar.katolsk.no\/?p=12742\">Read more<\/a><\/p>\n","protected":false},"author":1,"featured_media":0,"comment_status":"open","ping_status":"open","sticky":false,"template":"","format":"standard","meta":{"footnotes":""},"categories":[482],"tags":[],"class_list":["post-12742","post","type-post","status-publish","format-standard","hentry","category-kunngjoringer"],"_links":{"self":[{"href":"https:\/\/stansgar.katolsk.no\/index.php?rest_route=\/wp\/v2\/posts\/12742","targetHints":{"allow":["GET"]}}],"collection":[{"href":"https:\/\/stansgar.katolsk.no\/index.php?rest_route=\/wp\/v2\/posts"}],"about":[{"href":"https:\/\/stansgar.katolsk.no\/index.php?rest_route=\/wp\/v2\/types\/post"}],"author":[{"embeddable":true,"href":"https:\/\/stansgar.katolsk.no\/index.php?rest_route=\/wp\/v2\/users\/1"}],"replies":[{"embeddable":true,"href":"https:\/\/stansgar.katolsk.no\/index.php?rest_route=%2Fwp%2Fv2%2Fcomments&post=12742"}],"version-history":[{"count":1,"href":"https:\/\/stansgar.katolsk.no\/index.php?rest_route=\/wp\/v2\/posts\/12742\/revisions"}],"predecessor-version":[{"id":12743,"href":"https:\/\/stansgar.katolsk.no\/index.php?rest_route=\/wp\/v2\/posts\/12742\/revisions\/12743"}],"wp:attachment":[{"href":"https:\/\/stansgar.katolsk.no\/index.php?rest_route=%2Fwp%2Fv2%2Fmedia&parent=12742"}],"wp:term":[{"taxonomy":"category","embeddable":true,"href":"https:\/\/stansgar.katolsk.no\/index.php?rest_route=%2Fwp%2Fv2%2Fcategories&post=12742"},{"taxonomy":"post_tag","embeddable":true,"href":"https:\/\/stansgar.katolsk.no\/index.php?rest_route=%2Fwp%2Fv2%2Ftags&post=12742"}],"curies":[{"name":"wp","href":"https:\/\/api.w.org\/{rel}","templated":true}]}}