{"id":12714,"date":"2024-02-25T10:01:54","date_gmt":"2024-02-25T09:01:54","guid":{"rendered":"https:\/\/stansgar.katolsk.no\/?p=12714"},"modified":"2024-02-16T11:28:20","modified_gmt":"2024-02-16T10:28:20","slug":"kunngjoringer-sondag-25-februar-2024","status":"publish","type":"post","link":"https:\/\/stansgar.katolsk.no\/?p=12714","title":{"rendered":"KUNNGJ\u00d8RINGER S\u00d8NDAG 25. FEBRUAR 2024"},"content":{"rendered":"<p style=\"text-align: center;\"><strong>KUNNGJ\u00d8RINGER S\u00d8NDAG 25. FEBRUAR 2024 <\/strong><\/p>\n<table style=\"width: 663px;\">\n<tbody>\n<tr>\n<td style=\"width: 73px;\">Tirsdag<\/td>\n<td style=\"width: 41px;\">27.02<strong>.<\/strong><\/td>\n<td style=\"width: 72px;\">kl.<\/p>\n<p>kl.<\/td>\n<td style=\"width: 63.5312px;\">17.30<\/p>\n<p>18.00<\/td>\n<td style=\"width: 322.469px;\">Korsveiandakt p\u00e5 spansk<\/p>\n<p>Messe &#8211; etterfulgt av sakramentstilbedelse<\/td>\n<\/tr>\n<tr>\n<td style=\"width: 73px;\">Onsdag<\/td>\n<td style=\"width: 41px;\">28.02<strong>.<\/strong><\/td>\n<td style=\"width: 72px;\">kl.<\/td>\n<td style=\"width: 63.5312px;\">18.00<\/td>\n<td style=\"width: 322.469px;\">Messe \u2013 etterfulgt av korsveiandakt p\u00e5 vietnamesisk<\/td>\n<\/tr>\n<tr>\n<td style=\"width: 73px;\">Torsdag<\/td>\n<td style=\"width: 41px;\">29.02<strong>.<\/strong><\/td>\n<td style=\"width: 72px;\">kl.<\/p>\n<p>kl.<\/td>\n<td style=\"width: 63.5312px;\">11.00<\/p>\n<p>18.00<\/td>\n<td style=\"width: 322.469px;\">Messe &#8211; etterfulgt av felles lunsj i Kiga.<\/p>\n<p>Messe &#8211; etterfulgt av korsveiandakt p\u00e5 engelsk<\/td>\n<\/tr>\n<tr>\n<td style=\"width: 572px;\" colspan=\"5\"><strong>RETRETT I FASTETIDEN 1. &#8211; 3. mars 2024 I ST. ANSGAR MENIGHET<\/strong><\/p>\n<p>med <strong>Pater Ole Martin Stamnestr\u00f8<\/strong><\/p>\n<p><strong>Tema:<\/strong> <strong>Faste i fellesskap &#8211; Kirkens liturgiske fastetekster<\/strong><\/td>\n<\/tr>\n<tr>\n<td style=\"width: 73px;\"><strong>Fredag<\/strong><\/td>\n<td style=\"width: 41px;\"><strong>01.03.<\/strong><\/td>\n<td style=\"width: 458px;\" colspan=\"3\">Messen kl. 18.00 er avlyst<strong>.<\/strong><\/p>\n<p>Kl. 17.00 &#8211; 19.00: Foredrag og \u00e5ndelig fordypning i kirken<\/p>\n<p>Kl. 19.00 &#8211; 20.00: Messe i kirken<\/p>\n<p>Kl. 20.00 &#8211; 21.00: Tilbedelse og skriftem\u00e5l under tilbedelsen<\/td>\n<\/tr>\n<tr>\n<td style=\"width: 73px;\"><strong>L\u00f8rdag <\/strong><\/td>\n<td style=\"width: 41px;\"><strong>02.03<\/strong><\/td>\n<td style=\"width: 458px;\" colspan=\"3\"><strong>Formiddagen: For konfirmanter p\u00e5 8. og 9. trinn og foreldre<\/strong><\/p>\n<p>Kl. 10.05 &#8211; 11.00: Foredrag og \u00e5ndelig fordypning i kirken<br \/>\nKl. 11.00 &#8211; 11.30: Lunsj<\/p>\n<p>Kl. 11.30 &#8211; 12.05: Skriftem\u00e5l for 9. trinn<\/p>\n<p>Kl. 12.05 -12.45: Skriftem\u00e5l for 8. trinn<\/p>\n<p>Kl. 13.00 &#8211; 14.00: Den hellige messe.<\/p>\n<p><strong>Ettermiddagen: For kateketer, unge voksne og ungdommer etter konfirmasjonen.<\/strong><\/p>\n<p>Kl. 14.30 &#8211; 16.00: Foredrag og \u00e5ndelig fordypning i kirken<br \/>\nKl. 16.00 &#8211; 17.00: Skriftem\u00e5l.<\/p>\n<p><em>Det er \u00f8nskelig at de som deltar p\u00e5 retretten om ettermiddagen deltar i messen kl. 13.00.<\/em><\/td>\n<\/tr>\n<tr>\n<td style=\"width: 73px;\">&nbsp;<\/td>\n<td style=\"width: 41px;\">&nbsp;<\/td>\n<td style=\"width: 72px;\">kl.<\/td>\n<td style=\"width: 63.5312px;\">18.00<\/td>\n<td style=\"width: 322.469px;\">Messe p\u00e5 polsk &#8211; etterfulgt av korsveiandakt p\u00e5 polsk<\/td>\n<\/tr>\n<tr>\n<td style=\"width: 73px;\">S\u00f8ndag<\/td>\n<td style=\"width: 41px;\">03.03<strong>.<\/strong><\/td>\n<td style=\"width: 458px;\" colspan=\"3\"><strong>3. S\u00d8NDAG I FASTEN<\/strong><\/td>\n<\/tr>\n<tr>\n<td style=\"width: 73px;\">&nbsp;<\/p>\n<p>&nbsp;<\/p>\n<p>&nbsp;<\/p>\n<p>&nbsp;<\/p>\n<p>Andre steder:<\/td>\n<td style=\"width: 41px;\">&nbsp;<\/td>\n<td style=\"width: 72px;\">kl.<\/p>\n<p>kl.<\/p>\n<p>kl.<\/p>\n<p>kl.<\/p>\n<p>&nbsp;<\/p>\n<p>kl.<\/td>\n<td style=\"width: 63.5312px;\">09.00<\/p>\n<p>11.00<\/p>\n<p>13.00<\/p>\n<p>15.00<\/p>\n<p>&nbsp;<\/p>\n<p>14.00<\/td>\n<td style=\"width: 322.469px;\">Messe p\u00e5 polsk<\/p>\n<p>H\u00f8ymesse<\/p>\n<p>Messe p\u00e5 vietnamesisk<\/p>\n<p>Messe p\u00e5 kaldeisk<\/p>\n<p>&nbsp;<\/p>\n<p>Messe p\u00e5 engelsk med p. Boie p\u00e5 Stella Maris<\/td>\n<\/tr>\n<\/tbody>\n<\/table>\n<p><strong>Annet: <\/strong><\/p>\n<ol>\n<li><strong>Retrett i fastetiden:<\/strong><\/li>\n<\/ol>\n<p>Pater Ole Martin Stamnestr\u00f8 holder retrett 1. \u2013 3. mars i St. Ansgar menighet.<\/p>\n<p>Temaet er: \u00abFaste i fellesskap &#8211; Kirkens liturgiske fastetekster\u00bb.<\/p>\n<p>Retrettprogrammet finner dere p\u00e5 oppslagstavla i kirkens inngangsparti og p\u00e5 menighetens nettside og Facebook. Ta gjerne med et retrettprogram som ligger i kirkens inngangsparti.<\/p>\n<p>Alle er invitert til retretten for \u00e5 fordype fellesskapet med Gud og forberede seg til p\u00e5ske.<\/p>\n<p><strong>2. Katekese l\u00f8rdag 02.03. for 8. og 9. trinn<\/strong><\/p>\n<p>Kl. 10.00 &#8211; 14.00: Katekese, retrett og skriftem\u00e5l.<\/p>\n<p>Kl. 13.00 &#8211; 14.00: Katekesemesse<\/p>\n<p>og 9. trinn har retrett med p. Ole Martin Stamnestr\u00f8. Foreldrene til ungdommene er hjertelig velkommen til \u00e5 delta p\u00e5 retretten. Etter retretten er det anledning til \u00e5 skrifte p\u00e5 norsk, polsk, vietnamesisk og engelsk.<\/p>\n<p><strong>3. Andre messer i tillegg til ordin\u00e6re messer denne uken:<\/strong><\/p>\n<ul>\n<li><strong>Messe i St. Ansgar kirke:<br \/>\nP\u00e5 s\u00f8ndag 3. mars <\/strong>feirer vi messe p\u00e5 kaldeisk kl. 15.00.<\/li>\n<li><strong>Messer andre steder:<br \/>\n<\/strong><strong>P\u00e5 s\u00f8ndag 3. mars <\/strong>er det messe med p. Boie p\u00e5 Stella Maris.<\/li>\n<\/ul>\n<p><strong>4. Torsdag 29. februar <\/strong> 18.45 er det troskurs.<\/p>\n<p style=\"text-align: center;\"><strong>Alle er hjertelig velkommen til kirkekaffe. \u00d8nsker dere riktig god s\u00f8ndag!<\/strong><\/p>\n","protected":false},"excerpt":{"rendered":"<p>KUNNGJ\u00d8RINGER S\u00d8NDAG 25. FEBRUAR 2024 Tirsdag 27.02. kl. kl. 17.30 18.00 Korsveiandakt p\u00e5 spansk Messe &#8211; etterfulgt av sakramentstilbedelse Onsdag 28.02. kl. 18.00 Messe \u2013 etterfulgt av korsveiandakt p\u00e5 vietnamesisk Torsdag 29.02. kl. kl. 11.00 18.00 Messe &#8211; etterfulgt av&#8230;<br \/><a class=\"read-more-button\" href=\"https:\/\/stansgar.katolsk.no\/?p=12714\">Read more<\/a><\/p>\n","protected":false},"author":1,"featured_media":0,"comment_status":"open","ping_status":"open","sticky":false,"template":"","format":"standard","meta":{"footnotes":""},"categories":[482],"tags":[],"class_list":["post-12714","post","type-post","status-publish","format-standard","hentry","category-kunngjoringer"],"_links":{"self":[{"href":"https:\/\/stansgar.katolsk.no\/index.php?rest_route=\/wp\/v2\/posts\/12714","targetHints":{"allow":["GET"]}}],"collection":[{"href":"https:\/\/stansgar.katolsk.no\/index.php?rest_route=\/wp\/v2\/posts"}],"about":[{"href":"https:\/\/stansgar.katolsk.no\/index.php?rest_route=\/wp\/v2\/types\/post"}],"author":[{"embeddable":true,"href":"https:\/\/stansgar.katolsk.no\/index.php?rest_route=\/wp\/v2\/users\/1"}],"replies":[{"embeddable":true,"href":"https:\/\/stansgar.katolsk.no\/index.php?rest_route=%2Fwp%2Fv2%2Fcomments&post=12714"}],"version-history":[{"count":4,"href":"https:\/\/stansgar.katolsk.no\/index.php?rest_route=\/wp\/v2\/posts\/12714\/revisions"}],"predecessor-version":[{"id":12718,"href":"https:\/\/stansgar.katolsk.no\/index.php?rest_route=\/wp\/v2\/posts\/12714\/revisions\/12718"}],"wp:attachment":[{"href":"https:\/\/stansgar.katolsk.no\/index.php?rest_route=%2Fwp%2Fv2%2Fmedia&parent=12714"}],"wp:term":[{"taxonomy":"category","embeddable":true,"href":"https:\/\/stansgar.katolsk.no\/index.php?rest_route=%2Fwp%2Fv2%2Fcategories&post=12714"},{"taxonomy":"post_tag","embeddable":true,"href":"https:\/\/stansgar.katolsk.no\/index.php?rest_route=%2Fwp%2Fv2%2Ftags&post=12714"}],"curies":[{"name":"wp","href":"https:\/\/api.w.org\/{rel}","templated":true}]}}