{"id":12710,"date":"2024-02-18T10:01:54","date_gmt":"2024-02-18T09:01:54","guid":{"rendered":"https:\/\/stansgar.katolsk.no\/?p=12710"},"modified":"2024-02-16T11:20:55","modified_gmt":"2024-02-16T10:20:55","slug":"kunngjoringer-sondag-18-februar-2024","status":"publish","type":"post","link":"https:\/\/stansgar.katolsk.no\/?p=12710","title":{"rendered":"KUNNGJ\u00d8RINGER S\u00d8NDAG 18. FEBRUAR 2024"},"content":{"rendered":"<p style=\"text-align: center;\"><strong>&nbsp;&nbsp;&nbsp;&nbsp;&nbsp;&nbsp;&nbsp;&nbsp; &nbsp;&nbsp;&nbsp;&nbsp;KUNNGJ\u00d8RINGER S\u00d8NDAG 18. FEBRUAR 2024 <\/strong><\/p>\n<table style=\"width: 617.25px;\">\n<tbody>\n<tr style=\"height: 102.5px;\">\n<td style=\"width: 524.25px; height: 102.5px;\" colspan=\"5\">Fra mandag 19. februar til torsdag 22. februar har prester i Oslo katolske bisped\u00f8mme retrett med biskop Erik Varden p\u00e5 St Josephs\u00f8strenes retrettsenter p\u00e5 Grefsen i Oslo.<\/p>\n<p>Alle messer i St. Ansgar kirke, tirsdag, onsdag og torsdag er avlyst. &nbsp;Vi ber for biskopen og prestene i bisped\u00f8mmet.<\/td>\n<\/tr>\n<tr style=\"height: 39px;\">\n<td style=\"width: 524.25px; height: 39px;\" colspan=\"5\">&nbsp;<\/td>\n<\/tr>\n<tr style=\"height: 39px;\">\n<td style=\"width: 74px; height: 39px;\">Fredag<\/td>\n<td style=\"width: 41px; height: 39px;\">23.02<strong>.<\/strong><\/td>\n<td style=\"width: 36px; height: 39px;\">kl.<\/td>\n<td style=\"width: 56px; height: 39px;\">18.00<\/td>\n<td style=\"width: 317.25px; height: 39px;\">Messe &#8211; etterfulgt av korsveiandakt p\u00e5 norsk<\/td>\n<\/tr>\n<tr style=\"height: 312px;\">\n<td style=\"width: 74px; height: 312px;\">L\u00f8rdag<\/p>\n<p>&nbsp;<\/p>\n<p>&nbsp;<\/p>\n<p>&nbsp;<\/p>\n<p>&nbsp;<\/p>\n<p>Andre steder<\/td>\n<td style=\"width: 41px; height: 312px;\">24.02<strong>.<\/strong><\/td>\n<td style=\"width: 36px; height: 312px;\">kl.<\/p>\n<p>kl.<\/p>\n<p>kl.<\/p>\n<p>kl.<\/p>\n<p>kl.<\/p>\n<p>&nbsp;<\/p>\n<p>kl.<\/p>\n<p>kl.<\/td>\n<td style=\"width: 56px; height: 312px;\">12.30<\/p>\n<p>13.00<\/p>\n<p>14.00<\/p>\n<p>16.00<\/p>\n<p>18.00<\/p>\n<p>&nbsp;<\/p>\n<p>14.00<\/p>\n<p>17.00<\/td>\n<td style=\"width: 317.25px; height: 312px;\">Rosenkransb\u00f8nn<\/p>\n<p>Messe<\/p>\n<p>Messe p\u00e5 tagalog<\/p>\n<p>Messe p\u00e5 fransk<\/p>\n<p>Messe p\u00e5 polsk &#8211; etterfulgt av korsveiandakt p\u00e5 polsk<\/p>\n<p>&nbsp;<\/p>\n<p>Messe i Lyngdal<\/p>\n<p>Messe i Flekkefjord<\/td>\n<\/tr>\n<tr style=\"height: 39px;\">\n<td style=\"width: 74px; height: 39px;\">S\u00f8ndag<\/td>\n<td style=\"width: 41px; height: 39px;\">25.02<strong>.<\/strong><\/td>\n<td style=\"width: 409.25px; height: 39px;\" colspan=\"3\"><strong>2. S\u00d8NDAG I FASTEN<\/strong><\/td>\n<\/tr>\n<tr style=\"height: 156px;\">\n<td style=\"width: 74px; height: 156px;\">&nbsp;<\/p>\n<p>&nbsp;<\/p>\n<p>&nbsp;<\/p>\n<p>&nbsp;<\/td>\n<td style=\"width: 41px; height: 156px;\">&nbsp;<\/td>\n<td style=\"width: 36px; height: 156px;\">kl.<\/p>\n<p>kl.<\/p>\n<p>kl.<\/p>\n<p>kl.<\/td>\n<td style=\"width: 56px; height: 156px;\">09.00<\/p>\n<p>11.00<\/p>\n<p>13.00<\/p>\n<p>15.00<\/td>\n<td style=\"width: 317.25px; height: 156px;\">Messe p\u00e5 polsk<\/p>\n<p>H\u00f8ymesse<\/p>\n<p>Messe p\u00e5 vietnamesisk<\/p>\n<p>Messe p\u00e5 engelsk<\/td>\n<\/tr>\n<\/tbody>\n<\/table>\n<p><strong>Annet: <\/strong><\/p>\n<ol>\n<li><strong>Andre messer i tillegg til ordin\u00e6re messer denne uken:<\/strong><\/li>\n<\/ol>\n<ul>\n<li><strong>Messe i St. Ansgar kirke:<br \/>\nP\u00e5 l\u00f8rdag 24. februar <\/strong>feirer vi messe p\u00e5 tagalog kl. 14.00 og p\u00e5 fransk kl. 16.00.<strong><br \/>\nP\u00e5 s\u00f8ndag 25. februar <\/strong>feirer vi messe p\u00e5 engelsk kl. 15.00.<\/li>\n<li><strong>Messer andre steder:<br \/>\nP\u00e5 l\u00f8rdag 24. februar feirer <\/strong>vi messe i Lyngdal kl. 14.00 og i Flekkefjord kl. 17.00<\/p>\n<p><strong>2. Fra mandag 19. februar til torsdag 22. februar har prester i Oslo katolske bisped\u00f8mme<\/strong><\/li>\n<\/ul>\n<p>retrett med biskop Erik Varden p\u00e5 St Josephs\u00f8strenes retrettsenter p\u00e5 Grefsen i Oslo.<\/p>\n<p>Alle messer i St. Ansgar kirke, tirsdag, onsdag og torsdag er avlyst.<\/p>\n<p>Vi ber for biskopen og prestene i bisped\u00f8mmet.<\/p>\n<p><strong>3. Juniorklubbens sk\u00f8ytekveld fredag 23.02. <\/strong><\/p>\n<p>Vi skal p\u00e5 isbanen Kompis p\u00e5 Torvet fredag 23.02.<\/p>\n<p>Foreldre leverer barna ved isbanen p\u00e5 Torvet ved R\u00e5dhuset klokka 18.30.<br \/>\nForeldre henter barna ved&nbsp;Burger King i Gyldenl\u00f8vesgt. 6 klokka 20.45.&nbsp;&nbsp;&nbsp;&nbsp;&nbsp; &nbsp;<br \/>\nP\u00e5meldingsfrist er onsdag 21.02.&nbsp;til&nbsp;Dung mob. 418 44&nbsp;223.<\/p>\n<p><strong>4. Retrett i fastetiden:<\/strong><\/p>\n<p>Pater Ole Martin Stamnestr\u00f8 holder retrett 1. \u2013 3. mars i St. Ansgar menighet.<\/p>\n<p>Temaet er: \u00abFaste i fellesskap &#8211; Kirkens liturgiske fastetekster\u00bb.<\/p>\n<p>Retrettprogrammet finner dere p\u00e5 oppslagstavla i kirkens inngangsparti og p\u00e5 menighetens nettside og Facebook. Ta gjerne med et retrettprogram som ligger i kirkens inngangsparti.<\/p>\n<p>Alle er invitert til retretten for \u00e5 fordype fellesskapet med Gud og forberede seg til p\u00e5ske.<\/p>\n<p>&nbsp;<\/p>\n<p style=\"text-align: center;\"><strong>Alle er hjertelig velkommen til kirkekaffe. \u00d8nsker dere riktig god s\u00f8ndag!<\/strong><\/p>\n","protected":false},"excerpt":{"rendered":"<p>&nbsp;&nbsp;&nbsp;&nbsp;&nbsp;&nbsp;&nbsp;&nbsp; &nbsp;&nbsp;&nbsp;&nbsp;KUNNGJ\u00d8RINGER S\u00d8NDAG 18. FEBRUAR 2024 Fra mandag 19. februar til torsdag 22. februar har prester i Oslo katolske bisped\u00f8mme retrett med biskop Erik Varden p\u00e5 St Josephs\u00f8strenes retrettsenter p\u00e5 Grefsen i Oslo. Alle messer i St. Ansgar kirke, tirsdag,&#8230;<br \/><a class=\"read-more-button\" href=\"https:\/\/stansgar.katolsk.no\/?p=12710\">Read more<\/a><\/p>\n","protected":false},"author":1,"featured_media":0,"comment_status":"open","ping_status":"open","sticky":false,"template":"","format":"standard","meta":{"footnotes":""},"categories":[482],"tags":[],"class_list":["post-12710","post","type-post","status-publish","format-standard","hentry","category-kunngjoringer"],"_links":{"self":[{"href":"https:\/\/stansgar.katolsk.no\/index.php?rest_route=\/wp\/v2\/posts\/12710","targetHints":{"allow":["GET"]}}],"collection":[{"href":"https:\/\/stansgar.katolsk.no\/index.php?rest_route=\/wp\/v2\/posts"}],"about":[{"href":"https:\/\/stansgar.katolsk.no\/index.php?rest_route=\/wp\/v2\/types\/post"}],"author":[{"embeddable":true,"href":"https:\/\/stansgar.katolsk.no\/index.php?rest_route=\/wp\/v2\/users\/1"}],"replies":[{"embeddable":true,"href":"https:\/\/stansgar.katolsk.no\/index.php?rest_route=%2Fwp%2Fv2%2Fcomments&post=12710"}],"version-history":[{"count":2,"href":"https:\/\/stansgar.katolsk.no\/index.php?rest_route=\/wp\/v2\/posts\/12710\/revisions"}],"predecessor-version":[{"id":12712,"href":"https:\/\/stansgar.katolsk.no\/index.php?rest_route=\/wp\/v2\/posts\/12710\/revisions\/12712"}],"wp:attachment":[{"href":"https:\/\/stansgar.katolsk.no\/index.php?rest_route=%2Fwp%2Fv2%2Fmedia&parent=12710"}],"wp:term":[{"taxonomy":"category","embeddable":true,"href":"https:\/\/stansgar.katolsk.no\/index.php?rest_route=%2Fwp%2Fv2%2Fcategories&post=12710"},{"taxonomy":"post_tag","embeddable":true,"href":"https:\/\/stansgar.katolsk.no\/index.php?rest_route=%2Fwp%2Fv2%2Ftags&post=12710"}],"curies":[{"name":"wp","href":"https:\/\/api.w.org\/{rel}","templated":true}]}}