{"id":12664,"date":"2024-01-31T15:10:08","date_gmt":"2024-01-31T14:10:08","guid":{"rendered":"https:\/\/stansgar.katolsk.no\/?p=12664"},"modified":"2024-01-31T15:10:09","modified_gmt":"2024-01-31T14:10:09","slug":"velkommen-til-synodalt-motesondag-11-februar","status":"publish","type":"post","link":"https:\/\/stansgar.katolsk.no\/?p=12664","title":{"rendered":"Velkommen til synodalt m\u00f8tes\u00f8ndag 11. februar"},"content":{"rendered":"\n<p><strong>LA OSS G\u00c5 SAMMEN SOM EN KIRKE MED DEN HELLIGE \u00c5ND<\/strong><\/p>\n\n\n\n<p><strong>Velkommen til synodalt m\u00f8te<\/strong> <strong>s\u00f8ndag 11. februar kl. 18.00 i Kiga<\/strong><\/p>\n\n\n\n<p>Kj\u00e6re troende,<\/p>\n\n\n\n<p>Biskop Bernt har sendt et opplegg for synodal prosess i menighetene til oss som er foresl\u00e5tt og anbefalt av Pastoralr\u00e5det. Biskopen \u00f8nsker alle medlemmer i OKB velkommen til \u00e5 v\u00e6re med i den synodale prosessen.<\/p>\n\n\n\n<p>Opplegget for den synodale veien forsl\u00e5tt av Pastoralr\u00e5det er <em>tema <\/em><strong>Misjon.<\/strong><\/p>\n\n\n\n<p>Alle medlemmer i menigheten er invitert til m\u00f8tet <strong>s\u00f8ndag 11. februar kl. 18.00 i Kiga.<\/strong><\/p>\n\n\n\n<p>p. Tien, p. Piotr, p. Oliver og Menighetsr\u00e5det.<\/p>\n\n\n\n<div data-wp-interactive=\"core\/file\" class=\"wp-block-file\"><object data-wp-bind--hidden=\"!state.hasPdfPreview\" hidden class=\"wp-block-file__embed\" data=\"https:\/\/stansgar.katolsk.no\/wp-content\/uploads\/2024\/01\/Forslag-til-synodal-prosess-i-lokale-menigheter-misjon.pdf\" type=\"application\/pdf\" style=\"width:100%;height:600px\" aria-label=\"Innbygging av Forslag-til-synodal-prosess-i-lokale-menigheter-misjon\"><\/object><a id=\"wp-block-file--media-1f0913ca-35c2-4ee1-8fd4-700bad6c61f6\" href=\"https:\/\/stansgar.katolsk.no\/wp-content\/uploads\/2024\/01\/Forslag-til-synodal-prosess-i-lokale-menigheter-misjon.pdf\">Forslag-til-synodal-prosess-i-lokale-menigheter-misjon<\/a><a href=\"https:\/\/stansgar.katolsk.no\/wp-content\/uploads\/2024\/01\/Forslag-til-synodal-prosess-i-lokale-menigheter-misjon.pdf\" class=\"wp-block-file__button wp-element-button\" download aria-describedby=\"wp-block-file--media-1f0913ca-35c2-4ee1-8fd4-700bad6c61f6\">Last ned<\/a><\/div>\n","protected":false},"excerpt":{"rendered":"<p>LA OSS G\u00c5 SAMMEN SOM EN KIRKE MED DEN HELLIGE \u00c5ND Velkommen til synodalt m\u00f8te s\u00f8ndag 11. februar kl. 18.00 i Kiga Kj\u00e6re troende, Biskop Bernt har sendt et opplegg for synodal prosess i menighetene til oss som er foresl\u00e5tt&#8230;<br \/><a class=\"read-more-button\" href=\"https:\/\/stansgar.katolsk.no\/?p=12664\">Read more<\/a><\/p>\n","protected":false},"author":1,"featured_media":0,"comment_status":"open","ping_status":"open","sticky":false,"template":"","format":"standard","meta":{"footnotes":""},"categories":[204],"tags":[633],"class_list":["post-12664","post","type-post","status-publish","format-standard","hentry","category-ukategorisert-nb","tag-synodal-prosess"],"_links":{"self":[{"href":"https:\/\/stansgar.katolsk.no\/index.php?rest_route=\/wp\/v2\/posts\/12664","targetHints":{"allow":["GET"]}}],"collection":[{"href":"https:\/\/stansgar.katolsk.no\/index.php?rest_route=\/wp\/v2\/posts"}],"about":[{"href":"https:\/\/stansgar.katolsk.no\/index.php?rest_route=\/wp\/v2\/types\/post"}],"author":[{"embeddable":true,"href":"https:\/\/stansgar.katolsk.no\/index.php?rest_route=\/wp\/v2\/users\/1"}],"replies":[{"embeddable":true,"href":"https:\/\/stansgar.katolsk.no\/index.php?rest_route=%2Fwp%2Fv2%2Fcomments&post=12664"}],"version-history":[{"count":1,"href":"https:\/\/stansgar.katolsk.no\/index.php?rest_route=\/wp\/v2\/posts\/12664\/revisions"}],"predecessor-version":[{"id":12666,"href":"https:\/\/stansgar.katolsk.no\/index.php?rest_route=\/wp\/v2\/posts\/12664\/revisions\/12666"}],"wp:attachment":[{"href":"https:\/\/stansgar.katolsk.no\/index.php?rest_route=%2Fwp%2Fv2%2Fmedia&parent=12664"}],"wp:term":[{"taxonomy":"category","embeddable":true,"href":"https:\/\/stansgar.katolsk.no\/index.php?rest_route=%2Fwp%2Fv2%2Fcategories&post=12664"},{"taxonomy":"post_tag","embeddable":true,"href":"https:\/\/stansgar.katolsk.no\/index.php?rest_route=%2Fwp%2Fv2%2Ftags&post=12664"}],"curies":[{"name":"wp","href":"https:\/\/api.w.org\/{rel}","templated":true}]}}