{"id":12650,"date":"2024-01-28T10:01:48","date_gmt":"2024-01-28T09:01:48","guid":{"rendered":"https:\/\/stansgar.katolsk.no\/?p=12650"},"modified":"2024-01-30T14:57:37","modified_gmt":"2024-01-30T13:57:37","slug":"kunngjoringer-sondag-28-januar-2024","status":"publish","type":"post","link":"https:\/\/stansgar.katolsk.no\/?p=12650","title":{"rendered":"KUNNGJ\u00d8RINGER S\u00d8NDAG 28. JANUAR 2024"},"content":{"rendered":"<p style=\"text-align: center;\"><strong>KUNNGJ\u00d8RINGER S\u00d8NDAG 28. JANUAR 2024 <\/strong><\/p>\n<table style=\"width: 642.719px;\">\n<tbody>\n<tr>\n<td style=\"width: 64px;\">Tirsdag<\/td>\n<td style=\"width: 51px;\">30.01<strong>.<\/strong><\/td>\n<td style=\"width: 38px;\">kl.<\/p>\n<p>kl.<\/td>\n<td style=\"width: 46px;\">17.30<\/p>\n<p>18.00<\/td>\n<td style=\"width: 350.719px;\">Vesper<\/p>\n<p>Messe &#8211; etterfulgt av sakramentstilbedelse<\/td>\n<\/tr>\n<tr>\n<td style=\"width: 64px;\">Onsdag<\/td>\n<td style=\"width: 51px;\">31.01<strong>.<\/strong><\/td>\n<td style=\"width: 38px;\">kl.<\/td>\n<td style=\"width: 46px;\">18.00<\/td>\n<td style=\"width: 350.719px;\">Messe<\/td>\n<\/tr>\n<tr>\n<td style=\"width: 64px;\">Torsdag<\/td>\n<td style=\"width: 51px;\">01.02<strong>.<\/strong><\/td>\n<td style=\"width: 38px;\">kl.<\/p>\n<p>&nbsp;<\/p>\n<p>&nbsp;<\/p>\n<p>kl.<\/td>\n<td style=\"width: 46px;\">11.00<\/p>\n<p>&nbsp;<\/p>\n<p>&nbsp;<\/p>\n<p>18.00<\/td>\n<td style=\"width: 350.719px;\">Messe &#8211; etterfulgt av felles lunsj i Kiga.<\/p>\n<p>Etter messen er det stille tilbedelse fram til kl. 17.45.<\/p>\n<p>Vi ber spesielt for kall til ordenslivet og presteskapet.<\/p>\n<p>Messe<\/td>\n<\/tr>\n<tr>\n<td style=\"width: 64px;\" rowspan=\"2\">Fredag<\/td>\n<td style=\"width: 51px;\" rowspan=\"2\">02.02<strong>.<\/strong><\/td>\n<td style=\"width: 434.719px;\" colspan=\"3\">Fest: <strong>Herrens fremstilling i tempelet<\/strong><\/td>\n<\/tr>\n<tr>\n<td style=\"width: 38px;\">kl.<\/p>\n<p>kl.<\/td>\n<td style=\"width: 46px;\">17.00<\/p>\n<p>18.00<\/td>\n<td style=\"width: 350.719px;\">Sakramentstilbedelse \u2013 Skriftem\u00e5l under tilbedelsen<\/p>\n<p>Messe<\/td>\n<\/tr>\n<tr>\n<td style=\"width: 64px;\" rowspan=\"2\">L\u00f8rdag<\/td>\n<td style=\"width: 51px;\" rowspan=\"2\">03.02<strong>.<\/strong><\/td>\n<td style=\"width: 434.719px;\" colspan=\"3\">Minnedag: <strong>Den hellige Ansgar &#8211; Vernehelgen for v\u00e5r menighet<\/strong><\/td>\n<\/tr>\n<tr>\n<td style=\"width: 38px;\">kl.<\/p>\n<p>kl.<\/td>\n<td style=\"width: 46px;\">13.00<\/p>\n<p>18.00<\/td>\n<td style=\"width: 350.719px;\">Katekesemesse<\/p>\n<p>Messe p\u00e5 polsk<\/td>\n<\/tr>\n<tr>\n<td style=\"width: 64px;\">S\u00f8ndag<\/td>\n<td style=\"width: 51px;\">04.02<strong>.<\/strong><\/td>\n<td style=\"width: 434.719px;\" colspan=\"3\"><strong>4. S\u00d8NDAG I DET ALMINNELIGE KIRKE\u00c5R<\/strong><\/td>\n<\/tr>\n<tr>\n<td style=\"width: 64px;\">&nbsp;<\/td>\n<td style=\"width: 51px;\">&nbsp;<\/td>\n<td style=\"width: 38px;\">kl.<\/p>\n<p>kl.<\/p>\n<p>kl.<\/p>\n<p>kl.<\/td>\n<td style=\"width: 46px;\">09.00<\/p>\n<p>11.00<\/p>\n<p>13.00<\/p>\n<p>15.00<\/td>\n<td style=\"width: 350.719px;\">Messe p\u00e5 polsk<\/p>\n<p>H\u00f8ymesse<\/p>\n<p>Messe p\u00e5 vietnamesisk<\/p>\n<p>Messe p\u00e5 kaldeisk<\/td>\n<\/tr>\n<\/tbody>\n<\/table>\n<p><strong>Annet: <\/strong><\/p>\n<p><strong>1) Andre messer i tillegg til ordin\u00e6re messer denne uken:<\/strong><\/p>\n<p><strong>Messer i St. Ansgar kirke:<\/strong><\/p>\n<p>&#8211; S\u00f8ndag 4. februar er det messe p\u00e5 kaldeisk kl.15.00.<\/p>\n<p><strong>2)<\/strong> <strong>Fester og h\u00f8ytider denne uken:<\/strong><br \/>\n&#8211; Fredag 2. februar er det fest for Herrens fremstilling i tempelet;<br \/>\n&#8211; L\u00f8rdag 3. februar er det minnedag for Den hellige Ansgar- Vernehelgen for v\u00e5r menighet.<\/p>\n<p><strong>3) Katekese l\u00f8rdag 03.02.<\/strong><\/p>\n<p>Kl. 10.00-14.00 er det katekese for 8. trinn.<\/p>\n<ol start=\"9\">\n<li>trinn har ikke katekese fordi konfirmantene skal ha praksis i katekesen 10.02.<\/li>\n<\/ol>\n<p>Kl. 13.00-14.00 er det katekesemesse.<\/p>\n<p>&nbsp;<\/p>\n<p><strong>4)<\/strong> Torsdag 1. februar kl. 18. 45 er det troskurs.<\/p>\n<p>&nbsp;<\/p>\n<p><strong>5) Saul <\/strong>vil invitere alle ungdommen i menigheten til en morsom bowlingkveld den 9. februar kl. 18.00. M\u00f8te opp med Lucky Bowl Lund med et smil og et h\u00f8yt konkurranseinstinkt! &nbsp; &nbsp; &nbsp; &nbsp; &nbsp; &nbsp; &nbsp; &nbsp; &nbsp; &nbsp; &nbsp; &nbsp; &nbsp; &nbsp; &nbsp; &nbsp; &nbsp; &nbsp; &nbsp; &nbsp; &nbsp; &nbsp; &nbsp; &nbsp; &nbsp; &nbsp; &nbsp; &nbsp; &nbsp; &nbsp; &nbsp; &nbsp; &nbsp; &nbsp; &nbsp; &nbsp; &nbsp; &nbsp; &nbsp; &nbsp; &nbsp; &nbsp;<\/p>\n<p>For \u00e5 sikre at vi har nok plass, vennligst gi beskjed om du kommer innen 7 februar til Helen mob. 48270833.<\/p>\n<p>&nbsp;<\/p>\n<p><strong>6) Menighetsr\u00e5dsvalg<\/strong><\/p>\n<p>P\u00e5 grunn av pandemien har menighetsr\u00e5dets funksjonstid blitt forlenget det siste halvannet \u00e5ret. N\u00e5 oppfordrer biskopen at menighetsr\u00e5dsvalg gjennomf\u00f8res innen 1. juli 2024. Valgkomit\u00e9en ble oppnevnt p\u00e5 det siste menighetsr\u00e5dsm\u00f8tet 17. januar 2024.<\/p>\n<p>Medlemmer i valgkomit\u00e9en:<\/p>\n<ol>\n<li>Elzbieta Klamrowska<\/li>\n<li>Mona Jacobsen Jardim<\/li>\n<li>Tinh Doan<\/li>\n<\/ol>\n<p>Valgkomit\u00e9en har to oppgaver:<\/p>\n<p>&#8211;&nbsp;&nbsp;&nbsp;&nbsp;&nbsp;&nbsp;&nbsp;&nbsp;&nbsp;&nbsp; \u00e5 informere om menighetsr\u00e5dsvalget;<\/p>\n<p>&#8211;&nbsp;&nbsp;&nbsp;&nbsp;&nbsp;&nbsp;&nbsp;&nbsp;&nbsp;&nbsp; \u00e5 finne gode kandidater som kan representere menigheten.<\/p>\n<p>Menighetsr\u00e5dsvalgdagene i v\u00e5r menighet er p\u00e5 f\u00f8lgende l\u00f8rdager og s\u00f8ndager:<br \/>\n&#8211; 27. april i Lyngdal og Flekkefjord og i v\u00e5r menighet,<br \/>\n&#8211; 28. april i v\u00e5r menighet,<br \/>\n&#8211; 4. og 5.mai i v\u00e5r menighet.<\/p>\n<p>Valgkomit\u00e9en vil komme med mer informasjon om menighetsr\u00e5dsvalget etter hvert.<\/p>\n<p><strong>&nbsp;<\/strong><\/p>\n<p style=\"text-align: center;\"><strong>&nbsp;&nbsp;&nbsp;&nbsp;&nbsp;&nbsp;&nbsp;&nbsp;&nbsp;&nbsp; Alle er hjertelig velkommen til kirkekaffe. \u00d8nsker dere riktig god s\u00f8ndag!<\/strong><\/p>\n","protected":false},"excerpt":{"rendered":"<p>KUNNGJ\u00d8RINGER S\u00d8NDAG 28. JANUAR 2024 Tirsdag 30.01. kl. kl. 17.30 18.00 Vesper Messe &#8211; etterfulgt av sakramentstilbedelse Onsdag 31.01. kl. 18.00 Messe Torsdag 01.02. kl. &nbsp; &nbsp; kl. 11.00 &nbsp; &nbsp; 18.00 Messe &#8211; etterfulgt av felles lunsj i Kiga&#8230;.<br \/><a class=\"read-more-button\" href=\"https:\/\/stansgar.katolsk.no\/?p=12650\">Read more<\/a><\/p>\n","protected":false},"author":1,"featured_media":0,"comment_status":"open","ping_status":"open","sticky":false,"template":"","format":"standard","meta":{"footnotes":""},"categories":[482],"tags":[],"class_list":["post-12650","post","type-post","status-publish","format-standard","hentry","category-kunngjoringer"],"_links":{"self":[{"href":"https:\/\/stansgar.katolsk.no\/index.php?rest_route=\/wp\/v2\/posts\/12650","targetHints":{"allow":["GET"]}}],"collection":[{"href":"https:\/\/stansgar.katolsk.no\/index.php?rest_route=\/wp\/v2\/posts"}],"about":[{"href":"https:\/\/stansgar.katolsk.no\/index.php?rest_route=\/wp\/v2\/types\/post"}],"author":[{"embeddable":true,"href":"https:\/\/stansgar.katolsk.no\/index.php?rest_route=\/wp\/v2\/users\/1"}],"replies":[{"embeddable":true,"href":"https:\/\/stansgar.katolsk.no\/index.php?rest_route=%2Fwp%2Fv2%2Fcomments&post=12650"}],"version-history":[{"count":4,"href":"https:\/\/stansgar.katolsk.no\/index.php?rest_route=\/wp\/v2\/posts\/12650\/revisions"}],"predecessor-version":[{"id":12654,"href":"https:\/\/stansgar.katolsk.no\/index.php?rest_route=\/wp\/v2\/posts\/12650\/revisions\/12654"}],"wp:attachment":[{"href":"https:\/\/stansgar.katolsk.no\/index.php?rest_route=%2Fwp%2Fv2%2Fmedia&parent=12650"}],"wp:term":[{"taxonomy":"category","embeddable":true,"href":"https:\/\/stansgar.katolsk.no\/index.php?rest_route=%2Fwp%2Fv2%2Fcategories&post=12650"},{"taxonomy":"post_tag","embeddable":true,"href":"https:\/\/stansgar.katolsk.no\/index.php?rest_route=%2Fwp%2Fv2%2Ftags&post=12650"}],"curies":[{"name":"wp","href":"https:\/\/api.w.org\/{rel}","templated":true}]}}