{"id":12532,"date":"2023-12-10T09:55:01","date_gmt":"2023-12-10T08:55:01","guid":{"rendered":"https:\/\/stansgar.katolsk.no\/?p=12532"},"modified":"2023-12-12T14:33:19","modified_gmt":"2023-12-12T13:33:19","slug":"messetider-i-julen-2023","status":"publish","type":"post","link":"https:\/\/stansgar.katolsk.no\/?p=12532","title":{"rendered":"MESSETIDER I JULEN 2023"},"content":{"rendered":"<p style=\"text-align: center;\"><strong>MESSETIDER I JULEN 2023<\/strong><\/p>\n<p style=\"text-align: center;\"><strong>KRISTI F\u00d8DSELSFEST<\/strong><\/p>\n<table style=\"width: 695.078px;\">\n<tbody>\n<tr style=\"height: 39px;\">\n<td style=\"width: 77px; height: 195px;\" rowspan=\"2\">S\u00f8ndag<\/td>\n<td style=\"width: 38px; height: 195px;\" rowspan=\"2\">24.12.<\/td>\n<td style=\"width: 488.078px; height: 39px;\" colspan=\"3\"><strong>Juleaften<\/strong><\/td>\n<\/tr>\n<tr style=\"height: 156px;\">\n<td style=\"width: 20px; height: 156px;\">kl.<\/p>\n<p>kl.<\/p>\n<p>kl.<\/p>\n<p>kl.<\/td>\n<td style=\"width: 74px; height: 156px;\">15.00<\/p>\n<p>17.00<\/p>\n<p>21.00<\/p>\n<p>23.00<\/td>\n<td style=\"width: 394.078px; height: 156px;\">Familiemesse<\/p>\n<p>Messe p\u00e5 vietnamesisk<\/p>\n<p>Messe p\u00e5 polsk<\/p>\n<p>Midnattsmessen<\/td>\n<\/tr>\n<tr style=\"height: 39px;\">\n<td style=\"width: 77px; height: 273px;\" rowspan=\"2\">Mandag<\/td>\n<td style=\"width: 38px; height: 273px;\" rowspan=\"2\">25.12.<\/td>\n<td style=\"width: 488.078px; height: 39px;\" colspan=\"3\"><strong>Juledag<\/strong><\/td>\n<\/tr>\n<tr style=\"height: 234px;\">\n<td style=\"width: 20px; height: 234px;\">kl.<\/p>\n<p>kl.<\/p>\n<p>kl.<\/p>\n<p>kl.<\/p>\n<p>&nbsp;<\/td>\n<td style=\"width: 74px; height: 234px;\">9.00<\/p>\n<p>11.00<\/p>\n<p>13.00<\/p>\n<p>18.00<\/p>\n<p>&nbsp;<\/td>\n<td style=\"width: 394.078px; height: 234px;\">Messe p\u00e5 polsk<\/p>\n<p>H\u00f8ymesse<\/p>\n<p>Messe p\u00e5 vietnamesisk<\/p>\n<p>Messe p\u00e5 ukrainsk<\/p>\n<p>18.00: skriftem\u00e5l<\/p>\n<p>18.30-19.30: liturgien<\/td>\n<\/tr>\n<tr style=\"height: 39px;\">\n<td style=\"width: 77px; height: 156px;\" rowspan=\"2\">Tirsdag<\/td>\n<td style=\"width: 38px; height: 156px;\" rowspan=\"2\">26.12.<\/td>\n<td style=\"width: 488.078px; height: 39px;\" colspan=\"3\"><strong>2. Juledag, <\/strong>Den Hellige Stefan \u2013 Kirken f\u00f8rste martyr<\/td>\n<\/tr>\n<tr style=\"height: 117px;\">\n<td style=\"width: 20px; height: 117px;\">kl.<\/p>\n<p>kl.<\/p>\n<p>kl.<\/td>\n<td style=\"width: 74px; height: 117px;\">9.00<\/p>\n<p>11.00<\/p>\n<p>13.00<\/td>\n<td style=\"width: 394.078px; height: 117px;\">Messe p\u00e5 polsk<\/p>\n<p>Messe p\u00e5 norsk<\/p>\n<p>Messe p\u00e5 vietnamesisk<\/td>\n<\/tr>\n<tr style=\"height: 39px;\">\n<td style=\"width: 77px; height: 78px;\" rowspan=\"2\">Onsdag<\/td>\n<td style=\"width: 38px; height: 78px;\" rowspan=\"2\">27.12.<\/td>\n<td style=\"width: 488.078px; height: 39px;\" colspan=\"3\">Den hellige evangelisten Johannes<\/td>\n<\/tr>\n<tr style=\"height: 39px;\">\n<td style=\"width: 20px; height: 39px;\">kl.<\/p>\n<p>&nbsp;<\/p>\n<p>kl.<\/td>\n<td style=\"width: 74px; height: 39px;\">12.00<\/p>\n<p>&nbsp;<\/p>\n<p>18.00<\/td>\n<td style=\"width: 394.078px; height: 39px;\">Messe i St.a. Katarina kapellet, Lista.&nbsp;<\/p>\n<p>adressen: Vetlandsveien 167, 4560 Vanse<\/p>\n<p>Messe<\/td>\n<\/tr>\n<tr style=\"height: 39px;\">\n<td style=\"width: 77px; height: 78px;\" rowspan=\"2\">Torsdag<\/td>\n<td style=\"width: 38px; height: 78px;\" rowspan=\"2\">28.12.<\/td>\n<td style=\"width: 488.078px; height: 39px;\" colspan=\"3\">De uskyldige barn i Betlehem<\/td>\n<\/tr>\n<tr style=\"height: 39px;\">\n<td style=\"width: 20px; height: 39px;\">kl.<\/td>\n<td style=\"width: 74px; height: 39px;\">18.00<\/td>\n<td style=\"width: 394.078px; height: 39px;\">Messe<\/td>\n<\/tr>\n<tr style=\"height: 39px;\">\n<td style=\"width: 77px; height: 39px;\">Fredag<\/td>\n<td style=\"width: 38px; height: 39px;\">29.12.<\/td>\n<td style=\"width: 20px; height: 39px;\">kl.<\/td>\n<td style=\"width: 74px; height: 39px;\">18.00<\/td>\n<td style=\"width: 394.078px; height: 39px;\">Messe<\/td>\n<\/tr>\n<tr style=\"height: 78px;\">\n<td style=\"width: 77px; height: 78px;\">L\u00f8rdag<\/td>\n<td style=\"width: 38px; height: 78px;\">30.12.<\/td>\n<td style=\"width: 20px; height: 78px;\">kl.<\/p>\n<p>kl.<\/td>\n<td style=\"width: 74px; height: 78px;\">13.00<\/p>\n<p>18.00<\/td>\n<td style=\"width: 394.078px; height: 78px;\">Messe<\/p>\n<p>Messe p\u00e5 polsk<\/td>\n<\/tr>\n<tr style=\"height: 39px;\">\n<td style=\"width: 77px; height: 195px;\" rowspan=\"2\">S\u00f8ndag<\/td>\n<td style=\"width: 38px; height: 195px;\" rowspan=\"2\">31.12.<\/td>\n<td style=\"width: 488.078px; height: 39px;\" colspan=\"3\">DEN HELLIGE FAMILIE<\/td>\n<\/tr>\n<tr style=\"height: 156px;\">\n<td style=\"width: 20px; height: 156px;\">kl.<\/p>\n<p>kl.<\/p>\n<p>kl.<\/p>\n<p>kl.<\/td>\n<td style=\"width: 74px; height: 156px;\">09.00<\/p>\n<p>11.00<\/p>\n<p>13.00<\/p>\n<p>15.00<\/td>\n<td style=\"width: 394.078px; height: 156px;\">Messe p\u00e5 polsk<\/p>\n<p>H\u00f8ymesse<\/p>\n<p>Messe p\u00e5 vietnamesisk<\/p>\n<p>Messe p\u00e5 engelsk<\/td>\n<\/tr>\n<tr style=\"height: 43.5px;\">\n<td style=\"width: 77px; height: 43.5px;\">&nbsp;<\/p>\n<p>&nbsp;<\/p>\n<p>&nbsp;<\/p>\n<p>Mandag<\/td>\n<td style=\"width: 526.078px; height: 43.5px;\" colspan=\"4\"><strong>&nbsp;<\/strong><\/p>\n<p><strong>&nbsp;<\/strong><\/p>\n<p><strong>&nbsp;<\/strong><\/p>\n<p><strong>01.01.2024<\/strong> &#8211; <strong>Nytt\u00e5rsdag &#8211; GUDS HELLIGE MOR MARIA <\/strong><\/td>\n<\/tr>\n<tr style=\"height: 117px;\">\n<td style=\"width: 77px; height: 117px;\">&nbsp;<\/td>\n<td style=\"width: 38px; height: 117px;\">&nbsp;<\/td>\n<td style=\"width: 20px; height: 117px;\">kl.<\/p>\n<p>kl.<\/p>\n<p>kl.<\/td>\n<td style=\"width: 74px; height: 117px;\">11.00<\/p>\n<p>13.00<\/p>\n<p>18.00<\/td>\n<td style=\"width: 394.078px; height: 117px;\">H\u00f8ymesse<\/p>\n<p>Messe p\u00e5 vietnamesisk<\/p>\n<p>Messe p\u00e5 polsk<\/td>\n<\/tr>\n<\/tbody>\n<\/table>\n<p>&nbsp;<\/p>\n","protected":false},"excerpt":{"rendered":"<p>MESSETIDER I JULEN 2023 KRISTI F\u00d8DSELSFEST S\u00f8ndag 24.12. Juleaften kl. kl. kl. kl. 15.00 17.00 21.00 23.00 Familiemesse Messe p\u00e5 vietnamesisk Messe p\u00e5 polsk Midnattsmessen Mandag 25.12. Juledag kl. kl. kl. kl. &nbsp; 9.00 11.00 13.00 18.00 &nbsp; Messe p\u00e5&#8230;<br \/><a class=\"read-more-button\" href=\"https:\/\/stansgar.katolsk.no\/?p=12532\">Read more<\/a><\/p>\n","protected":false},"author":1,"featured_media":0,"comment_status":"open","ping_status":"open","sticky":false,"template":"","format":"standard","meta":{"footnotes":""},"categories":[653],"tags":[629],"class_list":["post-12532","post","type-post","status-publish","format-standard","hentry","category-jul","tag-messetider-jul"],"_links":{"self":[{"href":"https:\/\/stansgar.katolsk.no\/index.php?rest_route=\/wp\/v2\/posts\/12532","targetHints":{"allow":["GET"]}}],"collection":[{"href":"https:\/\/stansgar.katolsk.no\/index.php?rest_route=\/wp\/v2\/posts"}],"about":[{"href":"https:\/\/stansgar.katolsk.no\/index.php?rest_route=\/wp\/v2\/types\/post"}],"author":[{"embeddable":true,"href":"https:\/\/stansgar.katolsk.no\/index.php?rest_route=\/wp\/v2\/users\/1"}],"replies":[{"embeddable":true,"href":"https:\/\/stansgar.katolsk.no\/index.php?rest_route=%2Fwp%2Fv2%2Fcomments&post=12532"}],"version-history":[{"count":5,"href":"https:\/\/stansgar.katolsk.no\/index.php?rest_route=\/wp\/v2\/posts\/12532\/revisions"}],"predecessor-version":[{"id":12547,"href":"https:\/\/stansgar.katolsk.no\/index.php?rest_route=\/wp\/v2\/posts\/12532\/revisions\/12547"}],"wp:attachment":[{"href":"https:\/\/stansgar.katolsk.no\/index.php?rest_route=%2Fwp%2Fv2%2Fmedia&parent=12532"}],"wp:term":[{"taxonomy":"category","embeddable":true,"href":"https:\/\/stansgar.katolsk.no\/index.php?rest_route=%2Fwp%2Fv2%2Fcategories&post=12532"},{"taxonomy":"post_tag","embeddable":true,"href":"https:\/\/stansgar.katolsk.no\/index.php?rest_route=%2Fwp%2Fv2%2Ftags&post=12532"}],"curies":[{"name":"wp","href":"https:\/\/api.w.org\/{rel}","templated":true}]}}