{"id":12505,"date":"2023-11-28T11:49:42","date_gmt":"2023-11-28T10:49:42","guid":{"rendered":"https:\/\/stansgar.katolsk.no\/?p=12505"},"modified":"2023-11-28T11:49:44","modified_gmt":"2023-11-28T10:49:44","slug":"referat-menighetsradsmote-22-november-2023","status":"publish","type":"post","link":"https:\/\/stansgar.katolsk.no\/?p=12505","title":{"rendered":"Referat menighetsr\u00e5dsm\u00f8te 22. november 2023"},"content":{"rendered":"\n<div class=\"wp-block-file\"><a href=\"https:\/\/stansgar.katolsk.no\/wp-content\/uploads\/2023\/11\/Menighetsra\u030adsm\u00f8te-22.-nov-23.pdf\">Menighetsra\u030adsm\u00f8te-22.-nov-23<\/a><a href=\"https:\/\/stansgar.katolsk.no\/wp-content\/uploads\/2023\/11\/Menighetsra\u030adsm\u00f8te-22.-nov-23.pdf\" class=\"wp-block-file__button\" download>Last ned<\/a><\/div>\n\n\n\n<figure class=\"wp-block-table\"><table><tbody><tr><td>Tilstede:<\/td><td>P. Quang Tien Dang, P. Oliver Obinna Izuogu, Xuat Minh Dang, Jocelyn Augland, Lan Ngoc Nguyen, Helen Maty og Kaja Kristine Gustavsen Tho. Representanter fra spr\u00e5kgruppene (spansk, filippinsk, kaldeisk, fransk, engelsk, vietnamesisk).<\/td><\/tr><tr><td>&nbsp; Forfall:<\/td><td>&nbsp; Ane Ugland Alb\u00e6k, Sigrid Therese Kornbrekke, Victor Manuel Meza Munoz, Lucyna Zawadadzka, P. Piotr Gasior og Wlodzimierz Dyzma.<\/td><\/tr><\/tbody><\/table><\/figure>\n\n\n\n<p>Sak 1 Godkjenning av innkalling og saksliste<\/p>\n\n\n\n<p>Godkjent uten anmerkninger.<\/p>\n\n\n\n<p><strong>Sak 2 Informasjon<\/strong><\/p>\n\n\n\n<p>Ingenting p\u00e5 dette punktet.<\/p>\n\n\n\n<p><strong>Sak 3: Planlegging av bispevisitas 2-3 desember:<\/strong><\/p>\n\n\n\n<p>Antall personer:<\/p>\n\n\n\n<ul class=\"wp-block-list\"><li>Middag \u2013 30 gjester<\/li><li>Kirkekaffe \u2013 Vi satser p\u00e5 300 gjester<\/li><li>Lunsj \u2013 65 gjester<\/li><\/ul>\n\n\n\n<p>TORSDAG 30. NOVEMBER: DUGNAD &#8211; VASKING OG RYDDING AV KIRKEN OG KIGA<\/p>\n\n\n\n<p>Ansvarlig: Jocelyn<\/p>\n\n\n\n<ul class=\"wp-block-list\"><li>Jocelyn lager en liste over hva som trenges \u00e5 vaskes<\/li><li>Alle kontakter henne dersom de har mulighet til \u00e5 hjelpe til<\/li><li>Hun s\u00f8rger for at vi har alt av vaskeutstyr til den dagen<\/li><\/ul>\n\n\n\n<p>VIKTIG: Menighetsr\u00e5det og representanter av nasjonalgrupper har et ansvar om \u00e5 spre ordet!<\/p>\n\n\n\n<p>Annet:<\/p>\n\n\n\n<ul class=\"wp-block-list\"><li>Prestene kunngj\u00f8r i messene om dugnaden<\/li><li>Kirken har leid et vaskefirma som skal vaske alle vinduene fra utsiden i f\u00f8rste og andre etasje.<\/li><\/ul>\n\n\n\n<p>Forslag til arbeidsfordeling:<\/p>\n\n\n\n<ul class=\"wp-block-list\"><li>Filippinsk gruppe har ansvar for \u00e5 vaske kirken<\/li><li>Fransk gruppe har ansvar for ungdomskjelleren<\/li><li>Spansk gruppe har ansvar for \u00e5 vaske Kiga og kj\u00f8kkenet<\/li><li>Helen har ansvar for \u00e5 se over uteomr\u00e5det<\/li><\/ul>\n\n\n\n<p>NB: Kirken er stor, vi trenger at alle kan bidra og hjelpe til!<\/p>\n\n\n\n<p>L\u00d8RDAG 2. DESEMBER:<\/p>\n\n\n\n<p>M\u00f8ter:<\/p>\n\n\n\n<ul class=\"wp-block-list\"><li>Alle m\u00f8ter vil finne sted p\u00e5 biblioteket.<\/li><li>Kaffebord i 2. etasje: det skal alltid v\u00e6re kaffe, vann, te tilgjengelig under alle m\u00f8tene, samtidig skal det serveres fruktfat og litt sjokolade (konfekt?).<\/li><li>Gjesterom: gjesterommet skal forberedes for \u00e5 gj\u00f8r det mulig for biskopen \u00e5 ta pauser mellom m\u00f8tene ved behov. Det skal alltid v\u00e6re vann, te, kaffe, sjokolade og frukt tilgjengelig.<\/li><\/ul>\n\n\n\n<p>Tilgjengelighet av Kiga:<\/p>\n\n\n\n<ul class=\"wp-block-list\"><li>Kiga vil v\u00e6re tilgjengelig Kl.13.00 etter katekesen p\u00e5 l\u00f8rdagen, da har vi 7 timer p\u00e5 \u00e5 gj\u00f8r klart til middagen.<\/li><\/ul>\n\n\n\n<p>Pynt av Kiga og kirken:<\/p>\n\n\n\n<ul class=\"wp-block-list\"><li>Bordplassering: diagonalt bordoppsett -8 bord (Et langt bord)<\/li><li>Duker: Helen l\u00e5ner 6 hvite store duker (300&#215;150)<\/li><li>Bordpynt: Hviteblomster og lys p\u00e5 hvert bord (Helen fikser sm\u00e5 vaser med sm\u00e5 blomster)<\/li><li>Kirken: vietnamesisk gruppe pynter kirken<\/li><li>Ella fikser et fint servise til middagen og diverse ting&#8230;<\/li><\/ul>\n\n\n\n<p>Servering av middag:<\/p>\n\n\n\n<ul class=\"wp-block-list\"><li>Vietnamesisk og Polsk gruppe er ansvarlige for middagen og dessert.<\/li><\/ul>\n\n\n\n<p>\u00e0 Kokkene har ogs\u00e5 ansvaret for \u00e5 servere maten.<\/p>\n\n\n\n<ul class=\"wp-block-list\"><li>Matallergi: menighetssekret\u00e6r sender mail til alle som skal delta til middag og lunsj om de har noen matallergier<\/li><li>Helen og Xuat hjelper til ved behov og s\u00f8rger for at biskopen har alt under middagen.<\/li><li>Det vil v\u00e6re kake- og kaffebuffet<\/li><li>Sitteplasser: ikke bestemte sitteplasser, biskopen velger selv hvor han vil sitte, og gjestene setter seg som de \u00f8nsker.<\/li><li>Drikke: Vin til middagen<\/li><li>Mikrofon: Xaun har ansvaret for mikrofonen dersom noen \u00f8nsker \u00e5 holde tale<\/li><\/ul>\n\n\n\n<p>Vasking:<\/p>\n\n\n\n<ul class=\"wp-block-list\"><li>Etter middagen skal alle hjelpe med \u00e5 vaske lokalet f\u00f8r alle kan ta kvelden<\/li><\/ul>\n\n\n\n<p>L\u00f8rdagsmesse:<\/p>\n\n\n\n<ul class=\"wp-block-list\"><li>Messe blir hold p\u00e5 norsk og ledet av p. Piotr, alle er velkommen<\/li><li>Helen leser lesninger, og Xuan s\u00f8nn leser forb\u00f8nner (hvis ikke leser Helen forb\u00f8nnene ogs\u00e5)?<\/li><\/ul>\n\n\n\n<p>S\u00d8NDAG 3. DESEMBER:<\/p>\n\n\n\n<p>Messe:<\/p>\n\n\n\n<ul class=\"wp-block-list\"><li>Felles messe kl.11.00 som blir ledet av biskopen<\/li><li>Lesning: vi f\u00f8lger vanlig lesningsliste<\/li><\/ul>\n\n\n\n<p>Kirkekaffe kl.12.15-13.00:<\/p>\n\n\n\n<ul class=\"wp-block-list\"><li>Midt\u00f8sten og filippinsk gruppe er ansvarlige for kirkekaffe<\/li><li>Jocelyn sender melding til alle spr\u00e5kgrupper om de kan ta med en eller to kaker til kirkekaffen<\/li><\/ul>\n\n\n\n<p> Alle som \u00f8nsker \u00e5 ta med kake til kirkekaffen kan melde ifra til Jocelyn<\/p>\n\n\n\n<ul class=\"wp-block-list\"><li>Lan bestiller marsipankake til 60 personer (hun skal sjekke om kaken kan v\u00e6re laktosefri)<\/li><li>Ella fikser engangstallerkener, kopper og bestikk<\/li><li>Vanlig bordplassering i Kiga<\/li><li>Vi reserverer et bord til biskopen. Han \u00f8nsker \u00e5 sitte sentralt i rommet. P. Tien skal sitte p\u00e5 samme bord. Det er anledning for folk til \u00e5 sette seg ned for \u00e5 sl\u00e5 av en kort prat, men ikke privat samtale.<\/li><li>Vi setter opp et langt bord til h\u00f8yre for hovedd\u00f8ra til Kika<\/li><li>Prestene kunngj\u00f8r i kommende messe om folk kan ta med kake<\/li><li>Kirkekaffen kan vare maks 1 time, alle m\u00e5 ut innen kl.13, da vi skal forberede lunsjen.<\/li><\/ul>\n\n\n\n<p>M\u00f8te med representanter og spr\u00e5kgrupper kl.13.00<\/p>\n\n\n\n<ul class=\"wp-block-list\"><li>M\u00f8tet skal finne sted i kirken<\/li><li>P. Tien organiserer og styrer m\u00f8tet<\/li><li>Alle grupper har KUN to minutter hver til \u00e5 snakke og presentere seg selv. Det er kun en representant av hver gruppe som skal komme opp og presentere gruppen sin. Rekkef\u00f8lgen er slik: Evangelieforklaringen, Juniorklubben, Ministranter, Saul, Unge voksne, Katekese, Caritas, Kor, Troskurs, nasjonale grupper (polsk, tamilsk, filippinsk, fransk, eritreisk, spansk, engelsk, kaldeisk, vietnamesisk.<\/li><li>Vi setter fram vann, kaffe og te til biskopen i kirken under m\u00f8te<\/li><\/ul>\n\n\n\n<p>Lunsj kl.14.00<\/p>\n\n\n\n<ul class=\"wp-block-list\"><li>Ansvarlige: Engelsk og spansk gruppe<\/li><li>Bordoppsett: Diagonalt med en sving<\/li><li>Alle bord skal dekkes med papirduk<\/li><li>Servise: vi bruker vanlig servisesett som kirken allerede har<\/li><li>De ansvarlige forbereder 160 snitter<\/li><li>Kake- og kaffebuffet: det blir servert 5 kaker og 2-3 fruktfat, i tillegg til kaffe, te, og vann<\/li><\/ul>\n\n\n\n<p><strong>Sak 4 og 5: Synodal prosess<\/strong><\/p>\n\n\n\n<p>Sak 4 og 5 har blitt forskj\u00f8vet til neste menighetsr\u00e5dsm\u00f8te<\/p>\n\n\n\n<p><strong>Sak 6: Kirkeverter i s\u00f8ndagsmessen<\/strong><\/p>\n\n\n\n<p>Det stilles krav til at det skal v\u00e6re noen vakter under messene for \u00e5 hjelpe folk ved behov<\/p>\n\n\n\n<p>Ansvarsoppgaver:<\/p>\n\n\n\n<ul class=\"wp-block-list\"><li>S\u00f8rge for trygghet og sikkerhet<\/li><li>Respondere p\u00e5 ulike typer alarmer (brann, heis og innbrudd &#8230;)<\/li><li>Ta imot folk: hjelp de eldre og andre med behov for hjelp<\/li><li>Forebygge u\u00f8nskede hendelser: forebygge og h\u00e5ndtere konfliktsituasjoner<\/li><li>Gi f\u00f8rstehjelp<\/li><\/ul>\n\n\n\n<p>Kirkevertgruppe:<\/p>\n\n\n\n<ul class=\"wp-block-list\"><li>Vi starter en kirkevertgruppe, alle som \u00f8nsker \u00e5 hjelpe til kan melde seg p\u00e5<\/li><li>Xuat har ansvaret for gruppen<\/li><li>Viktig: de som melder seg opp som vakter m\u00e5 har et overblikk over kirkebygget: hvor brannslukningsapparater er plassert, r\u00f8mningsveier og hvor f\u00f8rstehjelpskrin er plassert<\/li><li>Etter at gruppen har formet seg, kan medlemmene bli enige om ansvarsoppgavene<\/li><li>Forslag: dersom gruppen best\u00e5r av en god del medlemmer, kan vi kanskje legge opp til ulike grunnleggende sikkerhetskurs, blant annet f\u00f8rstehjelpskurs og brannslukningskurs.&nbsp;<\/li><\/ul>\n\n\n\n<p>Kirkevert 3. desember:<\/p>\n\n\n\n<ul class=\"wp-block-list\"><li>Xuat st\u00e5r som vakt p\u00e5 s\u00f8ndagen<\/li><li>Er det noen andre som kan stille opp som vakter?<\/li><\/ul>\n\n\n\n<p>Rapporter inn til Xuat (nr. 48115532)<\/p>\n\n\n\n<p><strong>Sak 7: Neste menighetsr\u00e5dsm\u00f8te<\/strong><\/p>\n\n\n\n<p>Neste menighetsr\u00e5dsm\u00f8te er 17. januar 2024. M\u00f8tet blir hold som vanlig etter kveldsmessen.<\/p>\n\n\n\n<p><strong>Sak 8: Eventuelt:<\/strong><\/p>\n\n\n\n<p>Ingen saker ble tatt opp.<\/p>\n\n\n\n<p>22\/11-23 Helen Maty<\/p>\n","protected":false},"excerpt":{"rendered":"<p>Tilstede: P. Quang Tien Dang, P. Oliver Obinna Izuogu, Xuat Minh Dang, Jocelyn Augland, Lan Ngoc Nguyen, Helen Maty og Kaja Kristine Gustavsen Tho. Representanter fra spr\u00e5kgruppene (spansk, filippinsk, kaldeisk, fransk, engelsk, vietnamesisk). &nbsp; Forfall: &nbsp; Ane Ugland Alb\u00e6k, Sigrid&#8230;<br \/><a class=\"read-more-button\" href=\"https:\/\/stansgar.katolsk.no\/?p=12505\">Read more<\/a><\/p>\n","protected":false},"author":1,"featured_media":0,"comment_status":"open","ping_status":"open","sticky":false,"template":"","format":"standard","meta":{"footnotes":""},"categories":[493],"tags":[],"class_list":["post-12505","post","type-post","status-publish","format-standard","hentry","category-menighetsradsmote"],"_links":{"self":[{"href":"https:\/\/stansgar.katolsk.no\/index.php?rest_route=\/wp\/v2\/posts\/12505","targetHints":{"allow":["GET"]}}],"collection":[{"href":"https:\/\/stansgar.katolsk.no\/index.php?rest_route=\/wp\/v2\/posts"}],"about":[{"href":"https:\/\/stansgar.katolsk.no\/index.php?rest_route=\/wp\/v2\/types\/post"}],"author":[{"embeddable":true,"href":"https:\/\/stansgar.katolsk.no\/index.php?rest_route=\/wp\/v2\/users\/1"}],"replies":[{"embeddable":true,"href":"https:\/\/stansgar.katolsk.no\/index.php?rest_route=%2Fwp%2Fv2%2Fcomments&post=12505"}],"version-history":[{"count":1,"href":"https:\/\/stansgar.katolsk.no\/index.php?rest_route=\/wp\/v2\/posts\/12505\/revisions"}],"predecessor-version":[{"id":12507,"href":"https:\/\/stansgar.katolsk.no\/index.php?rest_route=\/wp\/v2\/posts\/12505\/revisions\/12507"}],"wp:attachment":[{"href":"https:\/\/stansgar.katolsk.no\/index.php?rest_route=%2Fwp%2Fv2%2Fmedia&parent=12505"}],"wp:term":[{"taxonomy":"category","embeddable":true,"href":"https:\/\/stansgar.katolsk.no\/index.php?rest_route=%2Fwp%2Fv2%2Fcategories&post=12505"},{"taxonomy":"post_tag","embeddable":true,"href":"https:\/\/stansgar.katolsk.no\/index.php?rest_route=%2Fwp%2Fv2%2Ftags&post=12505"}],"curies":[{"name":"wp","href":"https:\/\/api.w.org\/{rel}","templated":true}]}}