{"id":125,"date":"2018-03-12T17:13:00","date_gmt":"2018-03-12T16:13:00","guid":{"rendered":"http:\/\/stansgar.katolsk.no\/index.php\/2018\/03\/12\/rekolekcje-wielkopostne-dla-polakow\/"},"modified":"2018-10-12T09:12:18","modified_gmt":"2018-10-12T07:12:18","slug":"rekolekcje-wielkopostne-dla-polakow","status":"publish","type":"post","link":"https:\/\/stansgar.katolsk.no\/?p=125","title":{"rendered":"Rekolekcje Wielkopostne dla Polak\u00f3w"},"content":{"rendered":"<p><\/p>\n<div align=\"center\" class=\"MsoPlainText\" style=\"text-align: center;\">\n<\/div>\n<div align=\"center\" class=\"MsoPlainText\" style=\"text-align: center;\">\n<b style=\"mso-bidi-font-weight: normal;\">16.03.<br \/>\n\u2013 18.03.2018<\/b><\/div>\n<div align=\"center\" class=\"MsoPlainText\" style=\"text-align: center;\">\n<\/div>\n<div align=\"center\" class=\"MsoPlainText\" style=\"text-align: center;\">\n<b style=\"mso-bidi-font-weight: normal;\">Has\u0142o:<br \/>\nZNOWU W DOMU OJCA!<\/b><\/div>\n<div align=\"center\" class=\"MsoPlainText\" style=\"text-align: center;\">\n<\/div>\n<div class=\"MsoPlainText\">\n<\/div>\n<div class=\"MsoPlainText\">\n<\/div>\n<div class=\"MsoPlainText\">\n<b style=\"mso-bidi-font-weight: normal;\"><i style=\"mso-bidi-font-style: normal;\"><u>Pi\u0105tek 16.03.2018<\/u><\/i><\/b><b style=\"mso-bidi-font-weight: normal;\"><i style=\"mso-bidi-font-style: normal;\"> (Arendal)&nbsp; &nbsp; &nbsp; &nbsp; &nbsp; &nbsp; &nbsp; &nbsp; &nbsp; &nbsp; &nbsp;<\/i><\/b><\/div>\n<div class=\"separator\" style=\"clear: both; text-align: center;\">\n<b style=\"mso-bidi-font-weight: normal;\"><i style=\"mso-bidi-font-style: normal;\"><a href=\"https:\/\/4.bp.blogspot.com\/-2HIjzfoehGA\/Wqa03pWQi1I\/AAAAAAAAFjM\/Al1PgcxmRpQN7JiGyxmaG6RBKb8CSKxLQCLcBGAs\/s1600\/fortaptesonn.png\" imageanchor=\"1\" style=\"clear: right; float: right; margin-bottom: 1em; margin-left: 1em;\"><img loading=\"lazy\" decoding=\"async\" border=\"0\" data-original-height=\"337\" data-original-width=\"216\" height=\"320\" src=\"http:\/\/stansgar.katolsk.no\/wp-content\/uploads\/2018\/03\/fortaptesonn.png\" width=\"205\" \/><\/a><\/i><\/b><\/div>\n<p><b style=\"mso-bidi-font-weight: normal;\"><i style=\"mso-bidi-font-style: normal;\"><\/i><\/b><\/p>\n<div class=\"MsoPlainText\">\n<\/div>\n<div class=\"MsoPlainText\">\n17.30<br \/>\nOkazja do spowiedzi \u015bwi\u0119tej<\/div>\n<div class=\"MsoPlainText\">\n18.30<br \/>\nMsza \u015bw. z nauk\u0105 rekolekcyjn\u0105<\/div>\n<div class=\"MsoPlainText\">\n19.30<br \/>\n(po Mszy) droga krzy\u017cowa: <br \/>\n<b style=\"mso-bidi-font-weight: normal;\">Cierpi\u0105ce twarze Jezusa*.<\/b> <\/div>\n<div class=\"MsoPlainText\">\n<\/div>\n<div class=\"MsoPlainText\">\n<\/div>\n<div class=\"MsoPlainText\">\n<b style=\"mso-bidi-font-weight: normal;\"><i style=\"mso-bidi-font-style: normal;\"><u>Sobota 17.03. 2018<\/u><\/i><\/b><b style=\"mso-bidi-font-weight: normal;\"><i style=\"mso-bidi-font-style: normal;\"> (Kristiansand)<\/i><\/b><\/div>\n<div class=\"MsoPlainText\">\n<\/div>\n<div class=\"MsoPlainText\">\n17.00<br \/>\nOkazja do spowiedzi \u015bwi\u0119tej<\/div>\n<div class=\"MsoPlainText\">\n18.00<br \/>\nMsza \u015bw. z nauk\u0105 rekolekcyjn\u0105 <\/p>\n<p>dla dzieci<\/p><\/div>\n<div class=\"MsoPlainText\">\n19.00<br \/>\n(po Mszy) droga krzy\u017cowa: <br \/>\n<b style=\"mso-bidi-font-weight: normal;\">Przybijamy Chrystusa do krzy\u017ca.<\/b><\/div>\n<div class=\"MsoPlainText\">\n<\/div>\n<div class=\"MsoPlainText\">\n<b style=\"mso-bidi-font-weight: normal;\"><i style=\"mso-bidi-font-style: normal;\"><u>Niedziela 18.03.2018 <\/u><\/i><\/b><\/div>\n<div class=\"MsoPlainText\">\n<\/div>\n<div class=\"MsoPlainText\">\n<b style=\"mso-bidi-font-weight: normal;\"><i style=\"mso-bidi-font-style: normal;\">Kristiansand<\/i><\/b><\/div>\n<div class=\"MsoPlainText\">\n8.45<br \/>\nGorzkie \u017bale (okazja do spowiedzi \u015bw.)<\/div>\n<div class=\"MsoPlainText\">\n9.15<br \/>\nMsza \u015bw. z nauk\u0105 rekolekcyjn\u0105<\/div>\n<div class=\"MsoPlainText\">\npo<br \/>\nmszy \u015bw. Kirkekaffe (spotkanie przy kawie)<\/div>\n<div class=\"MsoPlainText\">\n<\/div>\n<div class=\"MsoPlainText\">\n<b style=\"mso-bidi-font-weight: normal;\"><i style=\"mso-bidi-font-style: normal;\">Arendal<\/i><\/b><\/div>\n<div class=\"MsoPlainText\">\n13.00<br \/>\nGorzkie \u017bale (okazja do spowiedzi \u015bw.)<\/div>\n<div class=\"MsoPlainText\">\n13.30<br \/>\nMsza \u015bw. z nauk\u0105 rekolekcyjn\u0105<\/div>\n<div class=\"MsoPlainText\">\npo<br \/>\nmszy \u015bw. Kirkekaffe (spotkanie przy kawie)<\/div>\n<div class=\"MsoPlainText\">\n<\/div>\n<div class=\"MsoPlainText\">\n<b style=\"mso-bidi-font-weight: normal;\"><i style=\"mso-bidi-font-style: normal;\">Mandal<\/i><\/b><\/div>\n<div class=\"MsoPlainText\">\n18.00<br \/>\nOkazja do spowiedzi \u015bwi\u0119tej<\/div>\n<div class=\"MsoPlainText\">\n18.30<br \/>\nMsza \u015bw. z nauk\u0105 rekolekcyjn\u0105<\/div>\n<div class=\"MsoPlainText\">\n<\/div>\n<div class=\"MsoPlainText\">\n<i style=\"mso-bidi-font-style: normal;\">*) Uwaga !!! Prezentacja Cierpi\u0105ce<br \/>\nTwarze Chrystusa mo\u017ce by\u0107 zbyt drastyczna dla dzieci!!!<\/i><\/div>\n<div class=\"MsoPlainText\">\n<\/div>\n<div class=\"MsoPlainText\">\n<i style=\"mso-bidi-font-style: normal;\">Rekolekcje poprowadzi ks. Teodor<br \/>\nSucho\u0144 \u2013 emerytowany proboszcz <br \/>\nz parafii \u015bw. Teresy od Dzieci\u0105tka Jezus w Rybniku \u2013 Chwa\u0142owicach. <br \/>\nW czasie rekolekcji b\u0119dzie mo\u017cna uczci\u0107 relikwie \u015bw. Teresy od Dzieci\u0105tka Jezus<br \/>\ni jej \u015bwi\u0119tych rodzic\u00f3w Ludwika i Zeli Martin<\/i><\/div>\n<p><\/p>\n","protected":false},"excerpt":{"rendered":"<p>16.03. \u2013 18.03.2018 Has\u0142o: ZNOWU W DOMU OJCA! Pi\u0105tek 16.03.2018 (Arendal)&nbsp; &nbsp; &nbsp; &nbsp; &nbsp; &nbsp; &nbsp; &nbsp; &nbsp; &nbsp; &nbsp; 17.30 Okazja do spowiedzi \u015bwi\u0119tej 18.30 Msza \u015bw. z nauk\u0105 rekolekcyjn\u0105 19.30 (po Mszy) droga krzy\u017cowa: Cierpi\u0105ce twarze Jezusa*&#8230;.<br \/><a class=\"read-more-button\" href=\"https:\/\/stansgar.katolsk.no\/?p=125\">Read more<\/a><\/p>\n","protected":false},"author":3,"featured_media":1633,"comment_status":"open","ping_status":"open","sticky":false,"template":"","format":"standard","meta":{"footnotes":""},"categories":[1],"tags":[29,15,30],"class_list":["post-125","post","type-post","status-publish","format-standard","has-post-thumbnail","hentry","category-ukategorisert","tag-faste","tag-polsk","tag-retrett"],"_links":{"self":[{"href":"https:\/\/stansgar.katolsk.no\/index.php?rest_route=\/wp\/v2\/posts\/125","targetHints":{"allow":["GET"]}}],"collection":[{"href":"https:\/\/stansgar.katolsk.no\/index.php?rest_route=\/wp\/v2\/posts"}],"about":[{"href":"https:\/\/stansgar.katolsk.no\/index.php?rest_route=\/wp\/v2\/types\/post"}],"author":[{"embeddable":true,"href":"https:\/\/stansgar.katolsk.no\/index.php?rest_route=\/wp\/v2\/users\/3"}],"replies":[{"embeddable":true,"href":"https:\/\/stansgar.katolsk.no\/index.php?rest_route=%2Fwp%2Fv2%2Fcomments&post=125"}],"version-history":[{"count":1,"href":"https:\/\/stansgar.katolsk.no\/index.php?rest_route=\/wp\/v2\/posts\/125\/revisions"}],"predecessor-version":[{"id":1634,"href":"https:\/\/stansgar.katolsk.no\/index.php?rest_route=\/wp\/v2\/posts\/125\/revisions\/1634"}],"wp:featuredmedia":[{"embeddable":true,"href":"https:\/\/stansgar.katolsk.no\/index.php?rest_route=\/wp\/v2\/media\/1633"}],"wp:attachment":[{"href":"https:\/\/stansgar.katolsk.no\/index.php?rest_route=%2Fwp%2Fv2%2Fmedia&parent=125"}],"wp:term":[{"taxonomy":"category","embeddable":true,"href":"https:\/\/stansgar.katolsk.no\/index.php?rest_route=%2Fwp%2Fv2%2Fcategories&post=125"},{"taxonomy":"post_tag","embeddable":true,"href":"https:\/\/stansgar.katolsk.no\/index.php?rest_route=%2Fwp%2Fv2%2Ftags&post=125"}],"curies":[{"name":"wp","href":"https:\/\/api.w.org\/{rel}","templated":true}]}}