{"id":12489,"date":"2023-11-12T10:01:02","date_gmt":"2023-11-12T09:01:02","guid":{"rendered":"https:\/\/stansgar.katolsk.no\/?p=12489"},"modified":"2023-11-10T11:29:54","modified_gmt":"2023-11-10T10:29:54","slug":"kunngjoringer-sondag-12-november-2023","status":"publish","type":"post","link":"https:\/\/stansgar.katolsk.no\/?p=12489","title":{"rendered":"KUNNGJ\u00d8RINGER S\u00d8NDAG 12. NOVEMBER 2023"},"content":{"rendered":"<p style=\"text-align: center;\">KUNNGJ\u00d8RINGER S\u00d8NDAG 12. NOVEMBER 2023<\/p>\n<table style=\"width: 618.156px;\">\n<tbody>\n<tr>\n<td style=\"width: 77px;\">Tirsdag<\/td>\n<td style=\"width: 64px;\">14.11.<\/td>\n<td style=\"width: 32px;\">kl.<\/p>\n<p>kl.<\/td>\n<td style=\"width: 78px;\">17.30<\/p>\n<p>18.00<\/td>\n<td style=\"width: 275.156px;\">Vesper<\/p>\n<p>Messe &#8211; etterfulgt av sakramentstilbedelse<\/td>\n<\/tr>\n<tr>\n<td style=\"width: 77px;\">Onsdag<\/td>\n<td style=\"width: 64px;\">15.11<strong>.<\/strong><\/td>\n<td style=\"width: 32px;\">kl.<\/td>\n<td style=\"width: 78px;\">18.00<\/td>\n<td style=\"width: 275.156px;\">Messe<\/td>\n<\/tr>\n<tr>\n<td style=\"width: 77px;\">Torsdag<\/td>\n<td style=\"width: 64px;\">16.11.<\/td>\n<td style=\"width: 32px;\">kl.<\/p>\n<p>kl.<\/td>\n<td style=\"width: 78px;\">11.00<\/p>\n<p>18.00<\/td>\n<td style=\"width: 275.156px;\">Messe &#8211; etterfulgt av felles lunsj i Kiga.<\/p>\n<p>Messe<\/td>\n<\/tr>\n<tr>\n<td style=\"width: 77px;\">Fredag<\/td>\n<td style=\"width: 64px;\">17.11.<\/td>\n<td style=\"width: 385.156px;\" colspan=\"3\">Den hellige Elisabeth av Ungarn<\/td>\n<\/tr>\n<tr>\n<td style=\"width: 77px;\">&nbsp;<\/td>\n<td style=\"width: 64px;\">&nbsp;<\/td>\n<td style=\"width: 32px;\">kl.<\/td>\n<td style=\"width: 78px;\">18.00<\/td>\n<td style=\"width: 275.156px;\">Messe<\/td>\n<\/tr>\n<tr>\n<td style=\"width: 77px;\">L\u00f8rdag<\/td>\n<td style=\"width: 64px;\">18.11.<\/td>\n<td style=\"width: 32px;\">kl.<\/p>\n<p>kl.<\/p>\n<p>kl.<\/td>\n<td style=\"width: 78px;\">13.00<\/p>\n<p>14.00<\/p>\n<p>18.00<\/td>\n<td style=\"width: 275.156px;\">Messe<\/p>\n<p>Messe p\u00e5 spansk<\/p>\n<p>Messe p\u00e5 polsk<\/td>\n<\/tr>\n<tr>\n<td style=\"width: 77px;\">S\u00f8ndag<\/td>\n<td style=\"width: 64px;\">19.11.<\/td>\n<td style=\"width: 385.156px;\" colspan=\"3\"><strong>33. S\u00d8NDAG I DET ALMINNELIGE KIRKE\u00c5R<\/strong><\/td>\n<\/tr>\n<tr>\n<td style=\"width: 77px;\">&nbsp;<\/td>\n<td style=\"width: 64px;\">&nbsp;<\/td>\n<td style=\"width: 32px;\">kl.<\/p>\n<p>kl.<\/p>\n<p>kl.<\/td>\n<td style=\"width: 78px;\">09.00<\/p>\n<p>11.00<\/p>\n<p>13.00<\/td>\n<td style=\"width: 275.156px;\">Messe p\u00e5 polsk<\/p>\n<p>Messe p\u00e5 norsk<\/p>\n<p>Messe p\u00e5 vietnamesisk<\/td>\n<\/tr>\n<\/tbody>\n<\/table>\n<p>Annet:<\/p>\n<p><strong>1) Messer i v\u00e5r menighet:<br \/>\n<\/strong>&#8211; l\u00f8rdag 18. november kl. 14.00 er det messe p\u00e5 spansk<\/p>\n<p><strong>&nbsp;<\/strong><\/p>\n<p><strong>2) Torsdag 16.11 inviterer Caritas St. Ansgar <\/strong>til vaffelkveld etter kveldsmessen (ca. kl. 18:45).<\/p>\n<p>Vi inviterer til sosial fellesskap, hvor vi uformelt kan m\u00f8te gamle og nye venner.<\/p>\n<p>Vi fortsetter ogs\u00e5 arbeidet med \u00e5 lage juledekorasjoner til salg i \u00e5rets julebasar.<\/p>\n<p>Her er det bruk for mange flittige hender, s\u00e5 alle inviteres til \u00e5 bli med. Hjertelig velkommen!<\/p>\n<p>&nbsp;<\/p>\n<p><strong>3)<\/strong> <strong>Fredag 17. november har 3. trinn katekese:<\/strong><\/p>\n<ul>\n<li>00 \u2013 18.30: Messe med foreldre og barn<\/li>\n<li>30 \u2013 20.00: Katekese<\/li>\n<\/ul>\n<p>&nbsp;<\/p>\n<p><strong>4) Informasjonsm\u00f8te om \u00f8konomi for menighetens medlemmer:<\/strong><\/p>\n<p>Finansr\u00e5det og menighetsr\u00e5det arrangerer informasjonsm\u00f8te om \u00f8konomi for menighetens medlemmer etter s\u00f8ndagsmessen 19. november kl. 11.00 i ungdomskjelleren. Alle er velkomne.<\/p>\n","protected":false},"excerpt":{"rendered":"<p>KUNNGJ\u00d8RINGER S\u00d8NDAG 12. NOVEMBER 2023 Tirsdag 14.11. kl. kl. 17.30 18.00 Vesper Messe &#8211; etterfulgt av sakramentstilbedelse Onsdag 15.11. kl. 18.00 Messe Torsdag 16.11. kl. kl. 11.00 18.00 Messe &#8211; etterfulgt av felles lunsj i Kiga. Messe Fredag 17.11. Den&#8230;<br \/><a class=\"read-more-button\" href=\"https:\/\/stansgar.katolsk.no\/?p=12489\">Read more<\/a><\/p>\n","protected":false},"author":1,"featured_media":0,"comment_status":"open","ping_status":"open","sticky":false,"template":"","format":"standard","meta":{"footnotes":""},"categories":[482],"tags":[],"class_list":["post-12489","post","type-post","status-publish","format-standard","hentry","category-kunngjoringer"],"_links":{"self":[{"href":"https:\/\/stansgar.katolsk.no\/index.php?rest_route=\/wp\/v2\/posts\/12489","targetHints":{"allow":["GET"]}}],"collection":[{"href":"https:\/\/stansgar.katolsk.no\/index.php?rest_route=\/wp\/v2\/posts"}],"about":[{"href":"https:\/\/stansgar.katolsk.no\/index.php?rest_route=\/wp\/v2\/types\/post"}],"author":[{"embeddable":true,"href":"https:\/\/stansgar.katolsk.no\/index.php?rest_route=\/wp\/v2\/users\/1"}],"replies":[{"embeddable":true,"href":"https:\/\/stansgar.katolsk.no\/index.php?rest_route=%2Fwp%2Fv2%2Fcomments&post=12489"}],"version-history":[{"count":3,"href":"https:\/\/stansgar.katolsk.no\/index.php?rest_route=\/wp\/v2\/posts\/12489\/revisions"}],"predecessor-version":[{"id":12492,"href":"https:\/\/stansgar.katolsk.no\/index.php?rest_route=\/wp\/v2\/posts\/12489\/revisions\/12492"}],"wp:attachment":[{"href":"https:\/\/stansgar.katolsk.no\/index.php?rest_route=%2Fwp%2Fv2%2Fmedia&parent=12489"}],"wp:term":[{"taxonomy":"category","embeddable":true,"href":"https:\/\/stansgar.katolsk.no\/index.php?rest_route=%2Fwp%2Fv2%2Fcategories&post=12489"},{"taxonomy":"post_tag","embeddable":true,"href":"https:\/\/stansgar.katolsk.no\/index.php?rest_route=%2Fwp%2Fv2%2Ftags&post=12489"}],"curies":[{"name":"wp","href":"https:\/\/api.w.org\/{rel}","templated":true}]}}