{"id":12476,"date":"2023-11-05T10:00:58","date_gmt":"2023-11-05T09:00:58","guid":{"rendered":"https:\/\/stansgar.katolsk.no\/?p=12476"},"modified":"2023-11-03T10:50:28","modified_gmt":"2023-11-03T09:50:28","slug":"kunngjoringer-sondag-05-november-2023","status":"publish","type":"post","link":"https:\/\/stansgar.katolsk.no\/?p=12476","title":{"rendered":"KUNNGJ\u00d8RINGER S\u00d8NDAG 05. NOVEMBER 2023"},"content":{"rendered":"<p style=\"text-align: center;\"><strong>KUNNGJ\u00d8RINGER S\u00d8NDAG 05. NOVEMBER 2023<\/strong><\/p>\n<table style=\"width: 614px;\">\n<tbody>\n<tr>\n<td style=\"width: 70px;\">Tirsdag<\/td>\n<td style=\"width: 51px;\">07.11.<\/td>\n<td style=\"width: 29px;\">kl.<\/p>\n<p>kl.<\/td>\n<td style=\"width: 67px;\">17.30<\/p>\n<p>18.00<\/td>\n<td style=\"width: 305px;\">Vesper<\/p>\n<p>Messe &#8211; etterfulgt av sakramentstilbedelse<\/td>\n<\/tr>\n<tr>\n<td style=\"width: 70px;\">Onsdag<\/td>\n<td style=\"width: 51px;\">08.11<strong>.<\/strong><\/td>\n<td style=\"width: 29px;\">kl.<\/td>\n<td style=\"width: 67px;\">18.00<\/td>\n<td style=\"width: 305px;\">Messe<\/td>\n<\/tr>\n<tr>\n<td style=\"width: 70px;\" rowspan=\"2\">Torsdag<\/td>\n<td style=\"width: 51px;\" rowspan=\"2\">09.11.<\/td>\n<td style=\"width: 401px;\" colspan=\"3\">Fest: Laterankirkens vigselsfest<\/td>\n<\/tr>\n<tr>\n<td style=\"width: 29px;\">kl.<\/p>\n<p>kl.<\/td>\n<td style=\"width: 67px;\">11.00<\/p>\n<p>18.00<\/td>\n<td style=\"width: 305px;\">Messe &#8211; etterfulgt av felles lunsj i Kiga.<\/p>\n<p>Messe<\/td>\n<\/tr>\n<tr>\n<td style=\"width: 70px;\">Fredag<\/td>\n<td style=\"width: 51px;\">10.11.<\/td>\n<td style=\"width: 401px;\" colspan=\"3\">Minnedag: Den hellige Leo den Store<\/td>\n<\/tr>\n<tr>\n<td style=\"width: 70px;\">&nbsp;<\/td>\n<td style=\"width: 51px;\">&nbsp;<\/td>\n<td style=\"width: 29px;\">kl.<\/td>\n<td style=\"width: 67px;\">18.00<\/td>\n<td style=\"width: 305px;\">Messe<\/td>\n<\/tr>\n<tr>\n<td style=\"width: 70px;\">L\u00f8rdag<\/td>\n<td style=\"width: 51px;\">11.11.<\/td>\n<td style=\"width: 401px;\" colspan=\"3\">Minnedag: Den hellige Martin av Tours<\/td>\n<\/tr>\n<tr>\n<td style=\"width: 70px;\">&nbsp;<\/td>\n<td style=\"width: 51px;\">&nbsp;<\/td>\n<td style=\"width: 29px;\">kl.<\/p>\n<p>kl.<\/td>\n<td style=\"width: 67px;\">13.00<\/p>\n<p>18.00<\/td>\n<td style=\"width: 305px;\">Katekesemesse<\/p>\n<p>Messe p\u00e5 polsk<\/td>\n<\/tr>\n<tr>\n<td style=\"width: 70px;\">S\u00f8ndag<\/td>\n<td style=\"width: 51px;\">12.11.<\/td>\n<td style=\"width: 401px;\" colspan=\"3\"><strong>32. S\u00d8NDAG I DET ALMINNELIGE KIRKE\u00c5R<\/strong><\/td>\n<\/tr>\n<tr>\n<td style=\"width: 70px;\">&nbsp;<\/p>\n<p>&nbsp;<\/p>\n<p>&nbsp;<\/p>\n<p>Andre steder:<\/td>\n<td style=\"width: 51px;\">&nbsp;<\/td>\n<td style=\"width: 29px;\">kl.<\/p>\n<p>kl.<\/p>\n<p>kl.<\/p>\n<p>&nbsp;<\/p>\n<p>kl.<\/td>\n<td style=\"width: 67px;\">09.00<\/p>\n<p>11.00<\/p>\n<p>13.00<\/p>\n<p>&nbsp;<\/p>\n<p>17.00<\/td>\n<td style=\"width: 305px;\">Messe p\u00e5 polsk<\/p>\n<p>Messe p\u00e5 norsk<\/p>\n<p>Messe p\u00e5 vietnamesisk<\/p>\n<p>&nbsp;<\/p>\n<p>Messe p\u00e5 Stella Maris i Mandal<\/td>\n<\/tr>\n<\/tbody>\n<\/table>\n<p><strong>Annet:<\/strong><\/p>\n<ol>\n<li><strong>S\u00f8ndag 12. november <\/strong> 17.00 er det messe p\u00e5 Stella Maris i Mandal.<\/li>\n<li>&nbsp;Katekese for 1. til 7. trinn l\u00f8rdag 11. november:<br \/>\n-10.00 \u2013 14.00: Katekese for 1., 2., 3. og 5. trinn<br \/>\n-13.00 \u2013 14.00: Katekesemesse for 1. \u2013 7. trinn<br \/>\n-14.00 \u2013 17.00: Katekese for 4., 6. og 7. trinn<\/li>\n<li><strong>&nbsp;Torsdag 9. november<\/strong> 18.45 er det troskurs.<\/li>\n<li><strong>&nbsp;Fredag 10. november kl. 18.45<\/strong> er det SAUL kveld. Mer informasjon p\u00e5 brosjyrer i inngangspartiet.<\/li>\n<li><strong>&nbsp;L\u00f8rdag 11. november <\/strong>arrangeres det Fakkeltog til st\u00f8tte for forfulgte&nbsp;kristne p\u00e5 \u00d8vre Torg i Kristiansand. H\u00f8stens&nbsp;tema er:&nbsp;<em>\u00abUtestengt for sin tro\u00bb.&nbsp;Mer informasjon p\u00e5 menighetens nettside og Facebook.<\/em><\/li>\n<\/ol>\n<p style=\"text-align: center;\"><strong>&nbsp;<\/strong><strong>Alle er hjertelig velkommen til kirkekaffe. \u00d8nsker dere riktig god s\u00f8ndag!<\/strong><\/p>\n<p>&nbsp;<\/p>\n<p>&nbsp;<\/p>\n","protected":false},"excerpt":{"rendered":"<p>KUNNGJ\u00d8RINGER S\u00d8NDAG 05. NOVEMBER 2023 Tirsdag 07.11. kl. kl. 17.30 18.00 Vesper Messe &#8211; etterfulgt av sakramentstilbedelse Onsdag 08.11. kl. 18.00 Messe Torsdag 09.11. Fest: Laterankirkens vigselsfest kl. kl. 11.00 18.00 Messe &#8211; etterfulgt av felles lunsj i Kiga. Messe&#8230;<br \/><a class=\"read-more-button\" href=\"https:\/\/stansgar.katolsk.no\/?p=12476\">Read more<\/a><\/p>\n","protected":false},"author":1,"featured_media":0,"comment_status":"open","ping_status":"open","sticky":false,"template":"","format":"standard","meta":{"footnotes":""},"categories":[482],"tags":[],"class_list":["post-12476","post","type-post","status-publish","format-standard","hentry","category-kunngjoringer"],"_links":{"self":[{"href":"https:\/\/stansgar.katolsk.no\/index.php?rest_route=\/wp\/v2\/posts\/12476","targetHints":{"allow":["GET"]}}],"collection":[{"href":"https:\/\/stansgar.katolsk.no\/index.php?rest_route=\/wp\/v2\/posts"}],"about":[{"href":"https:\/\/stansgar.katolsk.no\/index.php?rest_route=\/wp\/v2\/types\/post"}],"author":[{"embeddable":true,"href":"https:\/\/stansgar.katolsk.no\/index.php?rest_route=\/wp\/v2\/users\/1"}],"replies":[{"embeddable":true,"href":"https:\/\/stansgar.katolsk.no\/index.php?rest_route=%2Fwp%2Fv2%2Fcomments&post=12476"}],"version-history":[{"count":1,"href":"https:\/\/stansgar.katolsk.no\/index.php?rest_route=\/wp\/v2\/posts\/12476\/revisions"}],"predecessor-version":[{"id":12477,"href":"https:\/\/stansgar.katolsk.no\/index.php?rest_route=\/wp\/v2\/posts\/12476\/revisions\/12477"}],"wp:attachment":[{"href":"https:\/\/stansgar.katolsk.no\/index.php?rest_route=%2Fwp%2Fv2%2Fmedia&parent=12476"}],"wp:term":[{"taxonomy":"category","embeddable":true,"href":"https:\/\/stansgar.katolsk.no\/index.php?rest_route=%2Fwp%2Fv2%2Fcategories&post=12476"},{"taxonomy":"post_tag","embeddable":true,"href":"https:\/\/stansgar.katolsk.no\/index.php?rest_route=%2Fwp%2Fv2%2Ftags&post=12476"}],"curies":[{"name":"wp","href":"https:\/\/api.w.org\/{rel}","templated":true}]}}