{"id":12463,"date":"2023-10-29T10:01:28","date_gmt":"2023-10-29T09:01:28","guid":{"rendered":"https:\/\/stansgar.katolsk.no\/?p=12463"},"modified":"2023-10-27T14:07:17","modified_gmt":"2023-10-27T12:07:17","slug":"kunngjoringer-sondag-29-oktober-2023","status":"publish","type":"post","link":"https:\/\/stansgar.katolsk.no\/?p=12463","title":{"rendered":"KUNNGJ\u00d8RINGER S\u00d8NDAG 29. OKTOBER 2023"},"content":{"rendered":"<p style=\"text-align: center;\"><strong>KUNNGJ\u00d8RINGER S\u00d8NDAG 29. OKTOBER 2023<\/strong><\/p>\n<table style=\"width: 844px;\">\n<tbody>\n<tr>\n<td style=\"width: 87px;\">Tirsdag<\/td>\n<td style=\"width: 83px;\">31.10.<\/td>\n<td style=\"width: 63px;\">kl.<\/p>\n<p>kl.<\/td>\n<td style=\"width: 71px;\">17.30<\/p>\n<p>18.00<\/td>\n<td style=\"width: 448px;\">Vesper<\/p>\n<p>Messe &#8211; etterfulgt av sakramentstilbedelse<\/td>\n<\/tr>\n<tr>\n<td style=\"width: 87px;\" rowspan=\"2\">Onsdag<\/td>\n<td style=\"width: 83px;\" rowspan=\"2\">01.11<strong>.<\/strong><\/td>\n<td style=\"width: 582px;\" colspan=\"3\">H\u00f8ytid: ALLEHELGENSDAG<\/td>\n<\/tr>\n<tr>\n<td style=\"width: 63px;\">kl.<\/p>\n<p>kl.<\/td>\n<td style=\"width: 71px;\">18.00<\/p>\n<p>19.30<\/td>\n<td style=\"width: 448px;\">Messe<\/p>\n<p>Messe p\u00e5 polsk<\/td>\n<\/tr>\n<tr>\n<td style=\"width: 87px;\" rowspan=\"2\">Torsdag<\/td>\n<td style=\"width: 83px;\" rowspan=\"2\">02.11.<\/td>\n<td style=\"width: 582px;\" colspan=\"3\">Minnedag: ALLESJELERSDAG<\/td>\n<\/tr>\n<tr>\n<td style=\"width: 63px;\">kl.<\/p>\n<p>&nbsp;<\/p>\n<p>&nbsp;<\/p>\n<p>kl.<\/td>\n<td style=\"width: 71px;\">11.00<\/p>\n<p>&nbsp;<\/p>\n<p>&nbsp;<\/p>\n<p>18.00<\/td>\n<td style=\"width: 448px;\">Requiemmesse &nbsp;&#8211; etterfulgt av felles lunsj i Kiga.<\/p>\n<p>Etter messen er det stille tilbedelse fram til kl. 17.45. Vi ber spesielt for kall til ordenslivet og presteskapet.<\/p>\n<p>Requiemmesse- etterfulgt av b\u00f8nn p\u00e5 kirkeg\u00e5rden<\/td>\n<\/tr>\n<tr>\n<td style=\"width: 87px;\">Fredag<\/td>\n<td style=\"width: 83px;\">03.11.<\/td>\n<td style=\"width: 63px;\">kl.<\/p>\n<p>kl.<\/p>\n<p>kl.<\/td>\n<td style=\"width: 71px;\">17.00<\/p>\n<p>18.00<\/p>\n<p>19.00<\/td>\n<td style=\"width: 448px;\">Sakramentstilbedelse \u2013 Skriftem\u00e5l under tilbedelsen<\/p>\n<p>Messe<\/p>\n<p>Requiemmesse p\u00e5 vietnamesisk<\/td>\n<\/tr>\n<tr>\n<td style=\"width: 87px;\">L\u00f8rdag<\/td>\n<td style=\"width: 83px;\">04.11.<\/td>\n<td style=\"width: 63px;\">kl.<\/p>\n<p>kl.<\/td>\n<td style=\"width: 71px;\">13.00<\/p>\n<p>18.00<\/td>\n<td style=\"width: 448px;\">Katekesemesse<\/p>\n<p>Messe p\u00e5 polsk<\/td>\n<\/tr>\n<tr>\n<td style=\"width: 87px;\">S\u00f8ndag<\/td>\n<td style=\"width: 83px;\">05.11.<\/td>\n<td style=\"width: 582px;\" colspan=\"3\"><strong>31. S\u00d8NDAG I DET ALMINNELIGE KIRKE\u00c5R<\/strong><\/td>\n<\/tr>\n<tr>\n<td style=\"width: 87px;\">&nbsp;<\/p>\n<p>&nbsp;<\/p>\n<p>&nbsp;<\/p>\n<p>&nbsp;<\/p>\n<p>Andre steder:<\/td>\n<td style=\"width: 83px;\">&nbsp;<\/td>\n<td style=\"width: 63px;\">kl.<\/p>\n<p>kl.<\/p>\n<p>kl.<\/p>\n<p>kl.<\/p>\n<p>&nbsp;<\/p>\n<p>kl.<\/td>\n<td style=\"width: 71px;\">09.00<\/p>\n<p>11.00<\/p>\n<p>13.00<\/p>\n<p>15.00<\/p>\n<p>&nbsp;<\/p>\n<p>14.00<\/td>\n<td style=\"width: 448px;\">Messe p\u00e5 polsk<\/p>\n<p>Messe p\u00e5 norsk<\/p>\n<p>Messe p\u00e5 vietnamesisk<\/p>\n<p>Messe p\u00e5 kaldeisk<\/p>\n<p>&nbsp;<\/p>\n<p>Messe p\u00e5 engelsk med p. Boie p\u00e5 Stella Maris<\/td>\n<\/tr>\n<\/tbody>\n<\/table>\n<p><strong>Annet<\/strong><\/p>\n<p><strong>1) <\/strong>I requiemmessen ber vi for alle de avd\u00f8de, og s\u00e6rlig for menighetens avd\u00f8de det siste \u00e5ret.<br \/>\nI forb\u00f8nnsboken kan alle som vil skrive navnene p\u00e5 sine kj\u00e6re avd\u00f8de. Messen bes for dem ogs\u00e5.<br \/>\nEtter requiemmessen kl. 18.00 er det p\u00e5 Kristiansand kirkeg\u00e5rd en prosesjon med b\u00f8nn for alle avd\u00f8de. Prosesjonen starter ved kapellet p\u00e5 kirkeg\u00e5rden.<\/p>\n<p>Etter gammel katolsk tradisjon oppfordres vi til \u00e5 bes\u00f8ke kirkeg\u00e5rden den f\u00f8rste uken<br \/>\ni november, og be for de avd\u00f8de der.<\/p>\n<p><strong>2) <\/strong>Messer :<br \/>\n-p\u00e5 s\u00f8ndag 5. november er det messe p\u00e5 engelsk kl. 14.00 med p. Boie p\u00e5 Stella Maris i Mandal og&nbsp; kl.15.00 er det messe p\u00e5 kaldeisk i St. Ansgar<\/p>\n<p>&#8211; p\u00e5 fredag 5. november kl. 19.00 er det Requiemmesse p\u00e5 vietnamesisk<\/p>\n<p>&nbsp;<\/p>\n<p><strong>3) <\/strong>Katekese for 8. og 9. trinn l\u00f8rdag 4. november:<\/p>\n<ul>\n<li>10.00 \u2013 14.00: Katekese<\/li>\n<li>13.00 \u2013 14.00: Katekesemesse<\/li>\n<\/ul>\n<p><strong>4) <\/strong>Onsdag 1. november kl. 18. 45 er det bibelgruppe.<\/p>\n<p><strong>5) <\/strong>Torsdag 2.11-Caritas vaffelkveld avlyses.<br \/>\nCaritas St. Ansgar oppfordrer i stedet alle til \u00e5 feire Allesjelersdag med kirkeg\u00e5rdsbes\u00f8k og b\u00f8nn.<br \/>\nVi \u00f8nsker alle hjertelig velkommen til neste vaffelkveld som er torsdag 16.11.<\/p>\n<p>&nbsp;<strong>6) \u00c5pen kor\u00f8velse<\/strong><\/p>\n<p>Har du lyst til teste ut hvordan det er \u00e5 synge i kor? L\u00f8rdag 4. november kl. 14-18 inviterer vi i St. Ansgar kirkekor til \u00e5pen kor\u00f8velse i KIGA! Vi synger sammen, og s\u00e5 har vi et felles m\u00e5ltid. \u00c5 synge i kor er g\u00f8y og sosialt, kom og bli med!&nbsp;Ingen forkunnskap kreves.&nbsp;Vi skal bestille mat til pausen, det blir derfor en liten kostnad p\u00e5 maks. kr. 100 pr. person.<\/p>\n<p>P\u00e5melding innen mandag 30. oktober til kantor Randi Birkeland p\u00e5 mail <a href=\"mailto:randibirkeland@hotmail.com\">randibirkeland@hotmail.com<\/a><\/p>\n<p>Velkommen!<\/p>\n<p><strong>&nbsp;<\/strong><\/p>\n<p style=\"text-align: center;\"><strong>Alle er hjertelig velkommen til kirkekaffe. \u00d8nsker dere riktig god s\u00f8ndag!<\/strong><\/p>\n","protected":false},"excerpt":{"rendered":"<p>KUNNGJ\u00d8RINGER S\u00d8NDAG 29. OKTOBER 2023 Tirsdag 31.10. kl. kl. 17.30 18.00 Vesper Messe &#8211; etterfulgt av sakramentstilbedelse Onsdag 01.11. H\u00f8ytid: ALLEHELGENSDAG kl. kl. 18.00 19.30 Messe Messe p\u00e5 polsk Torsdag 02.11. Minnedag: ALLESJELERSDAG kl. &nbsp; &nbsp; kl. 11.00 &nbsp; &nbsp;&#8230;<br \/><a class=\"read-more-button\" href=\"https:\/\/stansgar.katolsk.no\/?p=12463\">Read more<\/a><\/p>\n","protected":false},"author":1,"featured_media":0,"comment_status":"open","ping_status":"open","sticky":false,"template":"","format":"standard","meta":{"footnotes":""},"categories":[482],"tags":[],"class_list":["post-12463","post","type-post","status-publish","format-standard","hentry","category-kunngjoringer"],"_links":{"self":[{"href":"https:\/\/stansgar.katolsk.no\/index.php?rest_route=\/wp\/v2\/posts\/12463","targetHints":{"allow":["GET"]}}],"collection":[{"href":"https:\/\/stansgar.katolsk.no\/index.php?rest_route=\/wp\/v2\/posts"}],"about":[{"href":"https:\/\/stansgar.katolsk.no\/index.php?rest_route=\/wp\/v2\/types\/post"}],"author":[{"embeddable":true,"href":"https:\/\/stansgar.katolsk.no\/index.php?rest_route=\/wp\/v2\/users\/1"}],"replies":[{"embeddable":true,"href":"https:\/\/stansgar.katolsk.no\/index.php?rest_route=%2Fwp%2Fv2%2Fcomments&post=12463"}],"version-history":[{"count":1,"href":"https:\/\/stansgar.katolsk.no\/index.php?rest_route=\/wp\/v2\/posts\/12463\/revisions"}],"predecessor-version":[{"id":12464,"href":"https:\/\/stansgar.katolsk.no\/index.php?rest_route=\/wp\/v2\/posts\/12463\/revisions\/12464"}],"wp:attachment":[{"href":"https:\/\/stansgar.katolsk.no\/index.php?rest_route=%2Fwp%2Fv2%2Fmedia&parent=12463"}],"wp:term":[{"taxonomy":"category","embeddable":true,"href":"https:\/\/stansgar.katolsk.no\/index.php?rest_route=%2Fwp%2Fv2%2Fcategories&post=12463"},{"taxonomy":"post_tag","embeddable":true,"href":"https:\/\/stansgar.katolsk.no\/index.php?rest_route=%2Fwp%2Fv2%2Ftags&post=12463"}],"curies":[{"name":"wp","href":"https:\/\/api.w.org\/{rel}","templated":true}]}}