{"id":12456,"date":"2023-10-22T10:01:51","date_gmt":"2023-10-22T08:01:51","guid":{"rendered":"https:\/\/stansgar.katolsk.no\/?p=12456"},"modified":"2023-10-20T14:09:42","modified_gmt":"2023-10-20T12:09:42","slug":"kunngjoringer-sondag-22-oktober-2023","status":"publish","type":"post","link":"https:\/\/stansgar.katolsk.no\/?p=12456","title":{"rendered":"KUNNGJ\u00d8RINGER S\u00d8NDAG 22. OKTOBER 2023"},"content":{"rendered":"<p style=\"text-align: center;\"><strong>KUNNGJ\u00d8RINGER S\u00d8NDAG 22. OKTOBER 2023<\/strong><\/p>\n<table style=\"width: 667.016px;\">\n<tbody>\n<tr>\n<td style=\"width: 54px;\">Tirsdag<\/td>\n<td style=\"width: 75px;\">24.10.<\/td>\n<td style=\"width: 47px;\">kl.<\/p>\n<p>kl.<\/td>\n<td style=\"width: 102px;\">17.30<\/p>\n<p>18.00<\/td>\n<td style=\"width: 296.016px;\">Vesper<\/p>\n<p>Messe &#8211; etterfulgt av sakramentstilbedelse<\/td>\n<\/tr>\n<tr>\n<td style=\"width: 54px;\">Onsdag<\/td>\n<td style=\"width: 75px;\">25.10<strong>.<\/strong><\/td>\n<td style=\"width: 47px;\">kl.<\/td>\n<td style=\"width: 102px;\">18.00<\/td>\n<td style=\"width: 296.016px;\">Messe<\/td>\n<\/tr>\n<tr>\n<td style=\"width: 54px;\">Torsdag<\/td>\n<td style=\"width: 75px;\">26.10.<\/td>\n<td style=\"width: 47px;\">kl.<\/p>\n<p>kl.<\/td>\n<td style=\"width: 102px;\">11.00<\/p>\n<p>18.00<\/td>\n<td style=\"width: 296.016px;\">Messe &#8211; etterfulgt av felles lunsj i Kiga.<\/p>\n<p>Messe<\/td>\n<\/tr>\n<tr>\n<td style=\"width: 54px;\">Fredag<\/td>\n<td style=\"width: 75px;\">27.10.<\/td>\n<td style=\"width: 47px;\">kl.<\/td>\n<td style=\"width: 102px;\">18.00<\/td>\n<td style=\"width: 296.016px;\">Messe<\/td>\n<\/tr>\n<tr>\n<td style=\"width: 54px;\" rowspan=\"2\">L\u00f8rdag<\/td>\n<td style=\"width: 75px;\" rowspan=\"2\">28.10.<\/td>\n<td style=\"width: 445.016px;\" colspan=\"3\">Fest: De hellige apostler Simon og Judas<\/td>\n<\/tr>\n<tr>\n<td style=\"width: 47px;\">kl.<\/p>\n<p>kl.<\/p>\n<p>kl.<\/p>\n<p>kl.<\/p>\n<p>kl.<\/p>\n<p>kl.<\/p>\n<p>&nbsp;<\/p>\n<p>kl.<\/p>\n<p>kl.<\/td>\n<td style=\"width: 102px;\">10.30<\/p>\n<p>12.30<\/p>\n<p>13.00<\/p>\n<p>14.00<\/p>\n<p>16.00<\/p>\n<p>18.00<\/p>\n<p>&nbsp;<\/p>\n<p>14.00<\/p>\n<p>17.00<\/td>\n<td style=\"width: 296.016px;\">Messe p\u00e5 kroatisk etterfulgt av kirkekaffe i Kiga<\/p>\n<p>Rosenkransb\u00f8nn<\/p>\n<p>Messe<\/p>\n<p>Messe p\u00e5 tagalog<\/p>\n<p>Messe p\u00e5 fransk<\/p>\n<p>Messe p\u00e5 polsk<\/p>\n<p>&nbsp;<\/p>\n<p>Messe i Lyngdal<\/p>\n<p>Messe i Flekkefjord<\/td>\n<\/tr>\n<tr>\n<td style=\"width: 54px;\">S\u00f8ndag<\/td>\n<td style=\"width: 75px;\">29.10.<\/td>\n<td style=\"width: 445.016px;\" colspan=\"3\"><strong>30. S\u00d8NDAG I DET ALMINNELIGE KIRKE\u00c5R<\/strong><\/td>\n<\/tr>\n<tr>\n<td style=\"width: 54px;\">&nbsp;<\/td>\n<td style=\"width: 75px;\">&nbsp;<\/td>\n<td style=\"width: 47px;\">kl.<\/p>\n<p>kl.<\/p>\n<p>kl.<\/td>\n<td style=\"width: 102px;\">09.00<\/p>\n<p>11.00<\/p>\n<p>13.00<\/td>\n<td style=\"width: 296.016px;\">Messe p\u00e5 polsk<\/p>\n<p>Messe p\u00e5 norsk<\/p>\n<p>Messe p\u00e5 vietnamesisk<\/td>\n<\/tr>\n<\/tbody>\n<\/table>\n<p>&nbsp;<\/p>\n<p><strong>Annet:<\/strong><\/p>\n<p><strong>1) Messer &nbsp;p\u00e5 l\u00f8rdag 28. oktober:<br \/>\n<\/strong>&#8211; i St. Ansgar menighet feirer vi messe p\u00e5 kroatisk kl. 10.30, p\u00e5 tagalog kl. 14.00 og p\u00e5 fransk kl. 16.00<\/p>\n<p>&#8211; andre steder: kl. 14.00 &nbsp;er det messe i Lyngdal og kl. 17.00 i Flekkefjord<\/p>\n<p><strong>2)<\/strong> <strong>Onsdag 25. oktober <\/strong>inviterer&nbsp; Caritas St. Ansgar til h\u00e5ndarbeids-treff i Kiga fra ca. 15:30 og frem til kveldsmessen. Alle er hjertelig velkommen.<\/p>\n<p>&nbsp;<\/p>\n<p><strong>3)<\/strong> <strong>Torsdag 26. oktober<\/strong> kl. 18.45 er det troskurs.<\/p>\n<p>&nbsp;<\/p>\n<p><strong>4)<\/strong> <strong>Fredag 27. oktober<\/strong> inviterer SAUL til Bl\u00e5 Kors Aktivitetspark. Oppm\u00f8te kl. 17.45&nbsp; ved aktivitetsparken p\u00e5 Lund. Husk \u00e5 melde seg p\u00e5 til og med 27. oktober. Mer informasjon p\u00e5 brosjyrer.<\/p>\n<p>&nbsp;<\/p>\n<p><strong>5) \u00c5pen kor\u00f8velse<\/strong><\/p>\n<p>Har du lyst til teste ut hvordan det er \u00e5 synge i kor? L\u00f8rdag 4. november kl. 14-18 inviterer vi i<br \/>\nSt. Ansgar kirkekor til \u00e5pen kor\u00f8velse i KIGA! Vi synger sammen, og s\u00e5 har vi et felles m\u00e5ltid.<br \/>\n\u00c5 synge i kor er g\u00f8y og sosialt, kom og bli med!<\/p>\n<p>Ingen forkunnskap kreves.<\/p>\n<p>Vi skal bestille mat til pausen, det blir derfor en liten kostnad p\u00e5 maks. kr. 100 pr. person.<\/p>\n<p>P\u00e5melding innen mandag 30. oktober til kantor Randi Birkeland p\u00e5 mail <a href=\"mailto:randibirkeland@hotmail.com\">randibirkeland@hotmail.com<\/a><\/p>\n<p>Velkommen!<\/p>\n<p>&nbsp;<\/p>\n<p><strong>6)<\/strong> Onsdag 25. oktober kl. 19.00 skal p. Erik Varden , katolsk biskop fra Trondheim, holde foredrag i Kristiansand Domkirkes menighetshus. Mer informasjon p\u00e5 brosjyrer i inngangspartiet.&nbsp; &nbsp;&nbsp;<\/p>\n<p><strong>&nbsp;<\/strong><\/p>\n<p style=\"text-align: center;\"><strong>Alle er hjertelig velkommen til kirkekaffe. \u00d8nsker dere riktig god s\u00f8ndag!<\/strong><\/p>\n","protected":false},"excerpt":{"rendered":"<p>KUNNGJ\u00d8RINGER S\u00d8NDAG 22. OKTOBER 2023 Tirsdag 24.10. kl. kl. 17.30 18.00 Vesper Messe &#8211; etterfulgt av sakramentstilbedelse Onsdag 25.10. kl. 18.00 Messe Torsdag 26.10. kl. kl. 11.00 18.00 Messe &#8211; etterfulgt av felles lunsj i Kiga. Messe Fredag 27.10. kl&#8230;.<br \/><a class=\"read-more-button\" href=\"https:\/\/stansgar.katolsk.no\/?p=12456\">Read more<\/a><\/p>\n","protected":false},"author":1,"featured_media":0,"comment_status":"open","ping_status":"open","sticky":false,"template":"","format":"standard","meta":{"footnotes":""},"categories":[482],"tags":[],"class_list":["post-12456","post","type-post","status-publish","format-standard","hentry","category-kunngjoringer"],"_links":{"self":[{"href":"https:\/\/stansgar.katolsk.no\/index.php?rest_route=\/wp\/v2\/posts\/12456","targetHints":{"allow":["GET"]}}],"collection":[{"href":"https:\/\/stansgar.katolsk.no\/index.php?rest_route=\/wp\/v2\/posts"}],"about":[{"href":"https:\/\/stansgar.katolsk.no\/index.php?rest_route=\/wp\/v2\/types\/post"}],"author":[{"embeddable":true,"href":"https:\/\/stansgar.katolsk.no\/index.php?rest_route=\/wp\/v2\/users\/1"}],"replies":[{"embeddable":true,"href":"https:\/\/stansgar.katolsk.no\/index.php?rest_route=%2Fwp%2Fv2%2Fcomments&post=12456"}],"version-history":[{"count":1,"href":"https:\/\/stansgar.katolsk.no\/index.php?rest_route=\/wp\/v2\/posts\/12456\/revisions"}],"predecessor-version":[{"id":12457,"href":"https:\/\/stansgar.katolsk.no\/index.php?rest_route=\/wp\/v2\/posts\/12456\/revisions\/12457"}],"wp:attachment":[{"href":"https:\/\/stansgar.katolsk.no\/index.php?rest_route=%2Fwp%2Fv2%2Fmedia&parent=12456"}],"wp:term":[{"taxonomy":"category","embeddable":true,"href":"https:\/\/stansgar.katolsk.no\/index.php?rest_route=%2Fwp%2Fv2%2Fcategories&post=12456"},{"taxonomy":"post_tag","embeddable":true,"href":"https:\/\/stansgar.katolsk.no\/index.php?rest_route=%2Fwp%2Fv2%2Ftags&post=12456"}],"curies":[{"name":"wp","href":"https:\/\/api.w.org\/{rel}","templated":true}]}}