{"id":12446,"date":"2023-10-15T10:01:01","date_gmt":"2023-10-15T08:01:01","guid":{"rendered":"https:\/\/stansgar.katolsk.no\/?p=12446"},"modified":"2023-10-13T14:40:00","modified_gmt":"2023-10-13T12:40:00","slug":"kunngjoringer-sondag-15-oktober-2023","status":"publish","type":"post","link":"https:\/\/stansgar.katolsk.no\/?p=12446","title":{"rendered":"KUNNGJ\u00d8RINGER S\u00d8NDAG 15. OKTOBER 2023"},"content":{"rendered":"<p style=\"text-align: center;\"><strong>KUNNGJ\u00d8RINGER S\u00d8NDAG 15. OKTOBER 2023<\/strong><\/p>\n<table style=\"width: 571.047px;\">\n<tbody>\n<tr>\n<td style=\"width: 75px;\" rowspan=\"2\">Tirsdag<\/td>\n<td style=\"width: 69px;\" rowspan=\"2\">17.10.<\/td>\n<td style=\"width: 335.047px;\" colspan=\"3\">Minnedag: Den hellige Ignatius av Antiokia<\/td>\n<\/tr>\n<tr>\n<td style=\"width: 32px;\">kl.<\/p>\n<p>kl.<\/td>\n<td style=\"width: 50px;\">17.30<\/p>\n<p>18.00<\/td>\n<td style=\"width: 253.047px;\">Vesper<\/p>\n<p>Messe &#8211; etterfulgt av sakramentstilbedelse<\/td>\n<\/tr>\n<tr>\n<td style=\"width: 75px;\" rowspan=\"2\">Onsdag<\/td>\n<td style=\"width: 69px;\" rowspan=\"2\">18.10<strong>.<\/strong><\/td>\n<td style=\"width: 335.047px;\" colspan=\"3\">Fest: Evangelisten Lukas<\/td>\n<\/tr>\n<tr>\n<td style=\"width: 32px;\">kl.<\/td>\n<td style=\"width: 50px;\">18.00<\/td>\n<td style=\"width: 253.047px;\">Messe<\/td>\n<\/tr>\n<tr>\n<td style=\"width: 75px;\">Torsdag<\/td>\n<td style=\"width: 69px;\">19.10.<\/td>\n<td style=\"width: 32px;\">kl.<\/p>\n<p>kl.<\/td>\n<td style=\"width: 50px;\">11.00<\/p>\n<p>18.00<\/td>\n<td style=\"width: 253.047px;\">Messe &#8211; etterfulgt av felles lunsj i Kiga.<\/p>\n<p>Messe<\/td>\n<\/tr>\n<tr>\n<td style=\"width: 75px;\">Fredag<\/td>\n<td style=\"width: 69px;\">20.10.<\/td>\n<td style=\"width: 32px;\">kl.<\/td>\n<td style=\"width: 50px;\">18.00<\/td>\n<td style=\"width: 253.047px;\">Messe<\/td>\n<\/tr>\n<tr>\n<td style=\"width: 75px;\">L\u00f8rdag<\/td>\n<td style=\"width: 69px;\">21.10.<\/td>\n<td style=\"width: 32px;\">kl.<\/p>\n<p>kl.<\/p>\n<p>kl.<\/td>\n<td style=\"width: 50px;\">13.00<\/p>\n<p>14.00<\/p>\n<p>18.00<\/td>\n<td style=\"width: 253.047px;\">Katekesemesse<\/p>\n<p>Messe p\u00e5 spansk<\/p>\n<p>Messe p\u00e5 polsk<\/td>\n<\/tr>\n<tr>\n<td style=\"width: 75px;\">S\u00f8ndag<\/td>\n<td style=\"width: 69px;\">22.10.<\/td>\n<td style=\"width: 335.047px;\" colspan=\"3\"><strong>29. S\u00d8NDAG I DET ALMINNELIGE KIRKE\u00c5R<\/strong><\/td>\n<\/tr>\n<tr>\n<td style=\"width: 75px;\">&nbsp;<\/p>\n<p>&nbsp;<\/p>\n<p>&nbsp;<\/p>\n<p>&nbsp;<\/td>\n<td style=\"width: 69px;\">&nbsp;<\/td>\n<td style=\"width: 32px;\">kl.<\/p>\n<p>kl.<\/p>\n<p>kl.<\/p>\n<p>kl.<\/td>\n<td style=\"width: 50px;\">09.00<\/p>\n<p>11.00<\/p>\n<p>13.00<\/p>\n<p>15.00<\/td>\n<td style=\"width: 253.047px;\">Messe p\u00e5 polsk<\/p>\n<p>Messe p\u00e5 norsk<\/p>\n<p>Messe p\u00e5 vietnamesisk<\/p>\n<p>Messe p\u00e5 engelsk<\/td>\n<\/tr>\n<\/tbody>\n<\/table>\n<p><strong>Annet:<\/strong><\/p>\n<p><strong>1) Messer i St. Ansgar menighet <\/strong><br \/>\n&#8211; l\u00f8rdag 21. oktober kl. 14.00 er det messe p\u00e5 spansk<br \/>\n&#8211; s\u00f8ndag 22. oktober kl. 15.00 er det messe p\u00e5 engelsk<\/p>\n<p><strong>&nbsp;<\/strong><\/p>\n<p><strong>2) Fredag 20. oktober har 3. trinn katekese:<\/strong><\/p>\n<ul>\n<li>00 \u2013 18.30: Messe med foreldre og barn<\/li>\n<li>30 \u2013 20.00: Katekese<\/li>\n<\/ul>\n<p><strong>&nbsp;<\/strong><\/p>\n<p><strong>3) Katekese for 8. trinn l<\/strong><strong>\u00f8rdag 21. oktober<\/strong><\/p>\n<ul>\n<li>10.00 &#8211; 14.00: Katekese for 8. trinn<\/li>\n<li>13.00 &#8211; 14.00: Katekesemesse<\/li>\n<\/ul>\n<p><strong>&nbsp;<\/strong><\/p>\n<p><strong>4) <\/strong><strong>Bispevisitas i St. Ansgar menighet i Kristiansand 2.-3. desember 2023<\/strong><\/p>\n<p>Biskopen skal komme p\u00e5 visitas i v\u00e5r menighet 2.-3. desember 2023.<\/p>\n<p>&#8211; Programmet for bispevisitasen er lagt ut p\u00e5 menighetens nettside, facebook, og p\u00e5 tavlene i inngangspartiet i kirken og i Kiga.&nbsp; &nbsp; &nbsp; &nbsp; &nbsp; &nbsp; &nbsp; &nbsp; &nbsp; &nbsp; &nbsp; &nbsp; &nbsp; &nbsp; &nbsp; &nbsp; &nbsp; &nbsp; &nbsp; &nbsp; &nbsp; &nbsp; &nbsp; &nbsp; &nbsp; &nbsp; &nbsp; &nbsp; &nbsp; &nbsp; &nbsp; &nbsp; &nbsp; &nbsp; &nbsp; &nbsp; &nbsp; &nbsp; &nbsp; &nbsp; &nbsp; &nbsp; &nbsp; &nbsp; &nbsp; &nbsp; &nbsp; &nbsp; &nbsp; &nbsp; &nbsp; &nbsp; &nbsp; &nbsp; &#8211; Troende i menigheten som \u00f8nsker en samtale med Biskopen, kan kontakte Biskopens kontor innen den 24. november 2023.<\/p>\n<p>&#8211; Troende som har noe de \u00f8nsker at menighetsr\u00e5det skal ta opp med biskopen under visitasen kan ta kontakt med medlemmer av menighetsr\u00e5det. Det kan gj\u00f8res muntlig eller skriftlig innen 20. november. P\u00e5 menighetsr\u00e5dsm\u00f8tet 22. November vil menighetsr\u00e5det vurdere hvilke saker som skal prioriteres i m\u00f8tet med biskopen.<\/p>\n<p>&#8211; <strong>S\u00f8ndag 3. desember kl. 11.00: Biskopen feirer Pontifikalmesse i St. Ansgar kirke<\/strong><\/p>\n<p><strong>Alle troende i menigheten oppfordres til \u00e5 delta i pontifikalmessen. <\/strong><\/p>\n<p>Alle andre messer p\u00e5 denne s\u00f8ndagen er avlyst.<\/p>\n<p>Etter messen er alle troende i menigheten velkommen til kirkekaffe med Biskopen i menighetens lokal, i Kiga. Alle kan ta med seg kaker og drikke.<br \/>\nVi gleder oss over Biskopens bes\u00f8k, og vi ber for visitasen.<\/p>\n<p>&nbsp;<\/p>\n<p><strong>5) Julespill 2023<\/strong><\/p>\n<p>Katekesen inviterer alle barn fra 1. \u2013 7. trinn til \u00e5 delta i julespillet som framf\u00f8res<\/p>\n<p>09.12. og 24.12. For mer informasjon ta kontakt med Christina eller Mona. e plakaten i inngangspartiet i kirka og i Kiga.<\/p>\n<p>&nbsp;<\/p>\n<p style=\"text-align: center;\"><strong>Alle er hjertelig velkommen til kirkekaffe. \u00d8nsker dere riktig god s\u00f8ndag!<\/strong><\/p>\n<p>&nbsp;<\/p>\n","protected":false},"excerpt":{"rendered":"<p>KUNNGJ\u00d8RINGER S\u00d8NDAG 15. OKTOBER 2023 Tirsdag 17.10. Minnedag: Den hellige Ignatius av Antiokia kl. kl. 17.30 18.00 Vesper Messe &#8211; etterfulgt av sakramentstilbedelse Onsdag 18.10. Fest: Evangelisten Lukas kl. 18.00 Messe Torsdag 19.10. kl. kl. 11.00 18.00 Messe &#8211; etterfulgt&#8230;<br \/><a class=\"read-more-button\" href=\"https:\/\/stansgar.katolsk.no\/?p=12446\">Read more<\/a><\/p>\n","protected":false},"author":1,"featured_media":0,"comment_status":"open","ping_status":"open","sticky":false,"template":"","format":"standard","meta":{"footnotes":""},"categories":[482],"tags":[],"class_list":["post-12446","post","type-post","status-publish","format-standard","hentry","category-kunngjoringer"],"_links":{"self":[{"href":"https:\/\/stansgar.katolsk.no\/index.php?rest_route=\/wp\/v2\/posts\/12446","targetHints":{"allow":["GET"]}}],"collection":[{"href":"https:\/\/stansgar.katolsk.no\/index.php?rest_route=\/wp\/v2\/posts"}],"about":[{"href":"https:\/\/stansgar.katolsk.no\/index.php?rest_route=\/wp\/v2\/types\/post"}],"author":[{"embeddable":true,"href":"https:\/\/stansgar.katolsk.no\/index.php?rest_route=\/wp\/v2\/users\/1"}],"replies":[{"embeddable":true,"href":"https:\/\/stansgar.katolsk.no\/index.php?rest_route=%2Fwp%2Fv2%2Fcomments&post=12446"}],"version-history":[{"count":1,"href":"https:\/\/stansgar.katolsk.no\/index.php?rest_route=\/wp\/v2\/posts\/12446\/revisions"}],"predecessor-version":[{"id":12447,"href":"https:\/\/stansgar.katolsk.no\/index.php?rest_route=\/wp\/v2\/posts\/12446\/revisions\/12447"}],"wp:attachment":[{"href":"https:\/\/stansgar.katolsk.no\/index.php?rest_route=%2Fwp%2Fv2%2Fmedia&parent=12446"}],"wp:term":[{"taxonomy":"category","embeddable":true,"href":"https:\/\/stansgar.katolsk.no\/index.php?rest_route=%2Fwp%2Fv2%2Fcategories&post=12446"},{"taxonomy":"post_tag","embeddable":true,"href":"https:\/\/stansgar.katolsk.no\/index.php?rest_route=%2Fwp%2Fv2%2Ftags&post=12446"}],"curies":[{"name":"wp","href":"https:\/\/api.w.org\/{rel}","templated":true}]}}