{"id":12416,"date":"2023-10-05T10:09:34","date_gmt":"2023-10-05T08:09:34","guid":{"rendered":"https:\/\/stansgar.katolsk.no\/?p=12416"},"modified":"2023-10-05T10:09:36","modified_gmt":"2023-10-05T08:09:36","slug":"referat-fra-menighetsradsmote-28-09-2023","status":"publish","type":"post","link":"https:\/\/stansgar.katolsk.no\/?p=12416","title":{"rendered":"Referat fra menighetsr\u00e5dsm\u00f8te 28.09.2023"},"content":{"rendered":"\n<div class=\"wp-block-file\"><a href=\"https:\/\/stansgar.katolsk.no\/wp-content\/uploads\/2023\/10\/Referat-menighetsr\u00e5d-28.09.2023-redigert-.pdf\">Referat-menighetsr\u00e5d-28.09.2023-redigert-<\/a><a href=\"https:\/\/stansgar.katolsk.no\/wp-content\/uploads\/2023\/10\/Referat-menighetsr\u00e5d-28.09.2023-redigert-.pdf\" class=\"wp-block-file__button\" download>Last ned<\/a><\/div>\n\n\n\n<h1 class=\"wp-block-heading\">St. Ansgar menighet<br>Menighetsr\u00e5dsm\u00f8te<\/h1>\n\n\n\n<h2 class=\"wp-block-heading\">Referat<\/h2>\n\n\n\n<p>28.09.2023 kl. 18.45<\/p>\n\n\n\n<figure class=\"wp-block-table\"><table><tbody><tr><td>Tilstede:<\/td><td>P. Quang Tien Dang, P. Piotr Gasior, Xuat Minh Dang, , Jocelyn Augland, Sigrid Therese Kornbrekke, Victor Manuel Meza Munoz, Lucyna Zawadzka, Helen Maty, Ane Ugland Alb\u00e6k og Kaja Kristine Gustavsen Tho<\/td><\/tr><tr><td>&nbsp; Forfall:<\/td><td>&nbsp; Wlodzimierz Dyzma, Lan Ngoc Nguyen og P. Oliver Obinna Izuogu &nbsp;<\/td><\/tr><\/tbody><\/table><\/figure>\n\n\n\n<p>Sak 1 Godkjenning av innkalling og saksliste<\/p>\n\n\n\n<p>Godkjent uten anmerkninger.<\/p>\n\n\n\n<p><strong>Sak 2 Informasjon<\/strong><\/p>\n\n\n\n<ul class=\"wp-block-list\"><li>Helen Maty informerte om ungdomsarbeidet: de er kommet i gang med ungdomsaktiviteter og ung voksen-aktiviteter. Det er en gang per m\u00e5ned for 8.-9. trinn. De har f\u00e5tt med tre ungdommer i styret. Ung voksen-gruppen har m\u00f8ter hver tirsdag i ungdomskjelleren etter kveldsmessen. Aldersgruppen er 18-35 \u00e5r og alle er velkomne. Det skal henges opp plakater p\u00e5 universitetet.<\/li><li>Menighetsr\u00e5dsvalg blir utsatt til v\u00e5ren for \u00e5 komme tilbake til felles rytme med OKB, men vi har ikke f\u00e5tt offisielt brev enn\u00e5. Dagens menighetsr\u00e5d blir dermed sittende et halvt \u00e5r til.<\/li><\/ul>\n\n\n\n<p><strong>Sak 3 Felles aktiviteter i menigheten h\u00f8sten 2023 og v\u00e5ren 2024<\/strong><\/p>\n\n\n\n<p>H\u00f8sten 2023:<\/p>\n\n\n\n<ul class=\"wp-block-list\"><li>Menighetstur til Bykle 30. september med s\u00f8ndagsmesse i Bykle gamle kyrkje.<\/li><li>Maria-prosesjon 14. oktober.<\/li><li>Bispevisitas 2.-3. desember.<\/li><li>I adventstiden: p. Tien vil invitere en norsk prest til \u00e5 h\u00f8re skriftem\u00e5l.<\/li><li>Forslag om juletrefest for familier\/alle som vil, muligens 28. desember (festen for De uskyldige barn i Betlehem). Juletrefesten gjennomf\u00f8res om noen vil arrangere.<\/li><li>Caritas blir bedt om \u00e5 organisere innsamling av julegaver til barn i fattige familier slik som i fjor.<\/li><li>Vaskedugnad fredag 1. desember i forkant av bispevisitas.<\/li><li>Juletrefest 28. desember<\/li><\/ul>\n\n\n\n<p>V\u00e5ren 2024:<\/p>\n\n\n\n<ul class=\"wp-block-list\"><li>Frivilligfest i 2024? Det kom ogs\u00e5 forslag om \u00e5 ta dette p\u00e5 sommeren, da kan man arrangere felles grilling. Alle frivillige kan melde seg p\u00e5. Vi tar dette opp igjen i januar.<\/li><li>Helgen 1.-3. mars blir det fasteretrett med p. Ole Martin. Fredag retrett for menigheten, l\u00f8rdag for ungdom i katekesen, s\u00f8ndag feirer han messe.<\/li><li>Kristi Himmelfartsdag blir det menighetstur til Stella Maris. Messe og medbragt mat\/grilling.<\/li><li>Internasjonal dag s\u00f8ndag 9. juni? P Tien sp\u00f8r representanter fra spr\u00e5kgruppene p\u00e5 m\u00f8tet onsdag om de \u00f8nsker det. Menighetsr\u00e5det opplever at denne dagen er viktig for \u00e5 bygge samhold og fellesskap i menigheten.<\/li><li>Corpus Christi 2. juni<\/li><li>17. mai: sp\u00f8rre om noen har lyst til \u00e5 arrangere fest.<\/li><\/ul>\n\n\n\n<p>H\u00f8sten 2024:<\/p>\n\n\n\n<ul class=\"wp-block-list\"><li>Maria-prosesjon l\u00f8rdag 5. oktober<\/li><\/ul>\n\n\n\n<p><strong>Sak 4 Planlegge bispevisitas 2.-3. desember<\/strong><\/p>\n\n\n\n<p>Det er kommet brev fra biskopen med kunngj\u00f8ring om visitas til St Ansgar menighet 2. og 3. desember. P. Tien gikk gjennom forslag til program ut fra hvordan bispevisitas vanligvis gjennomf\u00f8res i OKB.<\/p>\n\n\n\n<p>Programmet kort oppsummert:<\/p>\n\n\n\n<p>L\u00f8rdag 2. desember starter programmet kl. 15. Biskopen skal ha m\u00f8te med prestene, menighetsr\u00e5det, finansr\u00e5det og de ansatte (30 minutter per m\u00f8te). Deretter blir det kveldsmesse (v\/P. Piotr). Middag kl. 19.00 med biskopen og andre fra OKB og de som har v\u00e6rt i m\u00f8ter med biskopen l\u00f8rdag. Alle m\u00f8tene p\u00e5 l\u00f8rdagen finner sted i biblioteket slik at man har mulighet til \u00e5 stelle i stand til middag i Kiga.<\/p>\n\n\n\n<p>S\u00f8ndag 3. desember oppfordres hele menigheten til \u00e5 delta p\u00e5 pontifikalmesse kl. 11. Alle andre messer er avlyst denne dagen. Etter dette blir det kirkekaffe for alle i menigheten (gratis for alle). Deretter skal biskopen ha m\u00f8te med representanter fra kateketene, evangelieforklaringen, Juniorklubben, Saul, Ministranter, Unge voksne, Caritas, kor, troskurs og spr\u00e5kgrupper (vietnamesisk, polsk, Midt\u00f8sten, filippinsk, spansk, fransk, engelsk, eritreisk, tamilsk). Gruppene f\u00e5r presentere arbeidet sitt kort (helst 2 minutter) og deretter blir det mulighet for sp\u00f8rsm\u00e5l\/aktuelle saker. Til slutt vil biskopen ha private samtaler med menighetsmedlemmer som har meldt \u00f8nske om dette til biskopens kontor innen 24. november.<\/p>\n\n\n\n<p>Biskopens kontor skal godkjenne programmet f\u00f8r det er endelig.<\/p>\n\n\n\n<p>Heisen i Kiga m\u00e5 v\u00e6re i orden til visitasen.<\/p>\n\n\n\n<p><strong>Sak 5 Synodal prosess oppsummering av tema \u00abdeltakelse\u00bb i St Ansgar<\/strong><\/p>\n\n\n\n<p>Utsetter denne saken til neste m\u00f8te og inviterer representanter for spr\u00e5kgruppene til \u00e5 delta.<\/p>\n\n\n\n<p><strong>Sak 6 Neste menighetsr\u00e5dsm\u00f8te<\/strong><\/p>\n\n\n\n<p>Onsdag 22. november kl. 19.45 med representanter for spr\u00e5kgruppene (engelsk, spansk, fransk, eritreisk, tamilsk, kaldeisk, polsk, vietnamesisk og filippinsk). Menighetsr\u00e5det \u00f8nsker \u00e5 m\u00f8te representantene minimum \u00e9n gang i halv\u00e5ret.<\/p>\n\n\n\n<p>Alle b\u00f8r forberede visitasen i forkant av m\u00f8tet; hva som skal kj\u00f8pes, oppgaver osv. s\u00e5 tar vi en siste gjennomgang for \u00e5 sjekke at alt er i orden.<\/p>\n\n\n\n<p><strong>Sak 7 Eventuelt<\/strong><\/p>\n\n\n\n<p>Informasjon fra Finansr\u00e5det:<\/p>\n\n\n\n<p>Finansr\u00e5det har laget retningslinjer for bruk av Vipps. Oppsummering: vi skal alltid bruke menighetens Vipps-nummer (ikke private nummer). Hvis man legger ut m\u00e5 kvittering leveres til Ela s\u00e5 f\u00e5r man penger tilbake p\u00e5 konto, det skal ikke tas av eventuelt kontantsalg. Dette er for at regnskapet skal v\u00e6re korrekt.<\/p>\n\n\n\n<p>Regnskapet per 31\/8 viser tydelig underskudd. Dette er et resultat av mindre inntekter (kollekt, byggefond) kombinert med \u00f8kte driftsutgifter (blant annet str\u00f8m, rente\u00f8kninger). Burde vi sette i gang oppfordringer til menigheten? Finansr\u00e5det foresl\u00e5r \u00e5 henge opp Vipps-plakater i benkeradene, slik vi hadde f\u00f8r. Dette skal gj\u00f8res igjen \u2013 denne gangen laminerte oppslag. Lydanlegget var dyrt, vi har ikke f\u00e5tt igjen 80&nbsp;000 fra OKB, men disse pengene kommer.<\/p>\n\n\n\n<p>Vi snakket om alternative l\u00f8sninger hva gjelder innsamling av kollekt. Kortl\u00f8sning?<\/p>\n\n\n\n<p>1\/10-23 Kaja Kristine Tho<br>Sekret\u00e6r i menighetsr\u00e5det<\/p>\n","protected":false},"excerpt":{"rendered":"<p>St. Ansgar menighetMenighetsr\u00e5dsm\u00f8te Referat 28.09.2023 kl. 18.45 Tilstede: P. Quang Tien Dang, P. Piotr Gasior, Xuat Minh Dang, , Jocelyn Augland, Sigrid Therese Kornbrekke, Victor Manuel Meza Munoz, Lucyna Zawadzka, Helen Maty, Ane Ugland Alb\u00e6k og Kaja Kristine Gustavsen Tho&#8230;<br \/><a class=\"read-more-button\" href=\"https:\/\/stansgar.katolsk.no\/?p=12416\">Read more<\/a><\/p>\n","protected":false},"author":1,"featured_media":0,"comment_status":"open","ping_status":"open","sticky":false,"template":"","format":"standard","meta":{"footnotes":""},"categories":[493],"tags":[],"class_list":["post-12416","post","type-post","status-publish","format-standard","hentry","category-menighetsradsmote"],"_links":{"self":[{"href":"https:\/\/stansgar.katolsk.no\/index.php?rest_route=\/wp\/v2\/posts\/12416","targetHints":{"allow":["GET"]}}],"collection":[{"href":"https:\/\/stansgar.katolsk.no\/index.php?rest_route=\/wp\/v2\/posts"}],"about":[{"href":"https:\/\/stansgar.katolsk.no\/index.php?rest_route=\/wp\/v2\/types\/post"}],"author":[{"embeddable":true,"href":"https:\/\/stansgar.katolsk.no\/index.php?rest_route=\/wp\/v2\/users\/1"}],"replies":[{"embeddable":true,"href":"https:\/\/stansgar.katolsk.no\/index.php?rest_route=%2Fwp%2Fv2%2Fcomments&post=12416"}],"version-history":[{"count":1,"href":"https:\/\/stansgar.katolsk.no\/index.php?rest_route=\/wp\/v2\/posts\/12416\/revisions"}],"predecessor-version":[{"id":12418,"href":"https:\/\/stansgar.katolsk.no\/index.php?rest_route=\/wp\/v2\/posts\/12416\/revisions\/12418"}],"wp:attachment":[{"href":"https:\/\/stansgar.katolsk.no\/index.php?rest_route=%2Fwp%2Fv2%2Fmedia&parent=12416"}],"wp:term":[{"taxonomy":"category","embeddable":true,"href":"https:\/\/stansgar.katolsk.no\/index.php?rest_route=%2Fwp%2Fv2%2Fcategories&post=12416"},{"taxonomy":"post_tag","embeddable":true,"href":"https:\/\/stansgar.katolsk.no\/index.php?rest_route=%2Fwp%2Fv2%2Ftags&post=12416"}],"curies":[{"name":"wp","href":"https:\/\/api.w.org\/{rel}","templated":true}]}}