{"id":1241,"date":"2011-04-14T21:23:00","date_gmt":"2011-04-14T19:23:00","guid":{"rendered":"http:\/\/stansgar.katolsk.no\/index.php\/2011\/04\/14\/seminarist-i-praksis-i-stansgar\/"},"modified":"2018-10-12T09:13:16","modified_gmt":"2018-10-12T07:13:16","slug":"seminarist-i-praksis-i-stansgar","status":"publish","type":"post","link":"https:\/\/stansgar.katolsk.no\/?p=1241","title":{"rendered":"Seminarist i praksis i St.Ansgar"},"content":{"rendered":"<p>St.Ansgar menighet har gleden av \u00e5 \u00f8nske seminarist Kamil Fedorczyk(f\u00f8dt 3. mai 1984 i W\u0119gr\u00f3w, Polen)velkommen i praksis i menigheten. <br \/>\nHan skal v\u00e6re her fra palmes\u00f8ndag<br \/>\ntil og med 2.p\u00e5skedag. <\/p>\n<div style=\"border-bottom: medium none; border-left: medium none; border-right: medium none; border-top: medium none;\"><a href=\"http:\/\/2.bp.blogspot.com\/-E-LhxFNCIco\/Tadj_dq7wbI\/AAAAAAAADsE\/gDexhjydxQM\/s1600\/Kamilseminarist.jpg\" imageanchor=\"1\" style=\"clear: right; cssfloat: right; float: right; margin-bottom: 1em; margin-left: 1em;\"><img loading=\"lazy\" decoding=\"async\" border=\"0\" height=\"300\" src=\"http:\/\/stansgar.katolsk.no\/wp-content\/uploads\/2011\/04\/Kamilseminarist.jpg\" width=\"225\" \/><\/a>Fra 2004 studerte han teologi<\/div>\n<div style=\"border-bottom: medium none; border-left: medium none; border-right: medium none; border-top: medium none;\">i Polen. Han har v\u00e6rt tilknyttet<\/div>\n<div style=\"border-bottom: medium none; border-left: medium none; border-right: medium none; border-top: medium none;\">St. Eystein presteseminar siden h\u00f8sten 2008.<\/div>\n<div style=\"border-bottom: medium none; border-left: medium none; border-right: medium none; border-top: medium none;\">\n<\/div>\n<div style=\"border-bottom: medium none; border-left: medium none; border-right: medium none; border-top: medium none;\">Ta vel i mot ham!<\/div>\n<div style=\"border-bottom: medium none; border-left: medium none; border-right: medium none; border-top: medium none;\">\n<\/div>\n","protected":false},"excerpt":{"rendered":"<p>St.Ansgar menighet har gleden av \u00e5 \u00f8nske seminarist Kamil Fedorczyk(f\u00f8dt 3. mai 1984 i W\u0119gr\u00f3w, Polen)velkommen i praksis i menigheten. Han skal v\u00e6re her fra palmes\u00f8ndag til og med 2.p\u00e5skedag. Fra 2004 studerte han teologi i Polen. Han har v\u00e6rt&#8230;<br \/><a class=\"read-more-button\" href=\"https:\/\/stansgar.katolsk.no\/?p=1241\">Read more<\/a><\/p>\n","protected":false},"author":3,"featured_media":3486,"comment_status":"open","ping_status":"open","sticky":false,"template":"","format":"standard","meta":{"footnotes":""},"categories":[1],"tags":[37],"class_list":["post-1241","post","type-post","status-publish","format-standard","has-post-thumbnail","hentry","category-ukategorisert","tag-prestene"],"_links":{"self":[{"href":"https:\/\/stansgar.katolsk.no\/index.php?rest_route=\/wp\/v2\/posts\/1241","targetHints":{"allow":["GET"]}}],"collection":[{"href":"https:\/\/stansgar.katolsk.no\/index.php?rest_route=\/wp\/v2\/posts"}],"about":[{"href":"https:\/\/stansgar.katolsk.no\/index.php?rest_route=\/wp\/v2\/types\/post"}],"author":[{"embeddable":true,"href":"https:\/\/stansgar.katolsk.no\/index.php?rest_route=\/wp\/v2\/users\/3"}],"replies":[{"embeddable":true,"href":"https:\/\/stansgar.katolsk.no\/index.php?rest_route=%2Fwp%2Fv2%2Fcomments&post=1241"}],"version-history":[{"count":1,"href":"https:\/\/stansgar.katolsk.no\/index.php?rest_route=\/wp\/v2\/posts\/1241\/revisions"}],"predecessor-version":[{"id":3487,"href":"https:\/\/stansgar.katolsk.no\/index.php?rest_route=\/wp\/v2\/posts\/1241\/revisions\/3487"}],"wp:featuredmedia":[{"embeddable":true,"href":"https:\/\/stansgar.katolsk.no\/index.php?rest_route=\/wp\/v2\/media\/3486"}],"wp:attachment":[{"href":"https:\/\/stansgar.katolsk.no\/index.php?rest_route=%2Fwp%2Fv2%2Fmedia&parent=1241"}],"wp:term":[{"taxonomy":"category","embeddable":true,"href":"https:\/\/stansgar.katolsk.no\/index.php?rest_route=%2Fwp%2Fv2%2Fcategories&post=1241"},{"taxonomy":"post_tag","embeddable":true,"href":"https:\/\/stansgar.katolsk.no\/index.php?rest_route=%2Fwp%2Fv2%2Ftags&post=1241"}],"curies":[{"name":"wp","href":"https:\/\/api.w.org\/{rel}","templated":true}]}}