{"id":12381,"date":"2023-09-26T10:10:10","date_gmt":"2023-09-26T08:10:10","guid":{"rendered":"https:\/\/stansgar.katolsk.no\/?p=12381"},"modified":"2023-09-26T10:10:12","modified_gmt":"2023-09-26T08:10:12","slug":"referat-fra-menighetsradsmote-13-09-2023","status":"publish","type":"post","link":"https:\/\/stansgar.katolsk.no\/?p=12381","title":{"rendered":"Referat fra menighetsr\u00e5dsm\u00f8te 13.09.2023"},"content":{"rendered":"\n<div class=\"wp-block-file\"><a href=\"https:\/\/stansgar.katolsk.no\/wp-content\/uploads\/2023\/09\/MR-referat-13.09.2023_22.-sept_23-1.pdf\">MR-referat-13.09.2023_22.-sept_23-1<\/a><a href=\"https:\/\/stansgar.katolsk.no\/wp-content\/uploads\/2023\/09\/MR-referat-13.09.2023_22.-sept_23-1.pdf\" class=\"wp-block-file__button\" download>Last ned<\/a><\/div>\n\n\n\n<h1 class=\"wp-block-heading\">St. Ansgar menighet<br>Menighetsr\u00e5dsm\u00f8te<\/h1>\n\n\n\n<h2 class=\"wp-block-heading\">M\u00f8tereferat<\/h2>\n\n\n\n<p style=\"font-size:18px\">13.09.2023 kl. 18.45<\/p>\n\n\n\n<figure class=\"wp-block-table\"><table><tbody><tr><td>Tilstede:<\/td><td>P. Quang Tien Dang, P. Piotr Gasior, P. Oliver Obinna Izuogu, Xuat Minh Dang, Wlodzimierz Dyzma, Jocelyn Augland, Kaja Kristine Gustavsen Tho, Sigrid Therese Kornbrekke, Lan Ngoc Nguyen, Ane Ugland Alb\u00e6k Representant for Caritas Mogens Alb\u00e6k &nbsp;<\/td><\/tr><tr><td>&nbsp;<\/td><td>&nbsp;<\/td><\/tr><tr><td>Forfall:<\/td><td>Helen Maty, Victor Manuel Meza Munoz, Luzyna Zawadzka.<\/td><\/tr><\/tbody><\/table><\/figure>\n\n\n\n<p><strong>Sak 1<\/strong> <strong>Godkjenning av innkalling og saksliste<\/strong><\/p>\n\n\n\n<p>Godkjent uten anmerkninger.<\/p>\n\n\n\n<p><strong>Sak 2 Informasjon<\/strong><\/p>\n\n\n\n<p>Neste uke har prestene m\u00f8te p\u00e5 Mariaholm. Da blir det ikke messe tirsdag-torsdag.<\/p>\n\n\n\n<p>Lenge siden biskopen har v\u00e6rt i Kristiansand. Han kommer sannsynligvis p\u00e5 visitas 2.-3. desember. Feirer messe med oss s\u00f8ndag 3. desember.&nbsp; Vi \u00f8nsker at han da velsigner \u00e5rets konfirmanter.<\/p>\n\n\n\n<p><strong>Sak 3 Endre organiseringen av Caritas St Ansgar<\/strong><\/p>\n\n\n\n<p>I v\u00e5r menighet har vi tidligere hatt et lokalt Caritas som ble drevet med styre, \u00e5rsm\u00f8te osv., men uten \u00e5 v\u00e6re en egen stiftelse. Pga. vansker med \u00e5 f\u00e5 leder ble det valgt en annen organisering. Menighetsr\u00e5det og sogneadministrator valgte noen personer som ble Caritas arbeidsgruppe Denne arbeidsgruppen har drevet Caritas St Ansgar de siste \u00e5rene med gode resultater og h\u00f8yt aktivitetsniv\u00e5. Arbeidsgruppen er n\u00e5 blitt kontaktet av Caritas Norge som vil at vi skal etablere et Caritas Kristiansand som en selvstendig stiftelse med samarbeidsavtale med Caritas Norge. Dette inneb\u00e6rer mer arbeid b\u00e5de i etablering og drift enn dagens ordning, men gir muligheter i form av \u00f8konomisk tilskudd. Kan ogs\u00e5 f\u00e5 st\u00f8tte til en medarbeider i l\u00f8nnet deltidsstilling.<\/p>\n\n\n\n<p>Dagens ordning fungerer bra og flere ser utfordringer med at et lokalt Caritas som egen stiftelse b\u00e5de vil f\u00e5 store administrative oppgaver og vil v\u00e6re adskilt fra menigheten. Dersom en endring skal gjennomf\u00f8res b\u00f8r menighetens medlemmer f\u00e5 v\u00e6re med p\u00e5 avgj\u00f8relsen.<\/p>\n\n\n\n<p>Forslag om \u00e5 invitere til et m\u00f8te der alle kan v\u00e6re med \u00e5 bestemme veien videre. Kunngj\u00f8ring ved oppslag, sosiale medier, osv.<\/p>\n\n\n\n<p class=\"has-text-color has-vivid-cyan-blue-color\"><strong>1) Informasjon om en egen stiftelse som vil v\u00e6re adskilt fra menigheten:<\/strong><\/p>\n\n\n\n<p class=\"has-text-color has-vivid-cyan-blue-color\">Den n\u00e5v\u00e6rende Caritas St. Ansgar leder informerte p\u00e5 menighetsr\u00e5dsm\u00f8tet 13. september 2023 at Caritas Norge vil at Caritas St. Ansgar blir en selvstendig og uavhengig Caritas organisasjon tilknyttet Caritas Norge i Oslo, og f\u00f8lger retningslinjene til Caritas Norge.<\/p>\n\n\n\n<p class=\"has-text-color has-vivid-cyan-blue-color\">a) Organisasjonen vil bli registrert i Br\u00f8nn\u00f8ysundregisteret med eget organisasjonsnummer. Den vil ha selvstendig \u00f8konomi og regnskap og vil styres adskilt fra menigheten.<\/p>\n\n\n\n<p class=\"has-text-color has-vivid-cyan-blue-color\">b) Organisasjonen skal ikke v\u00e6re styrt av sogneadministratoren\/sognepresten og menighetsr\u00e5det. Den skal v\u00e6re uavhengig av menigheten.<\/p>\n\n\n\n<p class=\"has-text-color has-vivid-cyan-blue-color\">c) Det inneb\u00e6rer at organisasjonen er tilknyttet Caritas Norge i Oslo. Den skal f\u00f8lge Caritas Norge sin m\u00e5te \u00e5 organisere gruppen p\u00e5 etter retningslinjene til Caritas Norge i Oslo.<\/p>\n\n\n\n<p class=\"has-text-color has-vivid-cyan-blue-color\">d) Det inneb\u00e6rer at St. Ansgar menighet ikke tar ansvar for alle aktivitetene til organisasjonen som er adskilt fra menigheten.<\/p>\n\n\n\n<p class=\"has-text-color has-vivid-cyan-blue-color\">2) F\u00d8LGENDE AVGJ\u00d8RELSE M\u00c5 TAS:<\/p>\n\n\n\n<p class=\"has-text-color has-vivid-cyan-blue-color\">Alle menighetens medlemmer kan ved et valg bestemme:<\/p>\n\n\n\n<p class=\"has-text-color has-vivid-cyan-blue-color\"><strong>A)<\/strong> Menighetens medlemmer skal bestemme om den n\u00e5v\u00e6rende Caritas St. Ansgar i menigheten skal fortsatt tilh\u00f8re menigheten, og alle aktivitetene er under sogneadministratoren\/sognepresten og menighetsr\u00e5det.<\/p>\n\n\n\n<p class=\"has-text-color has-vivid-cyan-blue-color\">ELLER<\/p>\n\n\n\n<p class=\"has-text-color has-vivid-cyan-blue-color\"><strong>B) <\/strong>Den n\u00e5v\u00e6rende Caritas St. Ansgar i menigheten skal legges ned og bli erstattet av en selvstendig og uavhengig Caritas organisasjon tilknyttet Caritas Norge i Oslo. Hvis den nye organisasjonen blir stiftet, skal den da f\u00f8lge det som beskrives i avsnitt 1 punktene a \u2013 d (se punktene over).<\/p>\n\n\n\n<p class=\"has-text-color has-vivid-cyan-blue-color\">AVGJ\u00d8RELSEN SKAL UTF\u00d8RES P\u00c5 F\u00d8LGENDE M\u00c5TE:<\/p>\n\n\n\n<p class=\"has-text-color has-vivid-cyan-blue-color\">ALLE MENIGHETENS MEDLEMMER KAN BESTEMME DETTE VED ET VALG.&nbsp;<\/p>\n\n\n\n<p class=\"has-text-color has-vivid-cyan-blue-color\">ALLE KAN VELGE ENTEN ALTERNATIV <strong>A<\/strong> ELLER ALTERNATIV <strong>B<\/strong>.<\/p>\n\n\n\n<p class=\"has-text-color has-vivid-cyan-blue-color\">(Mer informasjon om datoen for valget kommer seinere.)<\/p>\n\n\n\n<p class=\"has-text-color has-vivid-cyan-blue-color\"><strong>3) P. Tien, administratoren i St. Ansgar menighet \u00f8nsker:<\/strong><\/p>\n\n\n\n<p class=\"has-text-color has-vivid-cyan-blue-color\">1) Dersom noen \u00f8nsker \u00e5 etablere en ny stiftelse, organisasjon tilknyttet til Caritas Norge i Oslo, ber jeg dere vennligst om \u00e5 starte den helt utenfor menigheten, fordi den kommende organisasjonen hvis den blir stiftet, vil aldri h\u00f8rer til menigheten.<\/p>\n\n\n\n<p class=\"has-text-color has-vivid-cyan-blue-color\">2) Jeg ber om at menigheten fortsetter \u00e5 v\u00e6re i fred, og ikke blir i oppr\u00f8r av et \u00f8nske til Caritas Norge, en organisasjon som er utenfor menigheten.<\/p>\n\n\n\n<p class=\"has-text-color has-vivid-cyan-blue-color\">3) Jeg ber om at St. Ansgar menighet fortsette \u00e5 beholde dens lange og gode tradisjon at alle arbeider sammen i navnet til St. Ansgar menighet for \u00e5 hjelpe de fattige.<\/p>\n\n\n\n<p><strong>Sak 4 Synodal prosess oppsummering av tema \u00abdeltakelse\u00bb i St Ansgar<\/strong><\/p>\n\n\n\n<p>Tas opp p\u00e5 neste m\u00f8te.<\/p>\n\n\n\n<p><strong>Sak 5 Felles aktiviteter i menigheten h\u00f8sten 2023 og v\u00e5ren 2024<\/strong><\/p>\n\n\n\n<p>Tas opp p\u00e5 neste m\u00f8te.<\/p>\n\n\n\n<p><strong>Sak 6 Planlegge menighetstur til Bykle 30. september<\/strong><\/p>\n\n\n\n<p>Mer enn 30 p\u00e5meldte. Plass til 47 personer i bussen. Vi kunngj\u00f8r i s\u00f8ndagsmessen at det er mulig \u00e5 melde seg p\u00e5 inntil det er fullt i bussen, men siste frist er 24. september. (Det vil selvsagt v\u00e6re mulig \u00e5 reise til Bykle med egen bil og delta p\u00e5 messe, foredrag og kirkekaffe dersom noen \u00f8nsker det).<\/p>\n\n\n\n<p>Vi har sanger og b\u00f8nn p\u00e5 bussen. Rosenkrans. P. Tien lager et hefte med liturgi og sanger til messen i Bykle Kyrkje. Messen er annonsert lokalt og vi h\u00e5per noen av de lokale ogs\u00e5 vil feire med oss. Etter messen f\u00e5r vi litt informasjon om kirken og dens historie f\u00f8r vi spiser niste og f\u00e5r kaffe og kake.<\/p>\n\n\n\n<p><strong>Sak 7 Maria av Fatima feiring l\u00f8rdag 14. oktober<\/strong><\/p>\n\n\n\n<p>Utsettes til neste m\u00f8te<\/p>\n\n\n\n<p><strong>Sak 8 Neste menighetsr\u00e5dsm\u00f8te<\/strong><\/p>\n\n\n\n<p>Torsdag 28. september kl. 18:45<\/p>\n\n\n\n<p><strong>Sak 9 Eventuelt<\/strong><\/p>\n\n\n\n<p>Ingen saker<\/p>\n\n\n\n<p>Kaja Kristine Gustavsen Tho<br>Sign.<\/p>\n","protected":false},"excerpt":{"rendered":"<p>St. Ansgar menighetMenighetsr\u00e5dsm\u00f8te M\u00f8tereferat 13.09.2023 kl. 18.45 Tilstede: P. Quang Tien Dang, P. Piotr Gasior, P. Oliver Obinna Izuogu, Xuat Minh Dang, Wlodzimierz Dyzma, Jocelyn Augland, Kaja Kristine Gustavsen Tho, Sigrid Therese Kornbrekke, Lan Ngoc Nguyen, Ane Ugland Alb\u00e6k Representant&#8230;<br \/><a class=\"read-more-button\" href=\"https:\/\/stansgar.katolsk.no\/?p=12381\">Read more<\/a><\/p>\n","protected":false},"author":1,"featured_media":0,"comment_status":"open","ping_status":"open","sticky":false,"template":"","format":"standard","meta":{"footnotes":""},"categories":[493],"tags":[],"class_list":["post-12381","post","type-post","status-publish","format-standard","hentry","category-menighetsradsmote"],"_links":{"self":[{"href":"https:\/\/stansgar.katolsk.no\/index.php?rest_route=\/wp\/v2\/posts\/12381","targetHints":{"allow":["GET"]}}],"collection":[{"href":"https:\/\/stansgar.katolsk.no\/index.php?rest_route=\/wp\/v2\/posts"}],"about":[{"href":"https:\/\/stansgar.katolsk.no\/index.php?rest_route=\/wp\/v2\/types\/post"}],"author":[{"embeddable":true,"href":"https:\/\/stansgar.katolsk.no\/index.php?rest_route=\/wp\/v2\/users\/1"}],"replies":[{"embeddable":true,"href":"https:\/\/stansgar.katolsk.no\/index.php?rest_route=%2Fwp%2Fv2%2Fcomments&post=12381"}],"version-history":[{"count":1,"href":"https:\/\/stansgar.katolsk.no\/index.php?rest_route=\/wp\/v2\/posts\/12381\/revisions"}],"predecessor-version":[{"id":12383,"href":"https:\/\/stansgar.katolsk.no\/index.php?rest_route=\/wp\/v2\/posts\/12381\/revisions\/12383"}],"wp:attachment":[{"href":"https:\/\/stansgar.katolsk.no\/index.php?rest_route=%2Fwp%2Fv2%2Fmedia&parent=12381"}],"wp:term":[{"taxonomy":"category","embeddable":true,"href":"https:\/\/stansgar.katolsk.no\/index.php?rest_route=%2Fwp%2Fv2%2Fcategories&post=12381"},{"taxonomy":"post_tag","embeddable":true,"href":"https:\/\/stansgar.katolsk.no\/index.php?rest_route=%2Fwp%2Fv2%2Ftags&post=12381"}],"curies":[{"name":"wp","href":"https:\/\/api.w.org\/{rel}","templated":true}]}}