{"id":12375,"date":"2023-09-24T10:01:48","date_gmt":"2023-09-24T08:01:48","guid":{"rendered":"https:\/\/stansgar.katolsk.no\/?p=12375"},"modified":"2023-09-22T15:01:22","modified_gmt":"2023-09-22T13:01:22","slug":"kunngjoringer-sondag-24-september-2023","status":"publish","type":"post","link":"https:\/\/stansgar.katolsk.no\/?p=12375","title":{"rendered":"KUNNGJ\u00d8RINGER S\u00d8NDAG 24. SEPTEMBER 2023"},"content":{"rendered":"<p style=\"text-align: center;\"><strong>KUNNGJ\u00d8RINGER S\u00d8NDAG 24. SEPTEMBER 2023<\/strong><\/p>\n<table style=\"width: 641.609px;\">\n<tbody>\n<tr>\n<td style=\"width: 84px;\">Tirsdag<\/td>\n<td style=\"width: 69px;\">26.09.<\/td>\n<td style=\"width: 53px;\">kl.<\/p>\n<p>kl.<\/td>\n<td style=\"width: 67px;\">17.30<\/p>\n<p>18.00<\/td>\n<td style=\"width: 276.609px;\">Vesper<\/p>\n<p>Messe &#8211; etterfulgt av sakramentstilbedelse<\/td>\n<\/tr>\n<tr>\n<td style=\"width: 84px;\" rowspan=\"2\">Onsdag<\/td>\n<td style=\"width: 69px;\" rowspan=\"2\">27.09<strong>.<\/strong><\/td>\n<td style=\"width: 396.609px;\" colspan=\"3\">Minnedag: Den hellige Vincent av Paul<\/td>\n<\/tr>\n<tr>\n<td style=\"width: 53px;\">kl.<\/td>\n<td style=\"width: 67px;\">18.00<\/td>\n<td style=\"width: 276.609px;\">Messe<\/td>\n<\/tr>\n<tr>\n<td style=\"width: 84px;\">Torsdag<\/td>\n<td style=\"width: 69px;\">28.09.<\/td>\n<td style=\"width: 53px;\">kl.<\/p>\n<p>kl.<\/td>\n<td style=\"width: 67px;\">11.00<\/p>\n<p>18.00<\/td>\n<td style=\"width: 276.609px;\">Messe &#8211; etterfulgt av felles lunsj i Kiga.<\/p>\n<p>Messe<\/td>\n<\/tr>\n<tr>\n<td style=\"width: 84px;\" rowspan=\"2\">Fredag<\/td>\n<td style=\"width: 69px;\" rowspan=\"2\">29.09.<\/td>\n<td style=\"width: 396.609px;\" colspan=\"3\">Fest: De hellige erkeengler Mikael, Gabriel og Rafael<\/td>\n<\/tr>\n<tr>\n<td style=\"width: 53px;\">kl.<\/td>\n<td style=\"width: 67px;\">18.00<\/td>\n<td style=\"width: 276.609px;\">Messe<\/td>\n<\/tr>\n<tr>\n<td style=\"width: 84px;\">L\u00f8rdag<\/td>\n<td style=\"width: 69px;\">30.09.<\/td>\n<td style=\"width: 53px;\">kl.<\/p>\n<p>kl.<\/p>\n<p>kl.<\/td>\n<td style=\"width: 67px;\">12.30<\/p>\n<p>13.00<\/p>\n<p>18.00<\/td>\n<td style=\"width: 276.609px;\">Rosenkransb\u00f8nn<\/p>\n<p>Messe<\/p>\n<p>Messe p\u00e5 polsk<\/td>\n<\/tr>\n<tr>\n<td style=\"width: 84px;\">S\u00f8ndag<\/td>\n<td style=\"width: 69px;\">01.10.<\/td>\n<td style=\"width: 396.609px;\" colspan=\"3\"><strong>26. S\u00d8NDAG I DET ALMINNELIGE KIRKE\u00c5R<\/strong><\/td>\n<\/tr>\n<tr>\n<td style=\"width: 84px;\">&nbsp;<\/td>\n<td style=\"width: 69px;\">&nbsp;<\/td>\n<td style=\"width: 53px;\">kl.<\/p>\n<p>kl.<\/p>\n<p>kl.<\/td>\n<td style=\"width: 67px;\">09.00<\/p>\n<p>11.00<\/p>\n<p>13.00<\/td>\n<td style=\"width: 276.609px;\">Messe p\u00e5 polsk<\/p>\n<p>Messe p\u00e5 norsk<\/p>\n<p>Messe p\u00e5 vietnamesisk<\/td>\n<\/tr>\n<\/tbody>\n<\/table>\n<p><strong>&nbsp;<\/strong><\/p>\n<p><strong>Annet:<\/strong><\/p>\n<p><strong>1) Juniorklubbkveld fredag 29.09.<br \/>\n<\/strong>Juniorklubben har aktivitetskveld\/spillekveld i menighetssalen fredag 29. september kl. 18:30-20:45.<\/p>\n<p>P\u00e5melding innen 27.09. til Dung. For mer informasjon se oppslag i inngangspartiet i kirken, i Kiga og menighetens nettside.<\/p>\n<p>&nbsp;<\/p>\n<p><strong>2)<\/strong> <strong>Torsdag 28. september kl. 18. 45 <\/strong>er det troskurs. <strong>&nbsp;<\/strong><\/p>\n<p><strong>&nbsp;<\/strong><\/p>\n<p><strong>3) Unge voksne gruppen (18 \u00e5r \u2013 35 \u00e5r) har startet opp igjen.<\/strong><\/p>\n<p>Unge voksen gruppen m\u00f8tes hver tirsdag i Ungdomskjelleren kl. 19.00 \u2013 22.00.<\/p>\n<p>De som \u00f8nsker det deltar f\u00f8rst p\u00e5 messen kl. 18.00 etterfulgt av sakramentstilbedelse.<\/p>\n<p>Oppm\u00f8tested er i inngangspartiet i kirka.<\/p>\n<p>&nbsp;<\/p>\n<p><strong>4)<\/strong> Vi minner om menighetens <strong>pilegrimstur til Bykle gamle kirke i Setesdal l\u00f8rdag<br \/>\n30. september. <\/strong>Oppm\u00f8te for alle p\u00e5meldte kl. 9.00 ved St. Ansgar kirke. Husk \u00e5 ta med niste og rosenkrans<strong>.<\/strong><\/p>\n<p><strong>&nbsp;<\/strong><\/p>\n<p><strong>5) Rosenkransm\u00e5neden oktober 2023<\/strong><\/p>\n<p>Da Den Salige Jomfru Maria viste seg i Lourdes og i Fatima, anbefalte hun oss \u00e5 be rosenkransen. Den hjelper oss til \u00e5 kontemplere og \u00e5 utdype Kristi mysterier og Jomfru Marias rolle i Kristi mysterier og i Kirken.<\/p>\n<p><strong>Oversikt over rosenkransandakter p\u00e5 forskjellige spr\u00e5k p\u00e5 ukedager i St. Ansgar kirke:<\/strong><\/p>\n<p>Onsdager:<\/p>\n<p>&#8211;&nbsp; kl. 17.30: Rosenkransb\u00f8nn p\u00e5 vietnamesisk<\/p>\n<p>&#8211;&nbsp; kl. 19.00: Rosenkransb\u00f8nn p\u00e5 spansk<\/p>\n<p>Torsdager:<\/p>\n<p>&#8211;&nbsp; kl. 17.30: Rosenkransb\u00f8nn p\u00e5 engelsk<\/p>\n<p>Fredager:<\/p>\n<p>&#8211;&nbsp; kl. 17.30: Rosenkransb\u00f8nn p\u00e5 norsk<\/p>\n<p>L\u00f8rdager:<\/p>\n<p>&#8211;&nbsp; kl. 12.30: Rosenkransb\u00f8nn p\u00e5 norsk. Etterfulgt av messe p\u00e5 norsk.<\/p>\n<p>&#8211;&nbsp; kl. 18.00: Messe p\u00e5 polsk. Etterfulgt av rosenkransandakt p\u00e5 polsk.<\/p>\n<p>S\u00f8ndager:<\/p>\n<p>&#8211;&nbsp; kl. 08.30: Rosenkransb\u00f8nn p\u00e5 polsk. Etterfulgt av messe p\u00e5 polsk.<\/p>\n<p>&#8211; &nbsp;kl. 10.30: Rosenkransb\u00f8nn p\u00e5 norsk. Etterfulgt av h\u00f8ymesse p\u00e5 norsk.<\/p>\n<p>&#8211;&nbsp; kl. 12.30: Rosenkransb\u00f8nn p\u00e5 vietnamesisk. Etterfulgt av messe p\u00e5 vietnamesisk.<\/p>\n<p>&nbsp;<\/p>\n<p><strong>Alle er hjertelig velkommen til kirkekaffe. \u00d8nsker dere riktig god s\u00f8ndag!<\/strong><\/p>\n","protected":false},"excerpt":{"rendered":"<p>KUNNGJ\u00d8RINGER S\u00d8NDAG 24. SEPTEMBER 2023 Tirsdag 26.09. kl. kl. 17.30 18.00 Vesper Messe &#8211; etterfulgt av sakramentstilbedelse Onsdag 27.09. Minnedag: Den hellige Vincent av Paul kl. 18.00 Messe Torsdag 28.09. kl. kl. 11.00 18.00 Messe &#8211; etterfulgt av felles lunsj&#8230;<br \/><a class=\"read-more-button\" href=\"https:\/\/stansgar.katolsk.no\/?p=12375\">Read more<\/a><\/p>\n","protected":false},"author":1,"featured_media":0,"comment_status":"open","ping_status":"open","sticky":false,"template":"","format":"standard","meta":{"footnotes":""},"categories":[482],"tags":[],"class_list":["post-12375","post","type-post","status-publish","format-standard","hentry","category-kunngjoringer"],"_links":{"self":[{"href":"https:\/\/stansgar.katolsk.no\/index.php?rest_route=\/wp\/v2\/posts\/12375","targetHints":{"allow":["GET"]}}],"collection":[{"href":"https:\/\/stansgar.katolsk.no\/index.php?rest_route=\/wp\/v2\/posts"}],"about":[{"href":"https:\/\/stansgar.katolsk.no\/index.php?rest_route=\/wp\/v2\/types\/post"}],"author":[{"embeddable":true,"href":"https:\/\/stansgar.katolsk.no\/index.php?rest_route=\/wp\/v2\/users\/1"}],"replies":[{"embeddable":true,"href":"https:\/\/stansgar.katolsk.no\/index.php?rest_route=%2Fwp%2Fv2%2Fcomments&post=12375"}],"version-history":[{"count":1,"href":"https:\/\/stansgar.katolsk.no\/index.php?rest_route=\/wp\/v2\/posts\/12375\/revisions"}],"predecessor-version":[{"id":12378,"href":"https:\/\/stansgar.katolsk.no\/index.php?rest_route=\/wp\/v2\/posts\/12375\/revisions\/12378"}],"wp:attachment":[{"href":"https:\/\/stansgar.katolsk.no\/index.php?rest_route=%2Fwp%2Fv2%2Fmedia&parent=12375"}],"wp:term":[{"taxonomy":"category","embeddable":true,"href":"https:\/\/stansgar.katolsk.no\/index.php?rest_route=%2Fwp%2Fv2%2Fcategories&post=12375"},{"taxonomy":"post_tag","embeddable":true,"href":"https:\/\/stansgar.katolsk.no\/index.php?rest_route=%2Fwp%2Fv2%2Ftags&post=12375"}],"curies":[{"name":"wp","href":"https:\/\/api.w.org\/{rel}","templated":true}]}}