{"id":12357,"date":"2023-09-17T10:01:38","date_gmt":"2023-09-17T08:01:38","guid":{"rendered":"https:\/\/stansgar.katolsk.no\/?p=12357"},"modified":"2023-09-15T13:23:10","modified_gmt":"2023-09-15T11:23:10","slug":"kunngjoringer-sondag-17-september-2023","status":"publish","type":"post","link":"https:\/\/stansgar.katolsk.no\/?p=12357","title":{"rendered":"KUNNGJ\u00d8RINGER S\u00d8NDAG 17. SEPTEMBER 2023"},"content":{"rendered":"<table style=\"width: 621.203px;\">\n<tbody>\n<tr>\n<td style=\"width: 529.203px;\" colspan=\"5\">&nbsp;<\/p>\n<p>18.9 &#8211; 21.9: Prester i Oslo katolske bisped\u00f8mme har m\u00f8te p\u00e5 Mariaholm.<\/p>\n<p>&nbsp;&nbsp;&nbsp;&nbsp;&nbsp;&nbsp;&nbsp;&nbsp;&nbsp;&nbsp;&nbsp;&nbsp;&nbsp;&nbsp;&nbsp; &nbsp;&nbsp;&nbsp;Vi ber for prestene. Det er ikke messer p\u00e5 tirsdag, onsdag og torsdag.<\/p>\n<p>&nbsp;<\/td>\n<\/tr>\n<tr>\n<td style=\"width: 78px;\">Fredag<\/td>\n<td style=\"width: 82px;\">22.09.<\/td>\n<td style=\"width: 40px;\">kl.<\/td>\n<td style=\"width: 65px;\">18.00<\/td>\n<td style=\"width: 264.203px;\">Messe<\/td>\n<\/tr>\n<tr>\n<td style=\"width: 78px;\">L\u00f8rdag<\/p>\n<p>&nbsp;<\/p>\n<p>&nbsp;<\/p>\n<p>&nbsp;<\/p>\n<p>Andre steder<\/td>\n<td style=\"width: 82px;\">23.09.<\/td>\n<td style=\"width: 40px;\">kl.<\/p>\n<p>kl.<\/p>\n<p>kl.<\/p>\n<p>kl.<\/p>\n<p>&nbsp;<\/p>\n<p>kl.<\/p>\n<p>kl.<\/p>\n<p>kl.<\/td>\n<td style=\"width: 65px;\">12.30<\/p>\n<p>13.00<\/p>\n<p>14.00<\/p>\n<p>16.00<\/p>\n<p>&nbsp;<\/p>\n<p>14.00<\/p>\n<p>17.00<\/p>\n<p>18.00<\/td>\n<td style=\"width: 264.203px;\">Rosenkransb\u00f8nn<\/p>\n<p>Messe<\/p>\n<p>Messe p\u00e5 tagalog<\/p>\n<p>Messe p\u00e5 fransk<\/p>\n<p>Messe i Lyngdal<\/p>\n<p>Messe i Flekkefjord<\/p>\n<p>Messe p\u00e5 polsk p\u00e5 Stella Maris<\/td>\n<\/tr>\n<tr>\n<td style=\"width: 78px;\">S\u00f8ndag<\/td>\n<td style=\"width: 82px;\">24.09.<\/td>\n<td style=\"width: 369.203px;\" colspan=\"3\"><strong>25. S\u00d8NDAG I DET ALMINNELIGE KIRKE\u00c5R<\/strong><\/td>\n<\/tr>\n<tr>\n<td style=\"width: 78px;\">&nbsp;<\/td>\n<td style=\"width: 82px;\">&nbsp;<\/td>\n<td style=\"width: 40px;\">kl.<\/p>\n<p>kl.<\/p>\n<p>kl.<\/p>\n<p>kl.<\/td>\n<td style=\"width: 65px;\">09.00<\/p>\n<p>11.00<\/p>\n<p>13.00<\/p>\n<p>15.00<\/td>\n<td style=\"width: 264.203px;\">Messe p\u00e5 polsk<\/p>\n<p>Messe p\u00e5 norsk<\/p>\n<p>Messe p\u00e5 vietnamesisk<\/p>\n<p>Messe p\u00e5 engelsk<\/td>\n<\/tr>\n<\/tbody>\n<\/table>\n<p><strong>Annet:<\/strong><\/p>\n<p><strong>1) <\/strong>18.9 &#8211; 21.9: Prester i Oslo katolske bisped\u00f8mme har m\u00f8te p\u00e5 Mariaholm.<\/p>\n<p>&nbsp;&nbsp;&nbsp;&nbsp; &nbsp;&nbsp;&nbsp;&nbsp;&nbsp;&nbsp;&nbsp;&nbsp;&nbsp;&nbsp;&nbsp;&nbsp;&nbsp;&nbsp;&nbsp;&nbsp;&nbsp;&nbsp; Vi ber for prestene. Det er ikke messer p\u00e5 tirsdag, onsdag og torsdag.<\/p>\n<p><strong>&nbsp;<\/strong><\/p>\n<p><strong>2) Messer i St. Ansgar menighet:<br \/>\n<\/strong>&#8211; l\u00f8rdag 23. september er det messe p\u00e5 tagalog kl. 14.00 og p\u00e5 fransk kl. 16.00<br \/>\n&#8211; s\u00f8ndag 24. september kl. 15.00 er det messe p\u00e5 engelsk<\/p>\n<p>&nbsp;<\/p>\n<p><strong>3) Messer andre steder l\u00f8rdag 23. september:<\/strong><\/p>\n<p>&#8211; kl. 14.00 er det messe i Lyngdal og kl. 17.00 er det messe i Flekkefjord<br \/>\n&#8211; kl. 18.00 er det messe p\u00e5 polsk p\u00e5 Stella Maris<\/p>\n<p><strong>&nbsp;<\/strong><\/p>\n<p><strong>4) Caritas kunngj\u00f8ringer<\/strong><\/p>\n<p><strong>&#8211; Onsdag 20. september <\/strong><\/p>\n<p>Caritas inviterer til h\u00e5ndarbeids-treff i Kiga fra kl 16 til kl 18.&nbsp; &nbsp; &nbsp; &nbsp; &nbsp; &nbsp; &nbsp; &nbsp; &nbsp; &nbsp; &nbsp; &nbsp; &nbsp; &nbsp; &nbsp;&nbsp;<\/p>\n<p>Alle inviteres til \u00e5 medbringe h\u00e5ndarbeid eller hobby de holder p\u00e5 med. I en uformell ramme kan vi vise frem, l\u00e6re om og la oss inspirere av hverandres tradisjoner.<\/p>\n<p>Det vil bli gitt oppl\u00e6ring\/veiledning i strikking for de som \u00f8nsker \u00e5 begynne med det.<\/p>\n<p>Det blir enkel bevertning. Alle er hjertelig velkommen.<\/p>\n<p>&nbsp;<\/p>\n<p><strong>&#8211; Torsdag 21. september <\/strong><\/p>\n<p>Caritas inviterer til vaffelkveld i Kiga etter torsdagens kveldsmesse.<\/p>\n<p>Sosialt samv\u00e6r og gode samtaler. En god anledning til \u00e5 treffe nye og gamle venner i menigheten.<\/p>\n<p>Det serveres vafler, klaffe og the<\/p>\n<p>Alle er hjertelig velkommen.<\/p>\n<p><strong>&nbsp;<\/strong><\/p>\n<p><strong>&#8211; S\u00f8ndag 24.9 Caritas-s\u00f8ndag <\/strong><\/p>\n<p>Caritas St. Ansgar vil etter h\u00f8ymessen selge suppe til inntekt for Caritas internasjonale n\u00f8dhjelpsarbeid.&nbsp;<\/p>\n<p><strong>&nbsp;<\/strong><\/p>\n<p><strong>5) Ministrantkveld fredag 22. september:<\/strong><\/p>\n<p>Alle ministranter fra og med 3. trinn til og med videreg\u00e5ende og voksne er invitert til ministrantkveld fredag 22. september kl. 18.00 &#8211; kl. 20.30.<\/p>\n<p>Vi ministrerer i messen kl. 18.00, og etter messen har vi m\u00f8te i Kiga: vi l\u00e6rer noen praktiske ting i forbindelse med ministrering.<\/p>\n<p>&nbsp;<\/p>\n<p><strong>6) Fredag 22. september<\/strong> inviterer SAUL til sitt f\u00f8rste m\u00f8te etter sommeren. Oppm\u00f8te kl. 17.30 ved St. Ansgar kirke. Husk \u00e5 melde seg p\u00e5! Mer informasjon p\u00e5 tavla ved inngangspartiet. &nbsp;<\/p>\n<p><strong>&nbsp;<\/strong><\/p>\n<p><strong>7). Menigheten arranger en pilegrimstur til Bykle gamle kirke i Setesdal l\u00f8rdag<br \/>\n30. September.<\/strong><\/p>\n<p>Felles buss fra kirken kl. 9.00. Messe i Bykle gamle kirke l\u00f8rdag 30. september kl. 12.30. Det er kun plass til <strong>47 personer<\/strong> p\u00e5 pilegrimsturen fordi bussen har 47 seter. S\u00e5 f\u00f8rste mann til m\u00f8lla!<br \/>\nP\u00e5meldingsskjema henger p\u00e5 oppslagstavla i inngangshallen. P\u00e5meldingsfrist er <strong>24. september<\/strong>.<br \/>\nSkriv navnet ditt og betal 50 kr med vipps til menigheten &laquo;tur til Bykle&raquo;. Familier betaler max. 100 kr. Du kan ogs\u00e5 betale til menighetens bankkonto 3000 16 55864 og merke betalingen med \u00abTur til Bykle\u00bb.<\/p>\n<p>&nbsp;<\/p>\n<p><strong>8) <\/strong>I dag er Caritas-s\u00f8ndag all kollekt g\u00e5r inn til Caritas Norge.<\/p>\n<p><strong>&nbsp;<\/strong><\/p>\n<p style=\"text-align: center;\"><strong>Alle er hjertelig velkommen til kirkekaffe. \u00d8nsker dere riktig god s\u00f8ndag<\/strong><\/p>\n","protected":false},"excerpt":{"rendered":"<p>&nbsp; 18.9 &#8211; 21.9: Prester i Oslo katolske bisped\u00f8mme har m\u00f8te p\u00e5 Mariaholm. &nbsp;&nbsp;&nbsp;&nbsp;&nbsp;&nbsp;&nbsp;&nbsp;&nbsp;&nbsp;&nbsp;&nbsp;&nbsp;&nbsp;&nbsp; &nbsp;&nbsp;&nbsp;Vi ber for prestene. Det er ikke messer p\u00e5 tirsdag, onsdag og torsdag. &nbsp; Fredag 22.09. kl. 18.00 Messe L\u00f8rdag &nbsp; &nbsp; &nbsp; Andre steder 23.09&#8230;.<br \/><a class=\"read-more-button\" href=\"https:\/\/stansgar.katolsk.no\/?p=12357\">Read more<\/a><\/p>\n","protected":false},"author":1,"featured_media":0,"comment_status":"open","ping_status":"open","sticky":false,"template":"","format":"standard","meta":{"footnotes":""},"categories":[482],"tags":[],"class_list":["post-12357","post","type-post","status-publish","format-standard","hentry","category-kunngjoringer"],"_links":{"self":[{"href":"https:\/\/stansgar.katolsk.no\/index.php?rest_route=\/wp\/v2\/posts\/12357","targetHints":{"allow":["GET"]}}],"collection":[{"href":"https:\/\/stansgar.katolsk.no\/index.php?rest_route=\/wp\/v2\/posts"}],"about":[{"href":"https:\/\/stansgar.katolsk.no\/index.php?rest_route=\/wp\/v2\/types\/post"}],"author":[{"embeddable":true,"href":"https:\/\/stansgar.katolsk.no\/index.php?rest_route=\/wp\/v2\/users\/1"}],"replies":[{"embeddable":true,"href":"https:\/\/stansgar.katolsk.no\/index.php?rest_route=%2Fwp%2Fv2%2Fcomments&post=12357"}],"version-history":[{"count":1,"href":"https:\/\/stansgar.katolsk.no\/index.php?rest_route=\/wp\/v2\/posts\/12357\/revisions"}],"predecessor-version":[{"id":12358,"href":"https:\/\/stansgar.katolsk.no\/index.php?rest_route=\/wp\/v2\/posts\/12357\/revisions\/12358"}],"wp:attachment":[{"href":"https:\/\/stansgar.katolsk.no\/index.php?rest_route=%2Fwp%2Fv2%2Fmedia&parent=12357"}],"wp:term":[{"taxonomy":"category","embeddable":true,"href":"https:\/\/stansgar.katolsk.no\/index.php?rest_route=%2Fwp%2Fv2%2Fcategories&post=12357"},{"taxonomy":"post_tag","embeddable":true,"href":"https:\/\/stansgar.katolsk.no\/index.php?rest_route=%2Fwp%2Fv2%2Ftags&post=12357"}],"curies":[{"name":"wp","href":"https:\/\/api.w.org\/{rel}","templated":true}]}}