{"id":12339,"date":"2023-09-10T10:01:46","date_gmt":"2023-09-10T08:01:46","guid":{"rendered":"https:\/\/stansgar.katolsk.no\/?p=12339"},"modified":"2023-09-12T10:21:48","modified_gmt":"2023-09-12T08:21:48","slug":"kunngjoringer-sondag-10-september-2023","status":"publish","type":"post","link":"https:\/\/stansgar.katolsk.no\/?p=12339","title":{"rendered":"KUNNGJ\u00d8RINGER S\u00d8NDAG 10. SEPTEMBER 2023"},"content":{"rendered":"<p style=\"text-align: center;\"><strong>&nbsp;KUNNGJ\u00d8RINGER S\u00d8NDAG 10. SEPTEMBER 2023<\/strong><\/p>\n<table style=\"width: 584.734px;\">\n<tbody>\n<tr>\n<td style=\"width: 67px;\">Tirsdag<\/td>\n<td style=\"width: 60px;\">12.09.<\/td>\n<td style=\"width: 33px;\">kl.<\/p>\n<p>kl.<\/td>\n<td style=\"width: 62px;\">17.30<\/p>\n<p>18.00<\/td>\n<td style=\"width: 269.734px;\">Vesper<\/p>\n<p>Messe &#8211; etterfulgt av sakramentstilbedelse<\/td>\n<\/tr>\n<tr>\n<td style=\"width: 67px;\">Onsdag<\/td>\n<td style=\"width: 60px;\">13.09<strong>.<\/strong><\/td>\n<td style=\"width: 33px;\">kl.<\/td>\n<td style=\"width: 62px;\">18.00<\/td>\n<td style=\"width: 269.734px;\">Messe<\/td>\n<\/tr>\n<tr>\n<td style=\"width: 67px;\" rowspan=\"2\">Torsdag<\/td>\n<td style=\"width: 60px;\" rowspan=\"2\">14.09.<\/td>\n<td style=\"width: 364.734px;\" colspan=\"3\">Fest: Korsets opph\u00f8yelse<\/p>\n<p>&nbsp;<\/td>\n<\/tr>\n<tr>\n<td style=\"width: 33px;\">kl.<\/p>\n<p>kl.<\/td>\n<td style=\"width: 62px;\">11.00<\/p>\n<p>18.00<\/td>\n<td style=\"width: 269.734px;\">Messe &#8211; etterfulgt av felles lunsj i Kiga.<\/p>\n<p>Messe<\/td>\n<\/tr>\n<tr>\n<td style=\"width: 67px;\" rowspan=\"2\">Fredag<\/td>\n<td style=\"width: 60px;\" rowspan=\"2\">15.09.<\/td>\n<td style=\"width: 364.734px;\" colspan=\"3\">Minnedag: Jomfru Marias smerter<\/td>\n<\/tr>\n<tr>\n<td style=\"width: 33px;\">kl.<\/td>\n<td style=\"width: 62px;\">18.00<\/td>\n<td style=\"width: 269.734px;\">Messe<\/td>\n<\/tr>\n<tr>\n<td style=\"width: 67px;\">L\u00f8rdag<\/td>\n<td style=\"width: 60px;\">16.09.<\/td>\n<td style=\"width: 33px;\">kl.<\/p>\n<p>kl.<\/td>\n<td style=\"width: 62px;\">13.00<\/p>\n<p>18.00<\/td>\n<td style=\"width: 269.734px;\">Katekesemesse<\/p>\n<p>Messe p\u00e5 polsk<\/td>\n<\/tr>\n<tr>\n<td style=\"width: 67px;\">S\u00f8ndag<\/td>\n<td style=\"width: 60px;\">17.09.<\/td>\n<td style=\"width: 364.734px;\" colspan=\"3\"><strong>24. S\u00d8NDAG I DET ALMINNELIGE KIRKE\u00c5R<\/strong><\/td>\n<\/tr>\n<tr>\n<td style=\"width: 67px;\">&nbsp;<\/td>\n<td style=\"width: 60px;\">&nbsp;<\/td>\n<td style=\"width: 33px;\">kl.<\/p>\n<p>kl.<\/p>\n<p>kl.<\/td>\n<td style=\"width: 62px;\">09.00<\/p>\n<p>11.00<\/p>\n<p>13.00<\/td>\n<td style=\"width: 269.734px;\">Messe p\u00e5 polsk<\/p>\n<p>Messe p\u00e5 norsk<\/p>\n<p>Messe p\u00e5 vietnamesisk<\/td>\n<\/tr>\n<\/tbody>\n<\/table>\n<p><strong>Annet:<\/strong><\/p>\n<ol>\n<li><strong><strong>L\u00f8rdag 16. september begynner det nye katekese\u00e5ret for 8. og 9. trinn<\/strong><\/strong>&nbsp;<\/li>\n<\/ol>\n<p><u>Kl. 10.00 &#8211; 14.00: 8. og 9. trinn<\/u><\/p>\n<ul>\n<li>10.00: Oppstartsm\u00f8te for foreldre og ungdommer i kirka<\/li>\n<li>13.00 &#8211; 14.00: Katekesemesse<\/li>\n<\/ul>\n<p>Konfirmasjonsforberedelsen er to \u00e5r, fra 8. trinn. Ungdommer som g\u00e5r p\u00e5 9. og 10. trinn p\u00e5 grunnskolen eller videreg\u00e5ende, som vil motta konfirmasjonens sakrament, m\u00e5 ogs\u00e5 begynne p\u00e5 konfirmantkurs for f\u00f8rste\u00e5rskonfirmanter.<\/p>\n<ol start=\"2\">\n<li><strong>Fredag 15. september er det katekese for 3. trinn<\/strong>.<\/li>\n<\/ol>\n<p>Kl. 18.00 \u2013 18.30: Messe for foreldre og barn<\/p>\n<p>Kl. 18.30 \u2013 20.00: Katekese<\/p>\n<ol start=\"3\">\n<li>Torsdag 14. september kl. 18.45 er det troskurs.<\/li>\n<\/ol>\n<p>&nbsp;<\/p>\n<ol start=\"4\">\n<li><strong>Menigheten arranger en pilgrimstur til Bykle gamle kirke i Setesdal l\u00f8rdag 30. September. <\/strong>Felles buss fra kirken kl. 9.00. Messe i Bykle gamle kirke l\u00f8rdag 30. september kl. 12.30. P\u00e5meldingsskjema henger p\u00e5 oppslagstavla i inngangshallen. Skriv navnet ditt og betal 50 kr med vipps til menigheten &laquo;tur til Bykle&raquo;. Familier betaler max 100 kr. Du kan ogs\u00e5 betale til menighetens bankkonto 3000 16 55864 og merke betalingen med \u00abTur til Bykle\u00bb.<\/li>\n<\/ol>\n<p style=\"text-align: center;\"><strong>Alle er hjertelig velkommen til kirkekaffe. \u00d8nsker dere riktig god s\u00f8ndag!<\/strong><\/p>\n","protected":false},"excerpt":{"rendered":"<p>&nbsp;KUNNGJ\u00d8RINGER S\u00d8NDAG 10. SEPTEMBER 2023 Tirsdag 12.09. kl. kl. 17.30 18.00 Vesper Messe &#8211; etterfulgt av sakramentstilbedelse Onsdag 13.09. kl. 18.00 Messe Torsdag 14.09. Fest: Korsets opph\u00f8yelse &nbsp; kl. kl. 11.00 18.00 Messe &#8211; etterfulgt av felles lunsj i Kiga&#8230;.<br \/><a class=\"read-more-button\" href=\"https:\/\/stansgar.katolsk.no\/?p=12339\">Read more<\/a><\/p>\n","protected":false},"author":1,"featured_media":0,"comment_status":"open","ping_status":"open","sticky":false,"template":"","format":"standard","meta":{"footnotes":""},"categories":[482],"tags":[],"class_list":["post-12339","post","type-post","status-publish","format-standard","hentry","category-kunngjoringer"],"_links":{"self":[{"href":"https:\/\/stansgar.katolsk.no\/index.php?rest_route=\/wp\/v2\/posts\/12339","targetHints":{"allow":["GET"]}}],"collection":[{"href":"https:\/\/stansgar.katolsk.no\/index.php?rest_route=\/wp\/v2\/posts"}],"about":[{"href":"https:\/\/stansgar.katolsk.no\/index.php?rest_route=\/wp\/v2\/types\/post"}],"author":[{"embeddable":true,"href":"https:\/\/stansgar.katolsk.no\/index.php?rest_route=\/wp\/v2\/users\/1"}],"replies":[{"embeddable":true,"href":"https:\/\/stansgar.katolsk.no\/index.php?rest_route=%2Fwp%2Fv2%2Fcomments&post=12339"}],"version-history":[{"count":3,"href":"https:\/\/stansgar.katolsk.no\/index.php?rest_route=\/wp\/v2\/posts\/12339\/revisions"}],"predecessor-version":[{"id":12344,"href":"https:\/\/stansgar.katolsk.no\/index.php?rest_route=\/wp\/v2\/posts\/12339\/revisions\/12344"}],"wp:attachment":[{"href":"https:\/\/stansgar.katolsk.no\/index.php?rest_route=%2Fwp%2Fv2%2Fmedia&parent=12339"}],"wp:term":[{"taxonomy":"category","embeddable":true,"href":"https:\/\/stansgar.katolsk.no\/index.php?rest_route=%2Fwp%2Fv2%2Fcategories&post=12339"},{"taxonomy":"post_tag","embeddable":true,"href":"https:\/\/stansgar.katolsk.no\/index.php?rest_route=%2Fwp%2Fv2%2Ftags&post=12339"}],"curies":[{"name":"wp","href":"https:\/\/api.w.org\/{rel}","templated":true}]}}