{"id":12301,"date":"2023-09-03T10:01:17","date_gmt":"2023-09-03T08:01:17","guid":{"rendered":"https:\/\/stansgar.katolsk.no\/?p=12301"},"modified":"2023-09-01T15:05:35","modified_gmt":"2023-09-01T13:05:35","slug":"kunngjoringer-sondag-3-september-2023","status":"publish","type":"post","link":"https:\/\/stansgar.katolsk.no\/?p=12301","title":{"rendered":"KUNNGJ\u00d8RINGER S\u00d8NDAG 3. SEPTEMBER 2023"},"content":{"rendered":"<p style=\"text-align: center;\"><strong>KUNNGJ\u00d8RINGER S\u00d8NDAG 3. SEPTEMBER 2023<\/strong><\/p>\n<table style=\"width: 734px;\">\n<tbody>\n<tr>\n<td style=\"width: 74px;\">Tirsdag<\/td>\n<td style=\"width: 79px;\">05.09.<\/td>\n<td style=\"width: 60px;\">kl.<\/p>\n<p>kl.<\/td>\n<td style=\"width: 71px;\">17.30<\/p>\n<p>18.00<\/td>\n<td style=\"width: 357px;\">Vesper<\/p>\n<p>Messe &#8211; etterfulgt av sakramentstilbedelse<\/td>\n<\/tr>\n<tr>\n<td style=\"width: 74px;\">Onsdag<\/td>\n<td style=\"width: 79px;\">06.09<strong>.<\/strong><\/td>\n<td style=\"width: 60px;\">kl.<\/td>\n<td style=\"width: 71px;\">18.00<\/td>\n<td style=\"width: 357px;\">Messe<\/td>\n<\/tr>\n<tr>\n<td style=\"width: 74px;\">Torsdag<\/td>\n<td style=\"width: 79px;\">07.09.<\/td>\n<td style=\"width: 60px;\">kl.<\/p>\n<p>&nbsp;<\/p>\n<p>kl.<\/td>\n<td style=\"width: 71px;\">11.00<\/p>\n<p>&nbsp;<\/p>\n<p>18.00<\/td>\n<td style=\"width: 357px;\">Messe &#8211; etterfulgt av felles lunsj i Kiga.<\/p>\n<p>Etter messen er det stille tilbedelse fram til kl. 17.45.<br \/>\nVi ber spesielt for kall til ordenslivet og presteskapet.<\/p>\n<p>Messe<\/td>\n<\/tr>\n<tr>\n<td style=\"width: 74px;\" rowspan=\"2\">Fredag<\/td>\n<td style=\"width: 79px;\" rowspan=\"2\">08.09.<\/td>\n<td style=\"width: 488px;\" colspan=\"3\">Fest: Jomfru Marias f\u00f8dsel<\/td>\n<\/tr>\n<tr>\n<td style=\"width: 60px;\">kl.<\/td>\n<td style=\"width: 71px;\">18.00<\/td>\n<td style=\"width: 357px;\">Messe<\/td>\n<\/tr>\n<tr>\n<td style=\"width: 74px;\">L\u00f8rdag<\/td>\n<td style=\"width: 79px;\">09.09.<\/td>\n<td style=\"width: 60px;\">kl.<\/p>\n<p>kl.<\/td>\n<td style=\"width: 71px;\">13.00<\/p>\n<p>18.00<\/td>\n<td style=\"width: 357px;\">Katekesemesse<\/p>\n<p>Messe p\u00e5 polsk<\/td>\n<\/tr>\n<tr>\n<td style=\"width: 74px;\">S\u00f8ndag<\/td>\n<td style=\"width: 79px;\">10.09.<\/td>\n<td style=\"width: 488px;\" colspan=\"3\"><strong>23. S\u00d8NDAG I DET ALMINNELIGE KIRKE\u00c5R<\/strong><\/td>\n<\/tr>\n<tr>\n<td style=\"width: 74px;\">&nbsp;<\/p>\n<p>&nbsp;<\/p>\n<p>&nbsp;<\/p>\n<p>Andre steder:<\/td>\n<td style=\"width: 79px;\">&nbsp;<\/td>\n<td style=\"width: 60px;\">kl.<\/p>\n<p>kl.<\/p>\n<p>kl.<\/p>\n<p>&nbsp;<\/p>\n<p>kl.<\/td>\n<td style=\"width: 71px;\">09.00<\/p>\n<p>11.00<\/p>\n<p>13.00<\/p>\n<p>&nbsp;<\/p>\n<p>17.00<\/td>\n<td style=\"width: 357px;\">Messe p\u00e5 polsk<\/p>\n<p>Messe p\u00e5 norsk<\/p>\n<p>Messe p\u00e5 vietnamesisk<\/p>\n<p>&nbsp;<\/p>\n<p>Messe p\u00e5 Stella Maris<\/td>\n<\/tr>\n<\/tbody>\n<\/table>\n<p><strong>Annet:<\/strong><\/p>\n<ol>\n<li><strong><strong>L\u00f8rdag 9. august begynner det nye katekese\u00e5ret.<\/strong><\/strong>&nbsp;<\/li>\n<\/ol>\n<p><u>Kl. 10.00 &#8211; 14.00: 1., 2., 3. og 5. trinn<\/u><\/p>\n<ul>\n<li>10.00: Oppstartsm\u00f8te for foreldre og barn i kirka<\/li>\n<li>13.00 &#8211; 14.00: Katekesemesse&nbsp;<\/li>\n<\/ul>\n<p><u>Kl. 13.00 &#8211; 17.00: 4., 6. og 7. trinn<\/u><\/p>\n<ul>\n<li>13.00 &#8211; 14.00: Katekesemesse<\/li>\n<li>14.00: Oppstartsm\u00f8te for foreldre og barn i kirka<\/li>\n<\/ul>\n<p>&nbsp;<\/p>\n<p><strong>VIKTIG INNFORMASJON OM F\u00d8RSTE HELLIGE KOMMUNION<\/strong><\/p>\n<p>Barn fra og med 4. trinn og ungdommer som <strong><u>ikke<\/u><\/strong> har mottatt F\u00f8rste Hellige Kommunion, m\u00e5 begynne i F\u00f8rste Hellige Kommunionskatekesen p\u00e5 3. trinn. De m\u00e5 m\u00f8te i kirken<br \/>\n9. september kl. 10.00 til oppstartsm\u00f8tet.<\/p>\n<ol start=\"2\">\n<li>Messer andre steder p\u00e5 s\u00f8ndag 10. september<br \/>\n&#8211; kl. 17.00 er det messe p\u00e5 Stella Maris<\/li>\n<li>Onsdag 6. september kl. 18.45 er det bibelgruppe.<\/li>\n<li><strong>Menigheten arranger en pilgrimstur til Bykle gamle kirke i Setesdal l\u00f8rdag 30. September.<\/strong>&nbsp;Felles buss fra kirken kl. 9.00. Messe i Bykle gamle kirke l\u00f8rdag 30. september kl. 12.30.&nbsp;P\u00e5meldingsskjema henger p\u00e5 oppslagstavla i inngangshallen. Skriv navnet ditt og betal 50 kr med vipps til menigheten &laquo;tur til Bykle&raquo;. Familier betaler max 100 kr.&nbsp; Du kan ogs\u00e5 betale til menighetens bankkonto 3000 16 55864 og merke betalingen med \u00abTur til Bykle\u00bb.<\/li>\n<\/ol>\n<p style=\"text-align: center;\"><strong>&nbsp;<\/strong><strong>Alle er hjertelig velkommen til kirkekaffe. \u00d8nsker dere riktig god s\u00f8ndag!<\/strong><\/p>\n","protected":false},"excerpt":{"rendered":"<p>KUNNGJ\u00d8RINGER S\u00d8NDAG 3. SEPTEMBER 2023 Tirsdag 05.09. kl. kl. 17.30 18.00 Vesper Messe &#8211; etterfulgt av sakramentstilbedelse Onsdag 06.09. kl. 18.00 Messe Torsdag 07.09. kl. &nbsp; kl. 11.00 &nbsp; 18.00 Messe &#8211; etterfulgt av felles lunsj i Kiga. Etter messen&#8230;<br \/><a class=\"read-more-button\" href=\"https:\/\/stansgar.katolsk.no\/?p=12301\">Read more<\/a><\/p>\n","protected":false},"author":1,"featured_media":0,"comment_status":"open","ping_status":"open","sticky":false,"template":"","format":"standard","meta":{"footnotes":""},"categories":[482],"tags":[],"class_list":["post-12301","post","type-post","status-publish","format-standard","hentry","category-kunngjoringer"],"_links":{"self":[{"href":"https:\/\/stansgar.katolsk.no\/index.php?rest_route=\/wp\/v2\/posts\/12301","targetHints":{"allow":["GET"]}}],"collection":[{"href":"https:\/\/stansgar.katolsk.no\/index.php?rest_route=\/wp\/v2\/posts"}],"about":[{"href":"https:\/\/stansgar.katolsk.no\/index.php?rest_route=\/wp\/v2\/types\/post"}],"author":[{"embeddable":true,"href":"https:\/\/stansgar.katolsk.no\/index.php?rest_route=\/wp\/v2\/users\/1"}],"replies":[{"embeddable":true,"href":"https:\/\/stansgar.katolsk.no\/index.php?rest_route=%2Fwp%2Fv2%2Fcomments&post=12301"}],"version-history":[{"count":3,"href":"https:\/\/stansgar.katolsk.no\/index.php?rest_route=\/wp\/v2\/posts\/12301\/revisions"}],"predecessor-version":[{"id":12323,"href":"https:\/\/stansgar.katolsk.no\/index.php?rest_route=\/wp\/v2\/posts\/12301\/revisions\/12323"}],"wp:attachment":[{"href":"https:\/\/stansgar.katolsk.no\/index.php?rest_route=%2Fwp%2Fv2%2Fmedia&parent=12301"}],"wp:term":[{"taxonomy":"category","embeddable":true,"href":"https:\/\/stansgar.katolsk.no\/index.php?rest_route=%2Fwp%2Fv2%2Fcategories&post=12301"},{"taxonomy":"post_tag","embeddable":true,"href":"https:\/\/stansgar.katolsk.no\/index.php?rest_route=%2Fwp%2Fv2%2Ftags&post=12301"}],"curies":[{"name":"wp","href":"https:\/\/api.w.org\/{rel}","templated":true}]}}