{"id":12290,"date":"2023-08-27T10:01:56","date_gmt":"2023-08-27T08:01:56","guid":{"rendered":"https:\/\/stansgar.katolsk.no\/?p=12290"},"modified":"2023-08-25T13:38:14","modified_gmt":"2023-08-25T11:38:14","slug":"kunngjoringer-sondag-27-august-2023","status":"publish","type":"post","link":"https:\/\/stansgar.katolsk.no\/?p=12290","title":{"rendered":"KUNNGJ\u00d8RINGER S\u00d8NDAG 27. AUGUST 2023"},"content":{"rendered":"<p style=\"text-align: center;\"><strong>KUNNGJ\u00d8RINGER S\u00d8NDAG 27. AUGUST 2023<\/strong><\/p>\n<table style=\"width: 575.75px;\">\n<tbody>\n<tr>\n<td style=\"width: 69px;\" rowspan=\"2\">Tirsdag<\/td>\n<td style=\"width: 68px;\" rowspan=\"2\">29.08.<\/td>\n<td style=\"width: 345.75px;\" colspan=\"3\">Minnedag: Johannes D\u00f8perens martyrd\u00f8d<\/td>\n<\/tr>\n<tr>\n<td style=\"width: 30px;\">kl.<\/p>\n<p>kl.<\/td>\n<td style=\"width: 61px;\">17.30<\/p>\n<p>18.00<\/td>\n<td style=\"width: 254.75px;\">Vesper<\/p>\n<p>Messe &#8211; etterfulgt av sakramentstilbedelse<\/td>\n<\/tr>\n<tr>\n<td style=\"width: 69px;\">Onsdag<\/td>\n<td style=\"width: 68px;\">30.08<strong>.<\/strong><\/td>\n<td style=\"width: 30px;\">kl.<\/td>\n<td style=\"width: 61px;\">18.00<\/td>\n<td style=\"width: 254.75px;\">Messe<\/td>\n<\/tr>\n<tr>\n<td style=\"width: 69px;\">Torsdag<\/td>\n<td style=\"width: 68px;\">31.08.<\/td>\n<td style=\"width: 30px;\">kl.<\/td>\n<td style=\"width: 61px;\">18.00<\/td>\n<td style=\"width: 254.75px;\">Messe<\/td>\n<\/tr>\n<tr>\n<td style=\"width: 69px;\">Fredag<\/td>\n<td style=\"width: 68px;\">01.09.<\/td>\n<td style=\"width: 30px;\">kl.<\/td>\n<td style=\"width: 61px;\">18.00<\/td>\n<td style=\"width: 254.75px;\">Messe<\/td>\n<\/tr>\n<tr>\n<td style=\"width: 69px;\">L\u00f8rdag<\/td>\n<td style=\"width: 68px;\">02.09.<\/td>\n<td style=\"width: 30px;\">kl.<\/p>\n<p>kl.<\/td>\n<td style=\"width: 61px;\">11.00<\/p>\n<p>18.00<\/td>\n<td style=\"width: 254.75px;\"><strong>Konfirmasjonsmesse i Lund kirke<\/strong><\/p>\n<p>Messe p\u00e5 polsk<\/td>\n<\/tr>\n<tr>\n<td style=\"width: 69px;\">S\u00f8ndag<\/td>\n<td style=\"width: 68px;\">03.09.<\/td>\n<td style=\"width: 345.75px;\" colspan=\"3\"><strong>22. S\u00d8NDAG I DET ALMINNELIGE KIRKE\u00c5R<\/strong><\/td>\n<\/tr>\n<tr>\n<td style=\"width: 69px;\">&nbsp;<\/p>\n<p>&nbsp;<\/p>\n<p>&nbsp;<\/p>\n<p>&nbsp;<\/p>\n<p>Andre steder<\/td>\n<td style=\"width: 68px;\">&nbsp;<\/td>\n<td style=\"width: 30px;\">kl.<\/p>\n<p>kl.<\/p>\n<p>kl.<\/p>\n<p>kl.<\/p>\n<p>&nbsp;<\/p>\n<p>kl.<\/td>\n<td style=\"width: 61px;\">09.00<\/p>\n<p>11.00<\/p>\n<p>13.00<\/p>\n<p>15.00<\/p>\n<p>&nbsp;<\/p>\n<p>14.00<\/td>\n<td style=\"width: 254.75px;\">Messe p\u00e5 polsk<\/p>\n<p>Messe p\u00e5 norsk<\/p>\n<p>Messe p\u00e5 vietnamesisk<\/p>\n<p>Messe p\u00e5 kaldeisk<\/p>\n<p>&nbsp;<\/p>\n<p>Messe p\u00e5 engelsk med p. Boie, Stella Maris<\/td>\n<\/tr>\n<\/tbody>\n<\/table>\n<p><strong>Annet:<\/strong><\/p>\n<ol>\n<li><strong> INNMELDING FOR KATEKESE\u00c5RET 2023\/2024<\/strong><\/li>\n<\/ol>\n<p><strong>27.08.23 er siste frist for innmelding i katekesen for:<\/strong><\/p>\n<p>&#8211; F\u00f8rste Hellige Kommunions klassene (3. trinn)<\/p>\n<p>&#8211; forberedelse til konfirmasjonens sakrament for f\u00f8rste\u00e5rskonfirmanter (8. trinn)<br \/>\n&nbsp; og andre\u00e5rskonfirmanter (9. trinn).<\/p>\n<p>Barn p\u00e5 1. &#8211; 2. og 4.-7. trinn oppfordres til \u00e5 bli meldt inn innen <strong>27.08.23.<\/strong> Da har vi tid til \u00e5 organisere katekesen p\u00e5 best mulig m\u00e5te for barna og kateketene.<\/p>\n<p>&nbsp;<\/p>\n<ol start=\"2\">\n<li><strong> Messer p\u00e5 s\u00f8ndag 3. september<\/strong><br \/>\n&#8211; kl. 14.00 er det messe p\u00e5 engelsk med p. Boie p\u00e5 Stella Maris<br \/>\n&#8211; kl. 15.00 er det messe p\u00e5 kaldeisk i St. Ansgar kirke<\/li>\n<li><strong> Forberedelse til konfirmasjonens sakrament <\/strong><\/li>\n<\/ol>\n<p>Konfirmantkandidatene har forberedelse til konfirmasjonens sakrament i <strong>St. Ansgar kirke<\/strong> <strong>onsdag 30. august.<\/strong><\/p>\n<ul>\n<li>16.30 &#8211; 17.45: \u00c5ndelig forberedelse og skriftem\u00e5l for konfirmantene, foreldrene og fadderne.<\/li>\n<li>18.00 &#8211; 18.45: Messe &#8211; Alle konfirmantkandidatene m\u00e5 delta i messen.<\/li>\n<li>18.45 &#8211; \u00d8velse til konfirmasjonen med fadderne.<\/li>\n<\/ul>\n<p>&nbsp;<\/p>\n<ol start=\"4\">\n<li><strong> Konfirmasjonsmesse<\/strong><\/li>\n<\/ol>\n<p>L\u00f8rdag 2. september er det Konfirmasjonsmesse kl. 11.00 i Lund kirke for \u00e5 meddele konfirmasjonens sakrament til 30 konfirmanter. Alle er velkomne til messen. Be for v\u00e5re konfirmanter!<\/p>\n<p>&#8211; L\u00f8rdag 2. september, messe kl. 13.00 i St. Ansgar kirke er avlyst.<\/p>\n<ol start=\"5\">\n<li><strong> Torsdag 31. august<\/strong> kl. 18. 45 er det troskurs.<\/li>\n<\/ol>\n<p><strong>&nbsp;<\/strong><strong>&nbsp;<\/strong><\/p>\n<p style=\"text-align: center;\"><strong>Alle er hjertelig velkommen til kirkekaffe. \u00d8nsker dere riktig god s\u00f8ndag!<\/strong><\/p>\n","protected":false},"excerpt":{"rendered":"<p>KUNNGJ\u00d8RINGER S\u00d8NDAG 27. AUGUST 2023 Tirsdag 29.08. Minnedag: Johannes D\u00f8perens martyrd\u00f8d kl. kl. 17.30 18.00 Vesper Messe &#8211; etterfulgt av sakramentstilbedelse Onsdag 30.08. kl. 18.00 Messe Torsdag 31.08. kl. 18.00 Messe Fredag 01.09. kl. 18.00 Messe L\u00f8rdag 02.09. kl. kl&#8230;.<br \/><a class=\"read-more-button\" href=\"https:\/\/stansgar.katolsk.no\/?p=12290\">Read more<\/a><\/p>\n","protected":false},"author":1,"featured_media":0,"comment_status":"open","ping_status":"open","sticky":false,"template":"","format":"standard","meta":{"footnotes":""},"categories":[482],"tags":[],"class_list":["post-12290","post","type-post","status-publish","format-standard","hentry","category-kunngjoringer"],"_links":{"self":[{"href":"https:\/\/stansgar.katolsk.no\/index.php?rest_route=\/wp\/v2\/posts\/12290","targetHints":{"allow":["GET"]}}],"collection":[{"href":"https:\/\/stansgar.katolsk.no\/index.php?rest_route=\/wp\/v2\/posts"}],"about":[{"href":"https:\/\/stansgar.katolsk.no\/index.php?rest_route=\/wp\/v2\/types\/post"}],"author":[{"embeddable":true,"href":"https:\/\/stansgar.katolsk.no\/index.php?rest_route=\/wp\/v2\/users\/1"}],"replies":[{"embeddable":true,"href":"https:\/\/stansgar.katolsk.no\/index.php?rest_route=%2Fwp%2Fv2%2Fcomments&post=12290"}],"version-history":[{"count":1,"href":"https:\/\/stansgar.katolsk.no\/index.php?rest_route=\/wp\/v2\/posts\/12290\/revisions"}],"predecessor-version":[{"id":12291,"href":"https:\/\/stansgar.katolsk.no\/index.php?rest_route=\/wp\/v2\/posts\/12290\/revisions\/12291"}],"wp:attachment":[{"href":"https:\/\/stansgar.katolsk.no\/index.php?rest_route=%2Fwp%2Fv2%2Fmedia&parent=12290"}],"wp:term":[{"taxonomy":"category","embeddable":true,"href":"https:\/\/stansgar.katolsk.no\/index.php?rest_route=%2Fwp%2Fv2%2Fcategories&post=12290"},{"taxonomy":"post_tag","embeddable":true,"href":"https:\/\/stansgar.katolsk.no\/index.php?rest_route=%2Fwp%2Fv2%2Ftags&post=12290"}],"curies":[{"name":"wp","href":"https:\/\/api.w.org\/{rel}","templated":true}]}}