{"id":12244,"date":"2023-08-18T10:01:10","date_gmt":"2023-08-18T08:01:10","guid":{"rendered":"https:\/\/stansgar.katolsk.no\/?p=12244"},"modified":"2023-08-18T13:35:10","modified_gmt":"2023-08-18T11:35:10","slug":"kunngjoringer-sondag-20-august-2023","status":"publish","type":"post","link":"https:\/\/stansgar.katolsk.no\/?p=12244","title":{"rendered":"KUNNGJ\u00d8RINGER S\u00d8NDAG 20. AUGUST 2023"},"content":{"rendered":"<table style=\"width: 632.875px;\">\n<tbody>\n<tr>\n<td style=\"width: 76px;\" rowspan=\"2\">Tirsdag<\/td>\n<td style=\"width: 58px;\" rowspan=\"2\">22.08.<\/td>\n<td style=\"width: 405.875px;\" colspan=\"3\">Minnedag: Jomfru Marias dronningverdighet<\/td>\n<\/tr>\n<tr>\n<td style=\"width: 50px;\">kl.<\/p>\n<p>kl.<\/td>\n<td style=\"width: 65px;\">17.30<\/p>\n<p>18.00<\/td>\n<td style=\"width: 290.875px;\">Vesper<\/p>\n<p>Messe &#8211; etterfulgt av sakramentstilbedelse<\/td>\n<\/tr>\n<tr>\n<td style=\"width: 76px;\">Onsdag<\/td>\n<td style=\"width: 58px;\">23.08<strong>.<\/strong><\/td>\n<td style=\"width: 50px;\">kl.<\/td>\n<td style=\"width: 65px;\">18.00<\/td>\n<td style=\"width: 290.875px;\">Messe<\/td>\n<\/tr>\n<tr>\n<td style=\"width: 76px;\" rowspan=\"2\">Torsdag<\/td>\n<td style=\"width: 58px;\" rowspan=\"2\">24.08.<\/td>\n<td style=\"width: 405.875px;\" colspan=\"3\">Fest: Den hellige Bartolomeus \u2013 Apostel<\/td>\n<\/tr>\n<tr>\n<td style=\"width: 50px;\">kl.<\/td>\n<td style=\"width: 65px;\">18.00<\/td>\n<td style=\"width: 290.875px;\">Messe<\/td>\n<\/tr>\n<tr>\n<td style=\"width: 76px;\">Fredag<\/td>\n<td style=\"width: 58px;\">25.08.<\/td>\n<td style=\"width: 50px;\">kl.<\/td>\n<td style=\"width: 65px;\">18.00<\/td>\n<td style=\"width: 290.875px;\">Messe<\/td>\n<\/tr>\n<tr>\n<td style=\"width: 76px;\">L\u00f8rdag<\/td>\n<td style=\"width: 58px;\">26.08.<\/td>\n<td style=\"width: 50px;\">kl.<\/p>\n<p>kl.<\/td>\n<td style=\"width: 65px;\">13.00<\/p>\n<p>18.00<\/td>\n<td style=\"width: 290.875px;\">Messe<\/p>\n<p>Messe p\u00e5 polsk<\/td>\n<\/tr>\n<tr>\n<td style=\"width: 76px;\">S\u00f8ndag<\/td>\n<td style=\"width: 58px;\">27.08.<\/td>\n<td style=\"width: 405.875px;\" colspan=\"3\"><strong>21. S\u00d8NDAG I DET ALMINNELIGE KIRKE\u00c5R<\/strong><\/td>\n<\/tr>\n<tr>\n<td style=\"width: 76px;\">&nbsp;<\/td>\n<td style=\"width: 58px;\">&nbsp;<\/td>\n<td style=\"width: 50px;\">kl.<\/p>\n<p>kl.<\/p>\n<p>kl.<\/p>\n<p>kl.<\/td>\n<td style=\"width: 65px;\">09.00<\/p>\n<p>11.00<\/p>\n<p>13.00<\/p>\n<p>15.00<\/td>\n<td style=\"width: 290.875px;\">Messe p\u00e5 polsk<\/p>\n<p>Messe p\u00e5 norsk<\/p>\n<p>Messe p\u00e5 vietnamesisk<\/p>\n<p>Messe p\u00e5 engelsk<\/td>\n<\/tr>\n<\/tbody>\n<\/table>\n<p><strong>&nbsp;Annet:<\/strong><\/p>\n<ol>\n<li><strong> Messer i menigheten p\u00e5 s\u00f8ndag 27. august:<br \/>\n<\/strong>&#8211; det er messe p\u00e5 engelsk kl. 15.00<\/li>\n<li><strong>INNMELDING FOR KATEKESE\u00c5RET 2023\/2024<\/strong><\/li>\n<\/ol>\n<p><strong>27.08.23 er siste frist for innmelding i katekesen for:<\/strong><\/p>\n<p>&#8211; F\u00f8rste Hellige Kommunions klassene (3. trinn)<\/p>\n<p>&#8211; forberedelse til konfirmasjonens sakrament for f\u00f8rste\u00e5rskonfirmanter (8. trinn)<br \/>\n&nbsp; og andre\u00e5rskonfirmanter (9. trinn).<\/p>\n<p>Barn p\u00e5 1. &#8211; 2. og 4.-7. trinn oppfordres til \u00e5 bli meldt inn innen <strong>27.08.23.<\/strong> Da har vi tid til \u00e5 organisere katekesen p\u00e5 best mulig m\u00e5te for barna og kateketene.<\/p>\n<p><strong>FORBEREDELSE TIL SAKRAMENTENE<\/strong><\/p>\n<p>Barn fra og med 4. trinn og ungdommer som <strong><u>ikke<\/u><\/strong> har mottatt F\u00f8rste Hellige Kommunion, m\u00e5 begynne i F\u00f8rste Hellige Kommunionskatekesen p\u00e5 3. trinn.<\/p>\n<p><strong>Konfirmasjonsforberedelsen er to \u00e5r,<\/strong> fra 8. trinn. Ungdommer som g\u00e5r p\u00e5 9. og 10. trinn p\u00e5 grunnskolen eller videreg\u00e5ende, m\u00e5 ogs\u00e5 begynne p\u00e5 konfirmantkurs for f\u00f8rste\u00e5rskonfirmanter.<\/p>\n<ol start=\"3\">\n<li>Det er retrett for kateketer p\u00e5 Stella Maris 25. og 26. august.<\/li>\n<\/ol>\n<p>&nbsp;<\/p>\n<ol start=\"4\">\n<li>Torsdag 24.08 kl. 11.00 er det requiemmesse for Timothy Vivekananthan, s\u00f8nnen til Annette.<\/li>\n<\/ol>\n<p>&nbsp;<\/p>\n<p style=\"text-align: center;\"><strong>&nbsp;<\/strong><strong>Alle er hjertelig velkommen til kirkekaffe. \u00d8nsker dere riktig god s\u00f8ndag!<\/strong><\/p>\n","protected":false},"excerpt":{"rendered":"<p>Tirsdag 22.08. Minnedag: Jomfru Marias dronningverdighet kl. kl. 17.30 18.00 Vesper Messe &#8211; etterfulgt av sakramentstilbedelse Onsdag 23.08. kl. 18.00 Messe Torsdag 24.08. Fest: Den hellige Bartolomeus \u2013 Apostel kl. 18.00 Messe Fredag 25.08. kl. 18.00 Messe L\u00f8rdag 26.08. kl&#8230;.<br \/><a class=\"read-more-button\" href=\"https:\/\/stansgar.katolsk.no\/?p=12244\">Read more<\/a><\/p>\n","protected":false},"author":1,"featured_media":0,"comment_status":"open","ping_status":"open","sticky":false,"template":"","format":"standard","meta":{"footnotes":""},"categories":[482],"tags":[],"class_list":["post-12244","post","type-post","status-publish","format-standard","hentry","category-kunngjoringer"],"_links":{"self":[{"href":"https:\/\/stansgar.katolsk.no\/index.php?rest_route=\/wp\/v2\/posts\/12244","targetHints":{"allow":["GET"]}}],"collection":[{"href":"https:\/\/stansgar.katolsk.no\/index.php?rest_route=\/wp\/v2\/posts"}],"about":[{"href":"https:\/\/stansgar.katolsk.no\/index.php?rest_route=\/wp\/v2\/types\/post"}],"author":[{"embeddable":true,"href":"https:\/\/stansgar.katolsk.no\/index.php?rest_route=\/wp\/v2\/users\/1"}],"replies":[{"embeddable":true,"href":"https:\/\/stansgar.katolsk.no\/index.php?rest_route=%2Fwp%2Fv2%2Fcomments&post=12244"}],"version-history":[{"count":1,"href":"https:\/\/stansgar.katolsk.no\/index.php?rest_route=\/wp\/v2\/posts\/12244\/revisions"}],"predecessor-version":[{"id":12245,"href":"https:\/\/stansgar.katolsk.no\/index.php?rest_route=\/wp\/v2\/posts\/12244\/revisions\/12245"}],"wp:attachment":[{"href":"https:\/\/stansgar.katolsk.no\/index.php?rest_route=%2Fwp%2Fv2%2Fmedia&parent=12244"}],"wp:term":[{"taxonomy":"category","embeddable":true,"href":"https:\/\/stansgar.katolsk.no\/index.php?rest_route=%2Fwp%2Fv2%2Fcategories&post=12244"},{"taxonomy":"post_tag","embeddable":true,"href":"https:\/\/stansgar.katolsk.no\/index.php?rest_route=%2Fwp%2Fv2%2Ftags&post=12244"}],"curies":[{"name":"wp","href":"https:\/\/api.w.org\/{rel}","templated":true}]}}