{"id":122,"date":"2018-03-19T11:49:00","date_gmt":"2018-03-19T10:49:00","guid":{"rendered":"http:\/\/stansgar.katolsk.no\/index.php\/2018\/03\/19\/nytt-fra-menighetsradet-mars-2018\/"},"modified":"2018-10-12T09:12:16","modified_gmt":"2018-10-12T07:12:16","slug":"nytt-fra-menighetsradet-mars-2018","status":"publish","type":"post","link":"https:\/\/stansgar.katolsk.no\/?p=122","title":{"rendered":"Nytt fra menighetsr\u00e5det mars 2018"},"content":{"rendered":"<p><\/p>\n<div class=\"MsoNormal\">\n<\/div>\n<div class=\"MsoNormal\">\n<\/div>\n<div class=\"MsoNormal\">\n<\/div>\n<div class=\"MsoNormal\">\n<\/div>\n<div class=\"MsoNormal\">\n<b style=\"mso-bidi-font-weight: normal;\">&nbsp;&nbsp;&nbsp; Sognepresten informerer<\/b><\/div>\n<div class=\"MsoListParagraphCxSpFirst\" style=\"margin-left: 78.0pt; mso-add-space: auto; mso-list: l0 level1 lfo1; text-indent: -18.0pt;\">\n\u00b7&nbsp;&nbsp;&nbsp;&nbsp;&nbsp; p. Frode forteller at han har hatt en god permisjonsperiode,<br \/>\nog trekker s\u00e6rlig frem ukene i Mount St. Bernhard<\/div>\n<div class=\"MsoListParagraphCxSpMiddle\" style=\"margin-left: 78.0pt; mso-add-space: auto; mso-list: l0 level1 lfo1; text-indent: -18.0pt;\">\n\u00b7&nbsp;&nbsp;&nbsp;&nbsp;&nbsp; Mariakapellet &nbsp;er fullf\u00f8rt<br \/>\nog innviet, vakkert laget &nbsp;av Arek <\/div>\n<div class=\"MsoListParagraphCxSpMiddle\" style=\"margin-left: 78.0pt; mso-add-space: auto; mso-list: l0 level1 lfo1; text-indent: -18.0pt;\">\n\u00b7&nbsp;&nbsp;&nbsp;&nbsp;&nbsp; Unge voksne har v\u00e6rt p\u00e5 pilegrimstur til Roma, og hatt en<br \/>\nflott tur.<\/div>\n<div class=\"MsoListParagraphCxSpMiddle\" style=\"margin-left: 78.0pt; mso-add-space: auto; mso-list: l0 level1 lfo1; text-indent: -18.0pt;\">\n\u00b7&nbsp;&nbsp;&nbsp;&nbsp;&nbsp; Statistisk oversikt over menighetens medlemmer, ansatte,<br \/>\naktiviteter etc er lagt frem for menighetsr\u00e5det. Den som \u00f8nsker \u00e5 se<br \/>\nstatistikken kan henvende seg til p. Frode.<\/div>\n<div class=\"MsoListParagraphCxSpLast\" style=\"margin-left: 78.0pt; mso-add-space: auto; mso-list: l0 level1 lfo1; text-indent: -18.0pt;\">\n\u00b7&nbsp;&nbsp;&nbsp;&nbsp;&nbsp; P. Dawid takkes for initiativ til og innsats med \u00e5 arrangere<br \/>\n24 timer for Herren. Dette var sv\u00e6rt vellykket, til en hver tid var det flere<br \/>\ntil stede.<\/div>\n<div class=\"MsoNormal\">\n<\/div>\n<div class=\"MsoNormal\">\n<b style=\"mso-bidi-font-weight: normal;\">&nbsp;Menighetsr\u00e5dsvalg\/valgkomit\u00e9 2018<\/b><\/div>\n<div class=\"MsoNormal\">\n&nbsp;&nbsp;&nbsp;&nbsp;&nbsp;&nbsp;&nbsp;&nbsp;&nbsp;&nbsp;&nbsp;&nbsp;&nbsp;&nbsp;&nbsp;&nbsp;&nbsp; Valgkomit\u00e9: Ragnhild Loch,<br \/>\nKarolina Raj, Tuan Doan. Det vil bli &nbsp;<\/div>\n<div class=\"MsoNormal\">\n&nbsp;&nbsp;&nbsp;&nbsp;&nbsp;<br \/>\n&nbsp;&nbsp;&nbsp;&nbsp;&nbsp;&nbsp;&nbsp;&nbsp;&nbsp;&nbsp;&nbsp;&nbsp;lagt vekt p\u00e5 \u00e5 f\u00e5<br \/>\nflere nasjonale grupper representert i &nbsp;<\/div>\n<div class=\"MsoNormal\">\n&nbsp;&nbsp;&nbsp;&nbsp;&nbsp;&nbsp;&nbsp;&nbsp;&nbsp;&nbsp;&nbsp;&nbsp;&nbsp;&nbsp;&nbsp;&nbsp;&nbsp; menighetsr\u00e5det.<\/div>\n<div class=\"MsoNormal\">\n&nbsp;&nbsp;&nbsp;&nbsp;&nbsp;&nbsp;&nbsp;&nbsp;&nbsp;&nbsp;&nbsp;&nbsp;&nbsp;&nbsp;&nbsp;&nbsp;&nbsp; Valget holdes f\u00f8rste og andre<br \/>\nhelg i juni.<\/div>\n<div class=\"MsoNormal\">\n&nbsp;&nbsp;&nbsp;&nbsp;&nbsp;&nbsp;&nbsp;&nbsp;&nbsp;&nbsp;&nbsp;&nbsp;&nbsp;&nbsp;&nbsp;&nbsp;&nbsp; Info om valget legges ut p\u00e5<br \/>\nbloggen, og det informeres om adgang til&nbsp;\n<\/div>\n<div class=\"MsoNormal\">\n&nbsp;&nbsp;&nbsp;&nbsp;&nbsp;&nbsp;&nbsp;&nbsp;&nbsp;&nbsp;&nbsp;&nbsp;&nbsp;&nbsp;&nbsp;&nbsp;&nbsp; \u00e5 stemme pr post for de som<br \/>\nikke kan komme til kirken disse&nbsp; <\/div>\n<div class=\"MsoNormal\">\n&nbsp;&nbsp;&nbsp;&nbsp;&nbsp;&nbsp;&nbsp;&nbsp;&nbsp;&nbsp;&nbsp;&nbsp;&nbsp;&nbsp;&nbsp;&nbsp;&nbsp; helgene.<\/div>\n<div class=\"MsoNormal\">\n<\/div>\n<div class=\"MsoNormal\">\n<b style=\"mso-bidi-font-weight: normal;\">&nbsp;&nbsp; Regnskap<br \/>\n2017\/budsjett 2018<\/b><\/div>\n<div class=\"MsoNormal\">\n&nbsp;&nbsp;&nbsp;&nbsp;&nbsp;&nbsp;&nbsp;&nbsp;&nbsp;&nbsp;&nbsp;&nbsp;&nbsp;&nbsp;&nbsp;&nbsp;&nbsp; P. Frode har lagt det frem<br \/>\nfor menighetsr\u00e5det p\u00e5 vegne av &nbsp;<\/div>\n<div class=\"MsoNormal\">\n&nbsp;&nbsp;&nbsp;&nbsp;&nbsp;&nbsp;&nbsp;&nbsp;&nbsp;&nbsp;&nbsp;&nbsp;&nbsp;&nbsp;&nbsp;&nbsp;&nbsp; Finansr\u00e5det. \u00d8konomien er ikke<br \/>\ns\u00e5 god, vi har stor gjeld, men&nbsp; <\/div>\n<div class=\"MsoNormal\">\n&nbsp;&nbsp;&nbsp;&nbsp;&nbsp;&nbsp;&nbsp;&nbsp;&nbsp;&nbsp;&nbsp;&nbsp;&nbsp;&nbsp;&nbsp;&nbsp;&nbsp; heldigvis er alt under kontroll.<br \/>\nDet er svak \u00f8kning i kollekt, &nbsp;&nbsp;<\/div>\n<div class=\"MsoNormal\">\n&nbsp;&nbsp;&nbsp;&nbsp;&nbsp;&nbsp;&nbsp;&nbsp;&nbsp;&nbsp;&nbsp;&nbsp;&nbsp;&nbsp;&nbsp;&nbsp;&nbsp; men svak nedgang i gaver. &nbsp;<\/div>\n<div class=\"MsoNormal\">\n&nbsp;&nbsp;&nbsp;&nbsp;&nbsp;&nbsp;&nbsp;&nbsp;&nbsp;&nbsp;&nbsp;&nbsp;&nbsp;&nbsp;&nbsp;&nbsp;&nbsp; Kommunetilskuddet g\u00e5r opp<br \/>\nfordi antall medlemmer g\u00e5r opp. Vi fikk&nbsp; <\/div>\n<div class=\"MsoNormal\">\n&nbsp;&nbsp;&nbsp;&nbsp;&nbsp;&nbsp;&nbsp;&nbsp;&nbsp;&nbsp;&nbsp;&nbsp;&nbsp;&nbsp;&nbsp;&nbsp;&nbsp; 1 mill ekstra fra OKB, dette<br \/>\nble brukt til tilbakebetaling av private&nbsp;\n<\/div>\n<div class=\"MsoNormal\">\n&nbsp;&nbsp;&nbsp;&nbsp;&nbsp;&nbsp;&nbsp;&nbsp;&nbsp;&nbsp;&nbsp;&nbsp;&nbsp;&nbsp;&nbsp;&nbsp;&nbsp; l\u00e5n gitt av enkeltpersoner i &nbsp;menigheten, til en forsiktig \u00f8kning av &nbsp;<\/div>\n<div class=\"MsoNormal\">\n&nbsp;&nbsp;&nbsp;&nbsp;&nbsp;&nbsp;&nbsp;&nbsp;&nbsp;&nbsp;&nbsp;&nbsp;&nbsp;&nbsp;&nbsp;&nbsp;&nbsp; stillinger, til litt<br \/>\nvedlikehold og til \u00e5 utstyre p. Dawids leilighet. &nbsp;&nbsp;<\/div>\n<div class=\"MsoNormal\">\n&nbsp;&nbsp;&nbsp;&nbsp;&nbsp;&nbsp;&nbsp;&nbsp;&nbsp;&nbsp;&nbsp;&nbsp;&nbsp;&nbsp;&nbsp;&nbsp;&nbsp; Sammen med St. Fransiskus<br \/>\ni&nbsp; Arendal har vi ogs\u00e5 kj\u00f8pt en bil til &nbsp;<\/div>\n<div class=\"MsoNormal\">\n&nbsp;&nbsp;&nbsp;&nbsp;&nbsp;&nbsp;&nbsp;&nbsp;&nbsp;&nbsp;&nbsp;&nbsp;&nbsp;&nbsp;&nbsp;&nbsp;&nbsp; ham.<\/div>\n<div class=\"MsoNormal\">\n&nbsp;&nbsp;&nbsp;&nbsp;&nbsp;&nbsp;&nbsp;&nbsp;&nbsp;&nbsp;&nbsp;&nbsp;&nbsp;&nbsp;&nbsp;&nbsp;&nbsp; Det er behov for<br \/>\nmenighetssekret\u00e6r i 100 % stilling, og mer til &nbsp;<\/div>\n<div class=\"MsoNormal\">\n&nbsp;&nbsp;&nbsp;&nbsp;&nbsp;&nbsp;&nbsp;&nbsp;&nbsp;&nbsp;&nbsp;&nbsp;&nbsp;&nbsp;&nbsp;&nbsp;&nbsp; renhold, men det er det ikke<br \/>\nmidler til p\u00e5 n\u00e5v\u00e6rende tidspunkt.<\/div>\n<div class=\"MsoNormal\">\n&nbsp;&nbsp;&nbsp;&nbsp;&nbsp;&nbsp;&nbsp;&nbsp;&nbsp;&nbsp;&nbsp;&nbsp;&nbsp;&nbsp; &nbsp;&nbsp;&nbsp;Siden<br \/>\ndet er nedgang i bidrag er det behov for aksjoner for \u00e5 f\u00e5 flere&nbsp; <\/div>\n<div class=\"MsoNormal\">\n&nbsp;&nbsp;&nbsp;&nbsp;&nbsp;&nbsp;&nbsp;&nbsp;&nbsp;&nbsp;&nbsp;&nbsp;&nbsp;&nbsp;&nbsp;&nbsp;&nbsp; til \u00e5 gi, spesielt via<br \/>\navtalegiro. Vi m\u00e5 ogs\u00e5 snarest f\u00e5 Vipps <\/div>\n<div class=\"MsoNormal\">\n&nbsp;&nbsp;&nbsp;&nbsp;&nbsp;&nbsp;&nbsp;&nbsp;&nbsp;&nbsp;&nbsp;&nbsp;&nbsp;&nbsp;&nbsp;&nbsp;&nbsp; tilgjengelig.<\/div>\n<div class=\"MsoNormal\">\n&nbsp;&nbsp;&nbsp;&nbsp;&nbsp;&nbsp;&nbsp;&nbsp;&nbsp;&nbsp;&nbsp;&nbsp;&nbsp;&nbsp;&nbsp; Den som \u00f8nsker \u00e5 se regnskap og<br \/>\nbudsjett kan henvende seg til p.&nbsp; <\/div>\n<div class=\"MsoNormal\">\n&nbsp;&nbsp;&nbsp;&nbsp;&nbsp;&nbsp;&nbsp;&nbsp;&nbsp;&nbsp;&nbsp;&nbsp;&nbsp;&nbsp;&nbsp; Frode.<\/div>\n<div class=\"MsoNormal\">\n<\/div>\n<div class=\"MsoNormal\">\n<\/div>\n<div class=\"MsoNormal\">\n<b style=\"mso-bidi-font-weight: normal;\">Aktiviteter v\u00e5ren 2018<\/b><\/div>\n<div class=\"MsoListParagraphCxSpFirst\" style=\"margin-left: 78.0pt; mso-add-space: auto; mso-list: l0 level1 lfo1; text-indent: -18.0pt;\">\n\u00b7&nbsp;&nbsp;&nbsp;&nbsp;&nbsp; Program for p\u00e5sken offentliggj\u00f8res snart.<\/div>\n<div class=\"MsoListParagraphCxSpMiddle\" style=\"margin-left: 78.0pt; mso-add-space: auto; mso-list: l0 level1 lfo1; text-indent: -18.0pt;\">\n\u00b7&nbsp;&nbsp;&nbsp;&nbsp;&nbsp; 1. Kommunion arrangeres 2.6.<\/div>\n<div class=\"MsoListParagraphCxSpMiddle\" style=\"margin-left: 78.0pt; mso-add-space: auto; mso-list: l0 level1 lfo1; text-indent: -18.0pt;\">\n\u00b7&nbsp;&nbsp;&nbsp;&nbsp;&nbsp; Kristi legemsfest 3.6. Skal vi ha prosesjon etc? Det vil<br \/>\nv\u00e6re synd \u00e5 bryte tradisjonen som har oppst\u00e5tt de siste \u00e5rene, men dette er opp<br \/>\ntil v\u00e5r nye sogneprest. <\/div>\n<div class=\"MsoListParagraphCxSpMiddle\" style=\"margin-left: 78.0pt; mso-add-space: auto; mso-list: l0 level1 lfo1; text-indent: -18.0pt;\">\n\u00b7&nbsp;&nbsp;&nbsp;&nbsp;&nbsp; Skal det vellykkede arrangementet 2. pinsedag p\u00e5 Stella<br \/>\nMaris gjentas? Dette m\u00e5 ogs\u00e5 v\u00e6re opp til den nye sognepresten.<\/div>\n<div class=\"MsoListParagraphCxSpLast\" style=\"margin-left: 78.0pt; mso-add-space: auto;\">\n<\/div>\n<div class=\"MsoNormal\">\n<\/div>\n<div class=\"MsoNormal\">\n<b style=\"mso-bidi-font-weight: normal;\">&nbsp;&nbsp;&nbsp; Sogneprestskiftet<\/b><\/div>\n<div class=\"MsoNormal\">\n&nbsp;&nbsp;&nbsp;&nbsp;&nbsp;&nbsp;&nbsp;&nbsp;&nbsp;&nbsp;&nbsp;&nbsp;&nbsp;&nbsp;&nbsp;&nbsp;&nbsp; P. Frode er utnevnt til<br \/>\nsogneprest i den nyopprettede menigheten i &nbsp;<\/div>\n<div class=\"MsoNormal\">\n&nbsp;&nbsp;&nbsp;&nbsp;&nbsp;&nbsp;&nbsp;&nbsp;&nbsp;&nbsp;&nbsp;&nbsp;&nbsp;&nbsp;&nbsp;&nbsp;&nbsp; B\u00e6rum, St. Elisabeth<br \/>\nmenighet, p. Van f\u00e5r nye oppgaver i OKB. <\/div>\n<div class=\"MsoNormal\">\n&nbsp;&nbsp;&nbsp;&nbsp;&nbsp;&nbsp;&nbsp;&nbsp;&nbsp;&nbsp;&nbsp;&nbsp;&nbsp;&nbsp;&nbsp;&nbsp;&nbsp; Formell dato for skiftet er<br \/>\nn\u00e5 satt til 15.4. Siste messedag &nbsp;<\/div>\n<div class=\"MsoNormal\">\n&nbsp;&nbsp;&nbsp;&nbsp;&nbsp;&nbsp;&nbsp;&nbsp;&nbsp;&nbsp;&nbsp;&nbsp;&nbsp;&nbsp;&nbsp;&nbsp;&nbsp; for p.Frode og p. Van er 8.4,<br \/>\np. Luis Tien har f\u00f8rste messe her 15.4. &nbsp;<\/div>\n<div class=\"MsoNormal\">\n<\/div>\n<div class=\"MsoNormal\">\n<\/div>\n<div class=\"MsoNormal\">\n<b style=\"mso-bidi-font-weight: normal;\">&nbsp;&nbsp;&nbsp; Diverse<\/b><\/div>\n<div class=\"MsoListParagraphCxSpFirst\" style=\"margin-left: 78.0pt; mso-add-space: auto; mso-list: l0 level1 lfo1; text-indent: -18.0pt;\">\n\u00b7&nbsp;&nbsp;&nbsp;&nbsp;&nbsp; Forslag om at menigheten arrangerer Internasjonal dag<br \/>\nannethvert \u00e5r, og Internasjonal Barnedag annethvert \u00e5r. Dette gode forslaget<br \/>\nsendes videre til det neste menighetsr\u00e5det.<\/div>\n<div class=\"MsoListParagraphCxSpMiddle\" style=\"margin-left: 78.0pt; mso-add-space: auto; mso-list: l0 level1 lfo1; text-indent: -18.0pt;\">\n\u00b7&nbsp;&nbsp;&nbsp;&nbsp;&nbsp; Det kommer opp en plakat p\u00e5 veggen utenfor kj\u00f8kkenet med<br \/>\nopplysninger om at menighetslokalet m\/kj\u00f8kken kan leies, om pris, og med<br \/>\nkontaktinfo.<\/div>\n<div class=\"MsoListParagraphCxSpMiddle\" style=\"margin-left: 78.0pt; mso-add-space: auto;\">\n<\/div>\n<div class=\"MsoListParagraphCxSpMiddle\" style=\"margin-left: 78.0pt; mso-add-space: auto;\">\n<\/div>\n<div class=\"MsoListParagraphCxSpMiddle\" style=\"margin-left: 78.0pt; mso-add-space: auto;\">\n<\/div>\n<div class=\"MsoListParagraphCxSpMiddle\" style=\"margin-left: 78.0pt; mso-add-space: auto;\">\n<\/div>\n<div class=\"MsoListParagraphCxSpLast\" style=\"margin-left: 78.0pt; mso-add-space: auto;\">\n<\/div>\n<p><\/p>\n","protected":false},"excerpt":{"rendered":"<p>&nbsp;&nbsp;&nbsp; Sognepresten informerer \u00b7&nbsp;&nbsp;&nbsp;&nbsp;&nbsp; p. Frode forteller at han har hatt en god permisjonsperiode, og trekker s\u00e6rlig frem ukene i Mount St. Bernhard \u00b7&nbsp;&nbsp;&nbsp;&nbsp;&nbsp; Mariakapellet &nbsp;er fullf\u00f8rt og innviet, vakkert laget &nbsp;av Arek \u00b7&nbsp;&nbsp;&nbsp;&nbsp;&nbsp; Unge voksne har v\u00e6rt p\u00e5 pilegrimstur&#8230;<br \/><a class=\"read-more-button\" href=\"https:\/\/stansgar.katolsk.no\/?p=122\">Read more<\/a><\/p>\n","protected":false},"author":3,"featured_media":0,"comment_status":"open","ping_status":"open","sticky":false,"template":"","format":"standard","meta":{"footnotes":""},"categories":[1],"tags":[24],"class_list":["post-122","post","type-post","status-publish","format-standard","hentry","category-ukategorisert","tag-menighetsrad"],"_links":{"self":[{"href":"https:\/\/stansgar.katolsk.no\/index.php?rest_route=\/wp\/v2\/posts\/122","targetHints":{"allow":["GET"]}}],"collection":[{"href":"https:\/\/stansgar.katolsk.no\/index.php?rest_route=\/wp\/v2\/posts"}],"about":[{"href":"https:\/\/stansgar.katolsk.no\/index.php?rest_route=\/wp\/v2\/types\/post"}],"author":[{"embeddable":true,"href":"https:\/\/stansgar.katolsk.no\/index.php?rest_route=\/wp\/v2\/users\/3"}],"replies":[{"embeddable":true,"href":"https:\/\/stansgar.katolsk.no\/index.php?rest_route=%2Fwp%2Fv2%2Fcomments&post=122"}],"version-history":[{"count":1,"href":"https:\/\/stansgar.katolsk.no\/index.php?rest_route=\/wp\/v2\/posts\/122\/revisions"}],"predecessor-version":[{"id":1629,"href":"https:\/\/stansgar.katolsk.no\/index.php?rest_route=\/wp\/v2\/posts\/122\/revisions\/1629"}],"wp:attachment":[{"href":"https:\/\/stansgar.katolsk.no\/index.php?rest_route=%2Fwp%2Fv2%2Fmedia&parent=122"}],"wp:term":[{"taxonomy":"category","embeddable":true,"href":"https:\/\/stansgar.katolsk.no\/index.php?rest_route=%2Fwp%2Fv2%2Fcategories&post=122"},{"taxonomy":"post_tag","embeddable":true,"href":"https:\/\/stansgar.katolsk.no\/index.php?rest_route=%2Fwp%2Fv2%2Ftags&post=122"}],"curies":[{"name":"wp","href":"https:\/\/api.w.org\/{rel}","templated":true}]}}