{"id":1218,"date":"2011-06-23T21:09:00","date_gmt":"2011-06-23T19:09:00","guid":{"rendered":"http:\/\/stansgar.katolsk.no\/index.php\/2011\/06\/23\/festen-for-kristi-legeme-og-blod-2\/"},"modified":"2018-10-12T09:13:14","modified_gmt":"2018-10-12T07:13:14","slug":"festen-for-kristi-legeme-og-blod-2","status":"publish","type":"post","link":"https:\/\/stansgar.katolsk.no\/?p=1218","title":{"rendered":"Festen for Kristi legeme og blod"},"content":{"rendered":"<div class=\"separator\" style=\"clear: both; text-align: center;\"><a href=\"http:\/\/4.bp.blogspot.com\/-fikR9l8YD2Y\/TgOmAaAAG3I\/AAAAAAAAD1I\/7Up_xJ8JoSc\/s1600\/legemeogblod.jpg\" imageanchor=\"1\" style=\"clear: right; float: right; margin-bottom: 1em; margin-left: 1em;\"><img loading=\"lazy\" decoding=\"async\" border=\"0\" height=\"400\" src=\"http:\/\/stansgar.katolsk.no\/wp-content\/uploads\/2011\/06\/legemeogblod.jpg\" width=\"241\" \/><\/a><\/div>\n<p>S\u00f8ndag 26. juni er Kristi legemsfest. Det blir sakramentsprosesjon etter H\u00f8ymessen kl 11. F\u00f8rstekommunionsbarna deltar.<\/p>\n<p>Fra katolsk.no: &laquo;<i>Opprinnelsen til denne festen var et initiativ fra den salige begineren Juliana av Mont Cornillon (av Li\u00e8ge) (1193-1258). Fra 1209 hadde hun ofte en visjon hvor hun s\u00e5 en fullm\u00e5ne hvor det var brukket av et stykke. I en annen visjon fikk hun forklaringen: Det manglende stykket henviste til mangelen p\u00e5 en fest for Herrens Legeme i kirke\u00e5ret<\/i>.&raquo; Les mer <a href=\"http:\/\/www.katolsk.no\/biografier\/historisk\/legeme\">her<\/a><\/p>\n<p><\/p>\n<div class=\"separator\" style=\"clear: both; text-align: center;\"><a href=\"http:\/\/3.bp.blogspot.com\/-X85jTdm5j5w\/TgOlwT2NriI\/AAAAAAAAD1E\/8sIMGMIWaHQ\/s1600\/monstransenglerogblomster.jpg\" imageanchor=\"1\" style=\"margin-left: 1em; margin-right: 1em;\"><img loading=\"lazy\" decoding=\"async\" border=\"0\" height=\"170\" src=\"http:\/\/stansgar.katolsk.no\/wp-content\/uploads\/2011\/06\/monstransenglerogblomster.jpg\" width=\"400\" \/><\/a><\/div>\n<p>\nMusikk som passer til dagen &#8211; Thomas Aquinas&#8217; Pange Lingua i to utgaver: <a href=\"http:\/\/www.youtube.com\/watch?v=-rF1rGoJJmo\">gregoriansk<\/a> og <br \/>\n<a href=\"http:\/\/www.youtube.com\/watch?v=zzXoJ-aHUtI&amp;feature=related\">med musikk av Bruckner<\/a><\/p>\n<div class=\"separator\" style=\"clear: both; text-align: center;\"><a href=\"http:\/\/2.bp.blogspot.com\/-o_UjGFo6boM\/TgOp1zfntvI\/AAAAAAAAD1M\/tXsLnSmOysw\/s1600\/legememedengler.jpg\" imageanchor=\"1\" style=\"margin-left: 1em; margin-right: 1em;\"><img loading=\"lazy\" decoding=\"async\" border=\"0\" height=\"400\" src=\"http:\/\/stansgar.katolsk.no\/wp-content\/uploads\/2011\/06\/legememedengler.jpg\" width=\"301\" \/><\/a><\/div>\n<p><a href=\"http:\/\/www.youtube.com\/watch?v=-rF1rGoJJmo\"><\/a><br \/>\n<a href=\"http:\/\/www.youtube.com\/watch?v=zzXoJ-aHUtI&amp;feature=related\"><\/a><\/p>\n<p><\/p>\n<div class=\"separator\" style=\"clear: both; text-align: center;\"><\/div>\n","protected":false},"excerpt":{"rendered":"<p>S\u00f8ndag 26. juni er Kristi legemsfest. Det blir sakramentsprosesjon etter H\u00f8ymessen kl 11. F\u00f8rstekommunionsbarna deltar. Fra katolsk.no: &laquo;Opprinnelsen til denne festen var et initiativ fra den salige begineren Juliana av Mont Cornillon (av Li\u00e8ge) (1193-1258). Fra 1209 hadde hun ofte&#8230;<br \/><a class=\"read-more-button\" href=\"https:\/\/stansgar.katolsk.no\/?p=1218\">Read more<\/a><\/p>\n","protected":false},"author":3,"featured_media":3448,"comment_status":"open","ping_status":"open","sticky":false,"template":"","format":"standard","meta":{"footnotes":""},"categories":[1],"tags":[21,22],"class_list":["post-1218","post","type-post","status-publish","format-standard","has-post-thumbnail","hentry","category-ukategorisert","tag-corpus-christi","tag-kristi-legemsfest"],"_links":{"self":[{"href":"https:\/\/stansgar.katolsk.no\/index.php?rest_route=\/wp\/v2\/posts\/1218","targetHints":{"allow":["GET"]}}],"collection":[{"href":"https:\/\/stansgar.katolsk.no\/index.php?rest_route=\/wp\/v2\/posts"}],"about":[{"href":"https:\/\/stansgar.katolsk.no\/index.php?rest_route=\/wp\/v2\/types\/post"}],"author":[{"embeddable":true,"href":"https:\/\/stansgar.katolsk.no\/index.php?rest_route=\/wp\/v2\/users\/3"}],"replies":[{"embeddable":true,"href":"https:\/\/stansgar.katolsk.no\/index.php?rest_route=%2Fwp%2Fv2%2Fcomments&post=1218"}],"version-history":[{"count":1,"href":"https:\/\/stansgar.katolsk.no\/index.php?rest_route=\/wp\/v2\/posts\/1218\/revisions"}],"predecessor-version":[{"id":3451,"href":"https:\/\/stansgar.katolsk.no\/index.php?rest_route=\/wp\/v2\/posts\/1218\/revisions\/3451"}],"wp:featuredmedia":[{"embeddable":true,"href":"https:\/\/stansgar.katolsk.no\/index.php?rest_route=\/wp\/v2\/media\/3448"}],"wp:attachment":[{"href":"https:\/\/stansgar.katolsk.no\/index.php?rest_route=%2Fwp%2Fv2%2Fmedia&parent=1218"}],"wp:term":[{"taxonomy":"category","embeddable":true,"href":"https:\/\/stansgar.katolsk.no\/index.php?rest_route=%2Fwp%2Fv2%2Fcategories&post=1218"},{"taxonomy":"post_tag","embeddable":true,"href":"https:\/\/stansgar.katolsk.no\/index.php?rest_route=%2Fwp%2Fv2%2Ftags&post=1218"}],"curies":[{"name":"wp","href":"https:\/\/api.w.org\/{rel}","templated":true}]}}