{"id":1209,"date":"2011-07-26T12:10:00","date_gmt":"2011-07-26T10:10:00","guid":{"rendered":"http:\/\/stansgar.katolsk.no\/index.php\/2011\/07\/26\/paven-forlat-hatets-vei\/"},"modified":"2018-10-12T09:13:14","modified_gmt":"2018-10-12T07:13:14","slug":"paven-forlat-hatets-vei","status":"publish","type":"post","link":"https:\/\/stansgar.katolsk.no\/?p=1209","title":{"rendered":"Paven: Forlat hatets vei"},"content":{"rendered":"<div class=\"separator\" style=\"clear: both; text-align: center;\"><a href=\"http:\/\/1.bp.blogspot.com\/-LqEjS0lVGcw\/Ti6sJIGEPWI\/AAAAAAAAD1g\/OSE57hQfGWg\/s1600\/pavenangelus\" imageanchor=\"1\" style=\"clear: right; float: right; margin-bottom: 1em; margin-left: 1em;\"><img decoding=\"async\" border=\"0\" src=\"http:\/\/1.bp.blogspot.com\/-LqEjS0lVGcw\/Ti6sJIGEPWI\/AAAAAAAAD1g\/OSE57hQfGWg\/s1600\/pavenangelus\" \/><\/a><\/div>\n<div id=\"content-core\">\n<div class=\"plain\" id=\"parent-fieldname-text\">Pave Benedikt XVI ba s\u00f8ndag for ofrene etter fredagens tragiske hendelser ved regjeringskvartalet og Ut\u00f8ya. Etter Angelusb\u00f8nnen ved Castel Gandolfo kom Benedikt med f\u00f8lgende uttalelse:<br \/>\n&#8211; P\u00e5ny blir vi dessverre m\u00f8tt av nyheter om d\u00f8d og vold. Vi f\u00f8ler alle en dyp sorg over de store terrorangrepene som fant sted sist fredag i Norge. Vi ber for ofrene, de s\u00e5rede og alle deres kj\u00e6re. Til alle gjentar jeg min dyptf\u00f8lte appell om \u00e5 forlate for alltid hatets vei og flykte fra ondskapens logikk, sa pave Benedikt, som dagen f\u00f8r gjennom sitt statssekretariat sendte et <a href=\"http:\/\/www.katolsk.no\/nyheter\/2011\/07\/kondolansetelegram-fra-hans-hellighet-pave-benedikt-xvi-til-kong-olav-v\">kondolansetelegram<\/a> til kong Harald.<\/p>\n<p>H\u00f8r hva paven sier via <a href=\"http:\/\/www.news.va\/en\/news\/pope-benedict-xvi-abandon-the-way-of-hatred\">Vatikanradioen<\/a><\/p>\n<p>Se pavens Angelusb\u00f8nn der han&nbsp; <a href=\"http:\/\/www.romereports.com\/palio\/pope-condemns-violence-and-oslo-killings-english-4589.html\">omtaler Ut\u00f8yatragedien<\/a><\/div>\n<\/div>\n","protected":false},"excerpt":{"rendered":"<p>Pave Benedikt XVI ba s\u00f8ndag for ofrene etter fredagens tragiske hendelser ved regjeringskvartalet og Ut\u00f8ya. Etter Angelusb\u00f8nnen ved Castel Gandolfo kom Benedikt med f\u00f8lgende uttalelse: &#8211; P\u00e5ny blir vi dessverre m\u00f8tt av nyheter om d\u00f8d og vold. Vi f\u00f8ler alle&#8230;<br \/><a class=\"read-more-button\" href=\"https:\/\/stansgar.katolsk.no\/?p=1209\">Read more<\/a><\/p>\n","protected":false},"author":3,"featured_media":0,"comment_status":"open","ping_status":"open","sticky":false,"template":"","format":"standard","meta":{"footnotes":""},"categories":[1],"tags":[125],"class_list":["post-1209","post","type-post","status-publish","format-standard","hentry","category-ukategorisert","tag-paven"],"_links":{"self":[{"href":"https:\/\/stansgar.katolsk.no\/index.php?rest_route=\/wp\/v2\/posts\/1209","targetHints":{"allow":["GET"]}}],"collection":[{"href":"https:\/\/stansgar.katolsk.no\/index.php?rest_route=\/wp\/v2\/posts"}],"about":[{"href":"https:\/\/stansgar.katolsk.no\/index.php?rest_route=\/wp\/v2\/types\/post"}],"author":[{"embeddable":true,"href":"https:\/\/stansgar.katolsk.no\/index.php?rest_route=\/wp\/v2\/users\/3"}],"replies":[{"embeddable":true,"href":"https:\/\/stansgar.katolsk.no\/index.php?rest_route=%2Fwp%2Fv2%2Fcomments&post=1209"}],"version-history":[{"count":1,"href":"https:\/\/stansgar.katolsk.no\/index.php?rest_route=\/wp\/v2\/posts\/1209\/revisions"}],"predecessor-version":[{"id":3436,"href":"https:\/\/stansgar.katolsk.no\/index.php?rest_route=\/wp\/v2\/posts\/1209\/revisions\/3436"}],"wp:attachment":[{"href":"https:\/\/stansgar.katolsk.no\/index.php?rest_route=%2Fwp%2Fv2%2Fmedia&parent=1209"}],"wp:term":[{"taxonomy":"category","embeddable":true,"href":"https:\/\/stansgar.katolsk.no\/index.php?rest_route=%2Fwp%2Fv2%2Fcategories&post=1209"},{"taxonomy":"post_tag","embeddable":true,"href":"https:\/\/stansgar.katolsk.no\/index.php?rest_route=%2Fwp%2Fv2%2Ftags&post=1209"}],"curies":[{"name":"wp","href":"https:\/\/api.w.org\/{rel}","templated":true}]}}