{"id":12057,"date":"2023-06-25T10:01:41","date_gmt":"2023-06-25T08:01:41","guid":{"rendered":"https:\/\/stansgar.katolsk.no\/?p=12057"},"modified":"2023-06-23T13:38:11","modified_gmt":"2023-06-23T11:38:11","slug":"kunngjoringer-sondag-25-juni-2023","status":"publish","type":"post","link":"https:\/\/stansgar.katolsk.no\/?p=12057","title":{"rendered":"KUNNGJ\u00d8RINGER S\u00d8NDAG 25. JUNI 2023"},"content":{"rendered":"<p style=\"text-align: center;\"><strong>KUNNGJ\u00d8RINGER S\u00d8NDAG 25. JUNI 2023<\/strong><\/p>\n<table style=\"width: 611.281px;\">\n<tbody>\n<tr>\n<td style=\"width: 84px;\">Tirsdag<\/td>\n<td style=\"width: 83px;\">27.06.<\/td>\n<td style=\"width: 46px;\">kl.<\/p>\n<p>kl.<\/td>\n<td style=\"width: 55px;\">17.30<\/p>\n<p>18.00<\/td>\n<td style=\"width: 251.281px;\">Vesper<\/p>\n<p>Messe &#8211; etterfulgt av sakramentstilbedelse<\/td>\n<\/tr>\n<tr>\n<td style=\"width: 84px;\">Onsdag<\/td>\n<td style=\"width: 83px;\">28.06<strong>.<\/strong><\/td>\n<td style=\"width: 46px;\">kl.<\/td>\n<td style=\"width: 55px;\">18.00<\/td>\n<td style=\"width: 251.281px;\">Messe<\/td>\n<\/tr>\n<tr>\n<td style=\"width: 84px;\" rowspan=\"2\">Torsdag<\/td>\n<td style=\"width: 83px;\" rowspan=\"2\">29.06.<\/td>\n<td style=\"width: 352.281px;\" colspan=\"3\">H\u00f8ytid: De hellige apostler Peter og Paulus<\/td>\n<\/tr>\n<tr>\n<td style=\"width: 46px;\">kl.<\/p>\n<p>kl.<\/td>\n<td style=\"width: 55px;\">11.00<\/p>\n<p>18.00<\/td>\n<td style=\"width: 251.281px;\">Messe<\/p>\n<p>Messe<\/td>\n<\/tr>\n<tr>\n<td style=\"width: 84px;\">Fredag<\/td>\n<td style=\"width: 83px;\">30.06.<\/td>\n<td style=\"width: 46px;\">kl.<\/td>\n<td style=\"width: 55px;\">18.00<\/td>\n<td style=\"width: 251.281px;\">Messe<\/td>\n<\/tr>\n<tr>\n<td style=\"width: 84px;\">L\u00f8rdag<\/td>\n<td style=\"width: 83px;\">01.07.<\/td>\n<td style=\"width: 46px;\">kl.<\/p>\n<p>kl.<\/td>\n<td style=\"width: 55px;\">13.00<\/p>\n<p>18.00<\/td>\n<td style=\"width: 251.281px;\">Messe<\/p>\n<p>Messe p\u00e5 polsk<\/td>\n<\/tr>\n<tr>\n<td style=\"width: 84px;\">S\u00f8ndag<\/td>\n<td style=\"width: 83px;\">02.07.<\/td>\n<td style=\"width: 352.281px;\" colspan=\"3\"><strong>13. S\u00d8NDAG I DET ALMINNELIGE KIRKE\u00c5R<\/strong><\/td>\n<\/tr>\n<tr>\n<td style=\"width: 84px;\">&nbsp;<\/td>\n<td style=\"width: 83px;\">&nbsp;<\/td>\n<td style=\"width: 46px;\">kl.<\/p>\n<p>kl.<\/p>\n<p>kl.<\/p>\n<p>kl.<\/td>\n<td style=\"width: 55px;\">09.00<\/p>\n<p>11.00<\/p>\n<p>13.00<\/p>\n<p>15.00<\/td>\n<td style=\"width: 251.281px;\">Messe p\u00e5 polsk<\/p>\n<p>Messe p\u00e5 norsk<\/p>\n<p>Messe p\u00e5 vietnamesisk<\/p>\n<p>Messe p\u00e5 kaldeisk<\/td>\n<\/tr>\n<\/tbody>\n<\/table>\n<p><strong>Annet:<\/strong><\/p>\n<p><strong>1) Messer i St. Ansgar p\u00e5 s\u00f8ndag 2. juli<br \/>\n&#8211; <\/strong>kl. 15.00 er det messe p\u00e5 kaldeisk<\/p>\n<p><strong>2) &nbsp;NUKs Ministrant NM<\/strong><\/p>\n<p>Norges Unge Katolikker arrangerer ministrant NM for ministranter 6 &#8211; 13 \u00e5r i St. Franciskus Xaverius menighet i Arendal fra <em>torsdag 10.08. til s\u00f8ndag 13.08.<\/em><\/p>\n<p>Adresse: St. Franciskus Xaverius menighet\/skole, Kirkebakken 19, 4836 Arendal.<\/p>\n<p>Det er bare to lag per menighet. Hvert lag kan best\u00e5 av 4 &#8211; 6 deltakere, og hvert lag m\u00e5 ha \u00e9n gruppeleder&nbsp;som helst er over 18 \u00e5r.<\/p>\n<p>Hovedform\u00e5let med ministrantsamlingen er ikke \u00e5 konkurrere, men at ministranter fra hele landet skal m\u00f8tes for \u00e5 bli bedre kjent med liturgien og hverandre. Det oppfordres at ministranter mellom 6 &#8211; 13 \u00e5r deltar i NUKs Ministrant NM.<\/p>\n<p>Foreldre kan ta kontakt med sekret\u00e6ren i St. Ansgar menighet for \u00e5 melde p\u00e5 barnet sitt: tlf 975 94 787; e-post: <a href=\"mailto:kristiansand@katolsk.no\">kristiansand@katolsk.no<\/a>. P\u00e5meldingsfrist: 07.7.2023.<\/p>\n<p>&nbsp;<\/p>\n<p style=\"text-align: center;\"><strong>Alle er hjertelig velkommen til kirkekaffe. \u00d8nsker dere riktig god s\u00f8ndag!<\/strong><\/p>\n","protected":false},"excerpt":{"rendered":"<p>KUNNGJ\u00d8RINGER S\u00d8NDAG 25. JUNI 2023 Tirsdag 27.06. kl. kl. 17.30 18.00 Vesper Messe &#8211; etterfulgt av sakramentstilbedelse Onsdag 28.06. kl. 18.00 Messe Torsdag 29.06. H\u00f8ytid: De hellige apostler Peter og Paulus kl. kl. 11.00 18.00 Messe Messe Fredag 30.06. kl&#8230;.<br \/><a class=\"read-more-button\" href=\"https:\/\/stansgar.katolsk.no\/?p=12057\">Read more<\/a><\/p>\n","protected":false},"author":1,"featured_media":0,"comment_status":"open","ping_status":"open","sticky":false,"template":"","format":"standard","meta":{"footnotes":""},"categories":[482],"tags":[],"class_list":["post-12057","post","type-post","status-publish","format-standard","hentry","category-kunngjoringer"],"_links":{"self":[{"href":"https:\/\/stansgar.katolsk.no\/index.php?rest_route=\/wp\/v2\/posts\/12057","targetHints":{"allow":["GET"]}}],"collection":[{"href":"https:\/\/stansgar.katolsk.no\/index.php?rest_route=\/wp\/v2\/posts"}],"about":[{"href":"https:\/\/stansgar.katolsk.no\/index.php?rest_route=\/wp\/v2\/types\/post"}],"author":[{"embeddable":true,"href":"https:\/\/stansgar.katolsk.no\/index.php?rest_route=\/wp\/v2\/users\/1"}],"replies":[{"embeddable":true,"href":"https:\/\/stansgar.katolsk.no\/index.php?rest_route=%2Fwp%2Fv2%2Fcomments&post=12057"}],"version-history":[{"count":1,"href":"https:\/\/stansgar.katolsk.no\/index.php?rest_route=\/wp\/v2\/posts\/12057\/revisions"}],"predecessor-version":[{"id":12058,"href":"https:\/\/stansgar.katolsk.no\/index.php?rest_route=\/wp\/v2\/posts\/12057\/revisions\/12058"}],"wp:attachment":[{"href":"https:\/\/stansgar.katolsk.no\/index.php?rest_route=%2Fwp%2Fv2%2Fmedia&parent=12057"}],"wp:term":[{"taxonomy":"category","embeddable":true,"href":"https:\/\/stansgar.katolsk.no\/index.php?rest_route=%2Fwp%2Fv2%2Fcategories&post=12057"},{"taxonomy":"post_tag","embeddable":true,"href":"https:\/\/stansgar.katolsk.no\/index.php?rest_route=%2Fwp%2Fv2%2Ftags&post=12057"}],"curies":[{"name":"wp","href":"https:\/\/api.w.org\/{rel}","templated":true}]}}