{"id":12047,"date":"2023-06-18T10:01:41","date_gmt":"2023-06-18T08:01:41","guid":{"rendered":"https:\/\/stansgar.katolsk.no\/?p=12047"},"modified":"2023-06-16T10:53:27","modified_gmt":"2023-06-16T08:53:27","slug":"kunngjoringer-sondag-18-juni-2023","status":"publish","type":"post","link":"https:\/\/stansgar.katolsk.no\/?p=12047","title":{"rendered":"KUNNGJ\u00d8RINGER S\u00d8NDAG 18. JUNI 2023"},"content":{"rendered":"<p style=\"text-align: center;\"><strong>KUNNGJ\u00d8RINGER S\u00d8NDAG 18. JUNI 2023<\/strong><\/p>\n<table style=\"width: 600.5px;\">\n<tbody>\n<tr>\n<td style=\"width: 76px;\">Tirsdag<\/td>\n<td style=\"width: 61px;\">20.06.<\/td>\n<td style=\"width: 51px;\">kl.<\/p>\n<p>kl.<\/td>\n<td style=\"width: 63px;\">17.30<\/p>\n<p>18.00<\/td>\n<td style=\"width: 257.5px;\">Vesper<\/p>\n<p>Messe &#8211; etterfulgt av sakramentstilbedelse<\/td>\n<\/tr>\n<tr>\n<td style=\"width: 76px;\">Onsdag<\/td>\n<td style=\"width: 61px;\">21.06<strong>.<\/strong><\/td>\n<td style=\"width: 51px;\">kl.<\/td>\n<td style=\"width: 63px;\">18.00<\/td>\n<td style=\"width: 257.5px;\">Messe<\/td>\n<\/tr>\n<tr>\n<td style=\"width: 76px;\">Torsdag<\/td>\n<td style=\"width: 61px;\">22.06.<\/td>\n<td style=\"width: 51px;\">kl.<\/p>\n<p>kl.<\/td>\n<td style=\"width: 63px;\">11.00<\/p>\n<p>18.00<\/td>\n<td style=\"width: 257.5px;\">Messe<\/p>\n<p>Messe<\/td>\n<\/tr>\n<tr>\n<td style=\"width: 76px;\">Fredag<\/td>\n<td style=\"width: 61px;\">23.06.<\/td>\n<td style=\"width: 51px;\">kl.<\/td>\n<td style=\"width: 63px;\">18.00<\/td>\n<td style=\"width: 257.5px;\">Messe<\/td>\n<\/tr>\n<tr>\n<td style=\"width: 76px;\" rowspan=\"2\">L\u00f8rdag<\/p>\n<p>&nbsp;<\/p>\n<p>&nbsp;<\/p>\n<p>&nbsp;<\/p>\n<p>&nbsp;<\/p>\n<p>&nbsp;<\/p>\n<p>Andre steder<\/td>\n<td style=\"width: 61px;\" rowspan=\"2\">24.06.<\/td>\n<td style=\"width: 371.5px;\" colspan=\"3\">H\u00f8ytid: Johannes D\u00f8perens f\u00f8dsel<\/td>\n<\/tr>\n<tr>\n<td style=\"width: 51px;\">kl.<\/p>\n<p>kl.<\/p>\n<p>kl.<\/p>\n<p>kl.<\/p>\n<p>kl.<\/p>\n<p>&nbsp;<\/p>\n<p>kl.<\/p>\n<p>kl.<\/td>\n<td style=\"width: 63px;\">12.30<\/p>\n<p>13.00<\/p>\n<p>14.00<\/p>\n<p>16.00<\/p>\n<p>18.00<\/p>\n<p>&nbsp;<\/p>\n<p>14.00<\/p>\n<p>17.00<\/td>\n<td style=\"width: 257.5px;\">Rosenkransandakt<\/p>\n<p>Messe<\/p>\n<p>Messe p\u00e5 tagalog<br \/>\nMesse p\u00e5 fransk<\/p>\n<p>Messe p\u00e5 polsk<\/p>\n<p>&nbsp;<\/p>\n<p>Messe i Lyngdal<br \/>\nMesse i Flekkefjord<\/td>\n<\/tr>\n<tr>\n<td style=\"width: 76px;\">S\u00f8ndag<\/td>\n<td style=\"width: 61px;\">25.06.<\/td>\n<td style=\"width: 371.5px;\" colspan=\"3\"><strong>12. S\u00d8NDAG I DET ALMINNELIGE KIRKE\u00c5R<\/strong><\/td>\n<\/tr>\n<tr>\n<td style=\"width: 76px;\">&nbsp;<\/td>\n<td style=\"width: 61px;\">&nbsp;<\/td>\n<td style=\"width: 51px;\">kl.<\/p>\n<p>kl.<\/p>\n<p>kl.<\/p>\n<p>kl.<\/td>\n<td style=\"width: 63px;\">09.00<\/p>\n<p>11.00<\/p>\n<p>13.00<\/p>\n<p>15.00<\/td>\n<td style=\"width: 257.5px;\">Messe p\u00e5 polsk<\/p>\n<p>Messe p\u00e5 norsk<\/p>\n<p>Messe p\u00e5 vietnamesisk<\/p>\n<p>Messe p\u00e5 engelsk<\/td>\n<\/tr>\n<\/tbody>\n<\/table>\n<p>&nbsp;<\/p>\n<p>Annet:<\/p>\n<p><strong>1) Messer i St. Ansgar menighet:<br \/>\n&#8211; l\u00f8rdag 24.06. <\/strong>er det messe p\u00e5 tagalog kl. 14.00 og p\u00e5 fransk kl. 16.00<br \/>\n&#8211; <strong>s\u00f8ndag 25.06. <\/strong>kl. 15.00 er det messe p\u00e5 engelsk<\/p>\n<p>&nbsp;<\/p>\n<p><strong>2) Messer andre steder <\/strong>p\u00e5 l\u00f8rdag 24.06.:<br \/>\n&#8211; i Lyngdal kl. 14.00 og i Flekkefjord kl. 16.00<\/p>\n<p>&nbsp;<\/p>\n<p><strong>3) <\/strong><strong>INNMELDING I KATEKESEN HAR N\u00c5 \u00c5PNET FOR KATEKESE\u00c5RET 2023\/2024<\/strong><\/p>\n<p><strong>a\/ Innmelding for 3., 8. og 9. trinn <\/strong><\/p>\n<p>Fra 4. juni ber vi foreldre om \u00e5 melde inn i katekesen F\u00f8rste Hellige Kommunions barn (3. trinn) og f\u00f8rste- og andre\u00e5rskonfirmanter (8. og 9. trinn) <strong><u>innen 27.08.<\/u><\/strong> ved \u00e5 bruke f\u00f8lgende lenker:<\/p>\n<ul>\n<li>F\u00f8rste Hellige Kommunion (3. trinn): <a href=\"https:\/\/forms.office.com\/r\/jwk3HqubwX\">https:\/\/forms.office.com\/r\/jwk3HqubwX<\/a><\/li>\n<li>F\u00f8rste- og andre\u00e5rskonfirmanter (8. og 9. trinn): <a href=\"https:\/\/forms.office.com\/r\/GiHCCRxM3N\">https:\/\/forms.office.com\/r\/GiHCCRxM3N<\/a><\/li>\n<\/ul>\n<p><strong>VIKTIG:<\/strong><br \/>\nFor 1. Hellige Kommunionsbarn er siste frist for \u00e5 begynne i katekesen <strong><u>l\u00f8rdag 9. september.<\/u><\/strong><br \/>\nFor f\u00f8rste- og andre\u00e5rskonfirmanter er siste frist for \u00e5 begynne i katekesen <strong><u>l\u00f8rdag 16. september.<\/u><\/strong><\/p>\n<p><strong>b\/ Innmelding for 1., 2, 4. &#8211; 7. trinn<\/strong><\/p>\n<p>For at vi kan organisere katekesen for neste katekese\u00e5r p\u00e5 best mulig m\u00e5te for alle barna, oppfordrer vi foreldre til \u00e5 melde inn barna i katekesen <strong><u>innen 27.08.<\/u><\/strong> ved \u00e5 bruke f\u00f8lgende lenke:<\/p>\n<ul>\n<li>, 2., 4.-7. trinn: <a href=\"https:\/\/forms.office.com\/r\/eLtgQhkcRe\">https:\/\/forms.office.com\/r\/eLtgQhkcRe<\/a><\/li>\n<\/ul>\n<p>&nbsp;<\/p>\n<p><strong>VIKTIG INNFORMASJON OM F\u00d8RSTE HELLIGE KOMMUNION<\/strong><\/p>\n<ul>\n<li>Barn fra og med 4. trinn og ungdommer som <strong><u>ikke<\/u><\/strong> har mottatt F\u00f8rste Hellige Kommunion, m\u00e5 begynne i F\u00f8rste Hellige Kommunionskatekesen p\u00e5 3. trinn. Bruk innmeldingsskjemaet: Innmelding 3. trinn \u2026<\/li>\n<\/ul>\n<p>Vi har sendt ut brev med posten til foreldre med barn p\u00e5 1., 3. og 8. trinn. Foreldre med barn p\u00e5 2., 4., 5., 6., 7., og 9. trinn som har g\u00e5tt i katekesen dette katekese\u00e5ret har f\u00e5tt mail om neste katekese\u00e5r. Alle brevene ligger ogs\u00e5 p\u00e5 menighetens nettside under fanene KATEKESE &#8211; INFORMASJON TIL FORELDRE.<\/p>\n<p><strong>4) &nbsp;NUKs Ministrant NM<\/strong><\/p>\n<p>Norges Unge Katolikker arrangerer ministrant NM for ministranter 6 &#8211; 13 \u00e5r i St. Franciskus Xaverius menighet i Arendal fra <em>torsdag 10.08. til s\u00f8ndag 13.08.<\/em><\/p>\n<p>Adresse: St. Franciskus Xaverius menighet\/skole, Kirkebakken 19, 4836 Arendal.<\/p>\n<p>Det er bare to lag per menighet. Hvert lag kan best\u00e5 av 4 &#8211; 6 deltakere, og hvert lag m\u00e5 ha \u00e9n gruppeleder&nbsp;som helst er over 18 \u00e5r.<\/p>\n<p>Hovedform\u00e5let med ministrantsamlingen er ikke \u00e5 konkurrere, men at ministranter fra hele landet skal m\u00f8tes for \u00e5 bli bedre kjent med liturgien og hverandre. Det oppfordres at ministranter mellom 6 &#8211; 13 \u00e5r deltar i NUKs Ministrant NM.<\/p>\n<p>Foreldre kan ta kontakt med sekret\u00e6ren i St. Ansgar menighet for \u00e5 melde p\u00e5 barnet sitt:tlf 975 94 787; e-post: <a href=\"mailto:kristiansand@katolsk.no\">kristiansand@katolsk.no<\/a>. P\u00e5meldingsfrist: 07.07.2023.<\/p>\n<p><strong>5) <\/strong>I juli og august er det ikke messer i Mandal, Lyngdal og Flekkefjord.<\/p>\n<p>&nbsp;<\/p>\n<p style=\"text-align: center;\"><strong>Alle er hjertelig velkommen til kirkekaffe. \u00d8nsker dere riktig god s\u00f8ndag!<\/strong><\/p>\n","protected":false},"excerpt":{"rendered":"<p>KUNNGJ\u00d8RINGER S\u00d8NDAG 18. JUNI 2023 Tirsdag 20.06. kl. kl. 17.30 18.00 Vesper Messe &#8211; etterfulgt av sakramentstilbedelse Onsdag 21.06. kl. 18.00 Messe Torsdag 22.06. kl. kl. 11.00 18.00 Messe Messe Fredag 23.06. kl. 18.00 Messe L\u00f8rdag &nbsp; &nbsp; &nbsp; &nbsp;&#8230;<br \/><a class=\"read-more-button\" href=\"https:\/\/stansgar.katolsk.no\/?p=12047\">Read more<\/a><\/p>\n","protected":false},"author":1,"featured_media":0,"comment_status":"open","ping_status":"open","sticky":false,"template":"","format":"standard","meta":{"footnotes":""},"categories":[482],"tags":[],"class_list":["post-12047","post","type-post","status-publish","format-standard","hentry","category-kunngjoringer"],"_links":{"self":[{"href":"https:\/\/stansgar.katolsk.no\/index.php?rest_route=\/wp\/v2\/posts\/12047","targetHints":{"allow":["GET"]}}],"collection":[{"href":"https:\/\/stansgar.katolsk.no\/index.php?rest_route=\/wp\/v2\/posts"}],"about":[{"href":"https:\/\/stansgar.katolsk.no\/index.php?rest_route=\/wp\/v2\/types\/post"}],"author":[{"embeddable":true,"href":"https:\/\/stansgar.katolsk.no\/index.php?rest_route=\/wp\/v2\/users\/1"}],"replies":[{"embeddable":true,"href":"https:\/\/stansgar.katolsk.no\/index.php?rest_route=%2Fwp%2Fv2%2Fcomments&post=12047"}],"version-history":[{"count":1,"href":"https:\/\/stansgar.katolsk.no\/index.php?rest_route=\/wp\/v2\/posts\/12047\/revisions"}],"predecessor-version":[{"id":12048,"href":"https:\/\/stansgar.katolsk.no\/index.php?rest_route=\/wp\/v2\/posts\/12047\/revisions\/12048"}],"wp:attachment":[{"href":"https:\/\/stansgar.katolsk.no\/index.php?rest_route=%2Fwp%2Fv2%2Fmedia&parent=12047"}],"wp:term":[{"taxonomy":"category","embeddable":true,"href":"https:\/\/stansgar.katolsk.no\/index.php?rest_route=%2Fwp%2Fv2%2Fcategories&post=12047"},{"taxonomy":"post_tag","embeddable":true,"href":"https:\/\/stansgar.katolsk.no\/index.php?rest_route=%2Fwp%2Fv2%2Ftags&post=12047"}],"curies":[{"name":"wp","href":"https:\/\/api.w.org\/{rel}","templated":true}]}}