{"id":12005,"date":"2023-06-11T09:54:17","date_gmt":"2023-06-11T07:54:17","guid":{"rendered":"https:\/\/stansgar.katolsk.no\/?p=12005"},"modified":"2023-06-09T09:56:48","modified_gmt":"2023-06-09T07:56:48","slug":"kunngjoringer-sondag-11-juni-2023","status":"publish","type":"post","link":"https:\/\/stansgar.katolsk.no\/?p=12005","title":{"rendered":"KUNNGJ\u00d8RINGER S\u00d8NDAG 11. JUNI 2023"},"content":{"rendered":"<p style=\"text-align: center;\"><strong>KUNNGJ\u00d8RINGER S\u00d8NDAG 11. JUNI 2023<\/strong><\/p>\n<table style=\"width: 593.734px;\">\n<tbody>\n<tr>\n<td style=\"width: 82px;\" rowspan=\"2\">Tirsdag<\/td>\n<td style=\"width: 80px;\" rowspan=\"2\">13.06.<\/td>\n<td style=\"width: 339.734px;\" colspan=\"3\">Minnedag: Den hellige Antonius av Padova<\/td>\n<\/tr>\n<tr>\n<td style=\"width: 67px;\">kl.<\/p>\n<p>kl.<\/td>\n<td style=\"width: 65px;\">17.30<\/p>\n<p>18.00<\/td>\n<td style=\"width: 207.734px;\">Vesper<\/p>\n<p>Messe &#8211; etterfulgt av sakramentstilbedelse<\/td>\n<\/tr>\n<tr>\n<td style=\"width: 82px;\">Onsdag<\/td>\n<td style=\"width: 80px;\">14.06<strong>.<\/strong><\/td>\n<td style=\"width: 67px;\">kl.<\/td>\n<td style=\"width: 65px;\">18.00<\/td>\n<td style=\"width: 207.734px;\">Messe p\u00e5 norsk<\/td>\n<\/tr>\n<tr>\n<td style=\"width: 82px;\">Torsdag<\/td>\n<td style=\"width: 80px;\">15.06.<\/td>\n<td style=\"width: 67px;\">kl.<\/p>\n<p>kl.<\/td>\n<td style=\"width: 65px;\">11.00<\/p>\n<p>18.00<\/td>\n<td style=\"width: 207.734px;\">Messe &#8211; etterfulgt av felles lunsj i Kiga.&nbsp;<\/p>\n<p>Messe<\/td>\n<\/tr>\n<tr>\n<td style=\"width: 82px;\" rowspan=\"2\">Fredag<\/td>\n<td style=\"width: 80px;\" rowspan=\"2\">16.06.<\/td>\n<td style=\"width: 339.734px;\" colspan=\"3\">H\u00f8ytid: JESU HJERTEFEST<\/td>\n<\/tr>\n<tr>\n<td style=\"width: 67px;\">kl.<\/td>\n<td style=\"width: 65px;\">18.00<\/td>\n<td style=\"width: 207.734px;\">Messe<\/td>\n<\/tr>\n<tr>\n<td style=\"width: 82px;\">L\u00f8rdag<\/td>\n<td style=\"width: 80px;\">17.06.<\/td>\n<td style=\"width: 67px;\">kl.<\/p>\n<p>kl.<\/p>\n<p>kl.<\/p>\n<p>kl.<\/td>\n<td style=\"width: 65px;\">12.30<\/p>\n<p>13.00<\/p>\n<p>14.00<\/p>\n<p>18.00<\/td>\n<td style=\"width: 207.734px;\">Rosenkransandakt<\/p>\n<p>Messe<\/p>\n<p>Messe p\u00e5 spansk<\/p>\n<p>Messe p\u00e5 polsk<\/td>\n<\/tr>\n<tr>\n<td style=\"width: 82px;\">S\u00f8ndag<\/td>\n<td style=\"width: 80px;\">18.06.<\/td>\n<td style=\"width: 339.734px;\" colspan=\"3\"><strong>11. S\u00d8NDAG I DET ALMINNELIGE KIRKE\u00c5R<\/strong><\/td>\n<\/tr>\n<tr>\n<td style=\"width: 82px;\">&nbsp;<\/td>\n<td style=\"width: 80px;\">&nbsp;<\/td>\n<td style=\"width: 67px;\">kl.<\/p>\n<p>kl.<\/p>\n<p>kl.<\/td>\n<td style=\"width: 65px;\">09.00<\/p>\n<p>11.00<\/p>\n<p>13.00<\/td>\n<td style=\"width: 207.734px;\">Messe p\u00e5 polsk<\/p>\n<p>Messe p\u00e5 norsk<\/p>\n<p>Messe p\u00e5 vietnamesisk<\/td>\n<\/tr>\n<\/tbody>\n<\/table>\n<p><strong>Annet:<\/strong><\/p>\n<p><strong>1) Messer i St. Ansgar p\u00e5 l\u00f8rdag:<br \/>\n<\/strong>&#8211; kl. 14.00&nbsp; er det messe p\u00e5 spansk<\/p>\n<p><strong>2) Felles lunsj p\u00e5 torsdagen<\/strong><\/p>\n<p>Felles lunsj p\u00e5 torsdag 15.06. er den siste f\u00f8r sommerferien. Den starter opp igjen i september.<\/p>\n<p><strong>3) INNMELDING I KATEKESEN HAR N\u00c5 \u00c5PNET FOR KATEKESE\u00c5RET 2023\/2024<\/strong><\/p>\n<p><strong>a\/ Innmelding for 3., 8. og 9. trinn <\/strong><\/p>\n<p>Fra 4. juni ber vi foreldre om \u00e5 melde inn i katekesen F\u00f8rste Hellige Kommunions barn (3. trinn) og f\u00f8rste- og andre\u00e5rskonfirmanter (8. og 9. trinn) <strong><u>innen 27.08.<\/u><\/strong> ved \u00e5 bruke f\u00f8lgende lenker:<\/p>\n<ul>\n<li>F\u00f8rste Hellige Kommunion (3. trinn): <a href=\"https:\/\/forms.office.com\/r\/jwk3HqubwX\">https:\/\/forms.office.com\/r\/jwk3HqubwX<\/a><\/li>\n<li>F\u00f8rste- og andre\u00e5rskonfirmanter (8. og 9. trinn): <a href=\"https:\/\/forms.office.com\/r\/GiHCCRxM3N\">https:\/\/forms.office.com\/r\/GiHCCRxM3N<\/a><\/li>\n<\/ul>\n<p><strong>VIKTIG:<\/strong><br \/>\nFor 1. Hellige Kommunionsbarn er siste frist for \u00e5 begynne i katekesen <strong><u>l\u00f8rdag 9. september.<\/u><\/strong><br \/>\nFor f\u00f8rste- og andre\u00e5rskonfirmanter er siste frist for \u00e5 begynne i katekesen <strong><u>l\u00f8rdag 16. september.<\/u><\/strong><br \/>\n<strong>b\/ Innmelding for 1., 2, 4. &#8211; 7. trinn<\/strong><\/p>\n<p>For at vi kan organisere katekesen for neste katekese\u00e5r p\u00e5 best mulig m\u00e5te for alle barna, oppfordrer vi foreldre til \u00e5 melde inn barna i katekesen <strong><u>innen 27.08.<\/u><\/strong> ved \u00e5 bruke f\u00f8lgende lenke:<\/p>\n<ul>\n<li>, 2., 4.-7. trinn: <a href=\"https:\/\/forms.office.com\/r\/eLtgQhkcRe\">https:\/\/forms.office.com\/r\/eLtgQhkcRe<\/a><\/li>\n<\/ul>\n<p><strong>4) L\u00f8rdag 17. juni<\/strong> arrangerer SAUL sommeravslutning. For mer info se menighetens nettside og oppslag i kirkens inngangsparti.<\/p>\n<p><strong>5)<\/strong> Menigheten takker alle hjertelig for deres engasjement, innsats og alle bidragene som vi fikk inn siste s\u00f8ndag p\u00e5 internasjonal dag. Vi har samlet inn kr. 42&nbsp;474.<\/p>\n<p style=\"text-align: center;\"><strong>Alle er hjertelig velkommen til kirkekaffe. \u00d8nsker dere riktig god s\u00f8ndag!<\/strong><\/p>\n","protected":false},"excerpt":{"rendered":"<p>KUNNGJ\u00d8RINGER S\u00d8NDAG 11. JUNI 2023 Tirsdag 13.06. Minnedag: Den hellige Antonius av Padova kl. kl. 17.30 18.00 Vesper Messe &#8211; etterfulgt av sakramentstilbedelse Onsdag 14.06. kl. 18.00 Messe p\u00e5 norsk Torsdag 15.06. kl. kl. 11.00 18.00 Messe &#8211; etterfulgt av&#8230;<br \/><a class=\"read-more-button\" href=\"https:\/\/stansgar.katolsk.no\/?p=12005\">Read more<\/a><\/p>\n","protected":false},"author":1,"featured_media":0,"comment_status":"open","ping_status":"open","sticky":false,"template":"","format":"standard","meta":{"footnotes":""},"categories":[482],"tags":[],"class_list":["post-12005","post","type-post","status-publish","format-standard","hentry","category-kunngjoringer"],"_links":{"self":[{"href":"https:\/\/stansgar.katolsk.no\/index.php?rest_route=\/wp\/v2\/posts\/12005","targetHints":{"allow":["GET"]}}],"collection":[{"href":"https:\/\/stansgar.katolsk.no\/index.php?rest_route=\/wp\/v2\/posts"}],"about":[{"href":"https:\/\/stansgar.katolsk.no\/index.php?rest_route=\/wp\/v2\/types\/post"}],"author":[{"embeddable":true,"href":"https:\/\/stansgar.katolsk.no\/index.php?rest_route=\/wp\/v2\/users\/1"}],"replies":[{"embeddable":true,"href":"https:\/\/stansgar.katolsk.no\/index.php?rest_route=%2Fwp%2Fv2%2Fcomments&post=12005"}],"version-history":[{"count":1,"href":"https:\/\/stansgar.katolsk.no\/index.php?rest_route=\/wp\/v2\/posts\/12005\/revisions"}],"predecessor-version":[{"id":12006,"href":"https:\/\/stansgar.katolsk.no\/index.php?rest_route=\/wp\/v2\/posts\/12005\/revisions\/12006"}],"wp:attachment":[{"href":"https:\/\/stansgar.katolsk.no\/index.php?rest_route=%2Fwp%2Fv2%2Fmedia&parent=12005"}],"wp:term":[{"taxonomy":"category","embeddable":true,"href":"https:\/\/stansgar.katolsk.no\/index.php?rest_route=%2Fwp%2Fv2%2Fcategories&post=12005"},{"taxonomy":"post_tag","embeddable":true,"href":"https:\/\/stansgar.katolsk.no\/index.php?rest_route=%2Fwp%2Fv2%2Ftags&post=12005"}],"curies":[{"name":"wp","href":"https:\/\/api.w.org\/{rel}","templated":true}]}}