{"id":11949,"date":"2023-06-02T13:28:15","date_gmt":"2023-06-02T11:28:15","guid":{"rendered":"https:\/\/stansgar.katolsk.no\/?p=11949"},"modified":"2023-06-02T13:28:16","modified_gmt":"2023-06-02T11:28:16","slug":"referat-fra-menighetsradsmote-31-05-2023","status":"publish","type":"post","link":"https:\/\/stansgar.katolsk.no\/?p=11949","title":{"rendered":"Referat fra menighetsr\u00e5dsm\u00f8te 31.05.2023"},"content":{"rendered":"\n<div class=\"wp-block-file\"><a href=\"https:\/\/stansgar.katolsk.no\/wp-content\/uploads\/2023\/06\/Referat-fra-MR-31.05.2023docx.pdf\">Referat-fra-MR-31.05.2023docx<\/a><a href=\"https:\/\/stansgar.katolsk.no\/wp-content\/uploads\/2023\/06\/Referat-fra-MR-31.05.2023docx.pdf\" class=\"wp-block-file__button\" download>Last ned<\/a><\/div>\n\n\n\n<p>Referat fra menighetsr\u00e5dsm\u00f8te med representanter fra spr\u00e5kgruppene<br>31.05.2023 kl. 18.45<br><br>Til stede fra menighetsr\u00e5det: P. Quang Tien Dang, P. Oliver, P. Pjotr Gasior, Xuat Minh Dang Sigrid Therese Kornbrekke, Victor Manuel Meza Munoz, Ane Ugland Alb\u00e6k, Lan Ngoc Nguyen,<br>Forfall fra menighetsr\u00e5det: Helen Maty, Kaja Kristine Tho, Lucyna Zawadzka, Jocelyn Augland, Wlodzimierz Dyzma<br><br>Representanter for spr\u00e5kgruppene og Caritas: Hoang Viet Nguyen, Carmen Gloria Diaz Fuentes, Jean Alb\u00e9rie Nyovu, Daline Habarugira, Jane Nelly Andrew<\/p>\n\n\n\n<p><strong>Sak 1 Godkjenning av innkalling og saksliste<\/strong><\/p>\n\n\n\n<p>Innkalling og saksliste er godkjent<\/p>\n\n\n\n<p><strong>Sak 2 Planlegge Corpus Christi 11.juni<\/strong><\/p>\n\n\n\n<ul class=\"wp-block-list\"><li>Tillatelse fra politi og kommune<\/li><\/ul>\n\n\n\n<p>Ela kontakter kommunen og Ane kontakter politiet<\/p>\n\n\n\n<ul class=\"wp-block-list\"><li>Hvilken rute vi skal g\u00e5 prosesjon<\/li><\/ul>\n\n\n\n<p>Kongensgate \u2013 Kirkegata \u2013 \u00d8stre Strandgate \u2013 Tresse \u2013 Festningen \u2013 Nupenkrukken (Gravane)<\/p>\n\n\n\n<ul class=\"wp-block-list\"><li>Alter. Hvem vil ha ansvar for alter og hvor skal de v\u00e6re<\/li><\/ul>\n\n\n\n<p>Alter 1: Ved festningsmuren \u2013 vietnamesisk gruppe<\/p>\n\n\n\n<p>Alter 2: I tresse (ved siden av minnesmerke) \u2013 engelsk gruppe<\/p>\n\n\n\n<p>Alter 3: Ved Nupenkrukken i Gravane \u2013 polsk gruppe<\/p>\n\n\n\n<p>Alter 4: Ved St. Ansgar kirke \u2013 norsk og andre sm\u00e5 gruppene<\/p>\n\n\n\n<p><strong>Det 4.alteret trenger paller, gulvbelegg og telt. Xuat sp\u00f8r om noen av vietnameserne kan hjelpe med \u00e5 sette opp dette. Ane finner folk som kan pynte.<\/strong><\/p>\n\n\n\n<ul class=\"wp-block-list\"><li>Prosesjon<ul><li>Vakt \u2013 Hoang og Xuat finner 8 personer som skal v\u00e6re vakter under prosesjonen<\/li><\/ul><ul><li>H\u00f8yttaler \u2013 eritreerne b\u00e6rer h\u00f8yttalerne under prosesjonen<\/li><\/ul><ul><li>Baldakin \u2013 Polsk og evt irakisk gruppe b\u00e6rer baldakinen<\/li><\/ul><ul><li>Ministranter<\/li><\/ul><ul><li>Sanger under prosesjonen \u2013 eget sanghefte med nummererte sanger. Ane annonserer hvilke sanger som skal synges under prosesjonen<\/li><\/ul><ul><li><strong>Alle som skal synge p\u00e5 sitt spr\u00e5k M\u00c5 v\u00e6re rett bak baldakinen. Der f\u00e5r de mikrofoner av Ane<\/strong><\/li><\/ul><\/li><\/ul>\n\n\n\n<ul class=\"wp-block-list\"><li>Ved alterene<ul><li>Korene synger sanger p\u00e5 eget spr\u00e5k<\/li><\/ul><ul><li>Presten setter monstransen p\u00e5 alteret<\/li><\/ul><ul><li>R\u00f8kelse<\/li><\/ul><ul><li>Evangeliet, deretter kort preken p\u00e5 eget spr\u00e5k<\/li><\/ul><ul><li>Forb\u00f8nner p\u00e5 norsk<\/li><\/ul><ul><li>Tantum ergo<\/li><\/ul><ul><li>B\u00f8nn og velsignelse<\/li><\/ul><\/li><li>Etterp\u00e5: Caritas organiserer salg av mat\/kirkekaffe.<\/li><\/ul>\n\n\n\n<p><strong>Sak 4 Eventuelt<\/strong><\/p>\n\n\n\n<p>Pilegrimstur til Bykle gamle kirke for alle i menigheten. L\u00f8rdag 30. september. P\u00e5meldingsfrist 15. september. Leie buss. 50 kr vippses ved p\u00e5melding til eget Vippsnummer. Bussreisen brukes til retrett-aktivitet. N\u00e5r vi kommer frem f\u00e5r vi informasjon om den gamle tidligere katolske kirken og har messe i kirken. Alle tar med sin egen mat. Det lages oppslag og det annonseres i St. Ansgar Nytt. Innhold for dagen blir mer spesifisert etter hvert.<\/p>\n\n\n\n<p>Sigrid Therese Kornbrekke<br>referent<\/p>\n","protected":false},"excerpt":{"rendered":"<p>Referat fra menighetsr\u00e5dsm\u00f8te med representanter fra spr\u00e5kgruppene31.05.2023 kl. 18.45 Til stede fra menighetsr\u00e5det: P. Quang Tien Dang, P. Oliver, P. Pjotr Gasior, Xuat Minh Dang Sigrid Therese Kornbrekke, Victor Manuel Meza Munoz, Ane Ugland Alb\u00e6k, Lan Ngoc Nguyen,Forfall fra menighetsr\u00e5det:&#8230;<br \/><a class=\"read-more-button\" href=\"https:\/\/stansgar.katolsk.no\/?p=11949\">Read more<\/a><\/p>\n","protected":false},"author":1,"featured_media":0,"comment_status":"open","ping_status":"open","sticky":false,"template":"","format":"standard","meta":{"footnotes":""},"categories":[493],"tags":[],"class_list":["post-11949","post","type-post","status-publish","format-standard","hentry","category-menighetsradsmote"],"_links":{"self":[{"href":"https:\/\/stansgar.katolsk.no\/index.php?rest_route=\/wp\/v2\/posts\/11949","targetHints":{"allow":["GET"]}}],"collection":[{"href":"https:\/\/stansgar.katolsk.no\/index.php?rest_route=\/wp\/v2\/posts"}],"about":[{"href":"https:\/\/stansgar.katolsk.no\/index.php?rest_route=\/wp\/v2\/types\/post"}],"author":[{"embeddable":true,"href":"https:\/\/stansgar.katolsk.no\/index.php?rest_route=\/wp\/v2\/users\/1"}],"replies":[{"embeddable":true,"href":"https:\/\/stansgar.katolsk.no\/index.php?rest_route=%2Fwp%2Fv2%2Fcomments&post=11949"}],"version-history":[{"count":1,"href":"https:\/\/stansgar.katolsk.no\/index.php?rest_route=\/wp\/v2\/posts\/11949\/revisions"}],"predecessor-version":[{"id":11951,"href":"https:\/\/stansgar.katolsk.no\/index.php?rest_route=\/wp\/v2\/posts\/11949\/revisions\/11951"}],"wp:attachment":[{"href":"https:\/\/stansgar.katolsk.no\/index.php?rest_route=%2Fwp%2Fv2%2Fmedia&parent=11949"}],"wp:term":[{"taxonomy":"category","embeddable":true,"href":"https:\/\/stansgar.katolsk.no\/index.php?rest_route=%2Fwp%2Fv2%2Fcategories&post=11949"},{"taxonomy":"post_tag","embeddable":true,"href":"https:\/\/stansgar.katolsk.no\/index.php?rest_route=%2Fwp%2Fv2%2Ftags&post=11949"}],"curies":[{"name":"wp","href":"https:\/\/api.w.org\/{rel}","templated":true}]}}