{"id":11913,"date":"2023-05-28T10:01:27","date_gmt":"2023-05-28T08:01:27","guid":{"rendered":"https:\/\/stansgar.katolsk.no\/?p=11913"},"modified":"2023-05-26T15:00:23","modified_gmt":"2023-05-26T13:00:23","slug":"kunngjoringer-sondag-28-mai-2023","status":"publish","type":"post","link":"https:\/\/stansgar.katolsk.no\/?p=11913","title":{"rendered":"KUNNGJ\u00d8RINGER S\u00d8NDAG 28. MAI 2023"},"content":{"rendered":"<p style=\"text-align: center;\"><strong>KUNNGJ\u00d8RINGER S\u00d8NDAG 28. MAI 2023<\/strong><\/p>\n<table style=\"width: 662.266px;\">\n<tbody>\n<tr>\n<td style=\"width: 68px;\">Mandag<\/p>\n<p>&nbsp;<\/p>\n<p>&nbsp;<\/p>\n<p>Tirsdag<\/td>\n<td style=\"width: 81px;\">29.05<\/p>\n<p>&nbsp;<\/p>\n<p>&nbsp;<\/p>\n<p>30.05<strong>.<\/strong><\/td>\n<td style=\"width: 59px;\">&nbsp;<\/p>\n<p>kl.<\/p>\n<p>kl.<\/p>\n<p>kl.<\/p>\n<p>kl.<\/td>\n<td style=\"width: 55px;\">&nbsp;<\/p>\n<p>09.00<\/p>\n<p>11.00<\/p>\n<p>17.30<\/p>\n<p>18.00<\/td>\n<td style=\"width: 307.266px;\">2. pinsedag- Den salige Jomfru Maria, Kirkens mor<\/p>\n<p>Messe p\u00e5 polsk<\/p>\n<p>Messe p\u00e5 norsk<\/p>\n<p>Vesper<br \/>\nMesse &#8211; etterfulgt av sakramentstilbedelse<\/td>\n<\/tr>\n<tr>\n<td style=\"width: 68px;\" rowspan=\"2\">Onsdag<\/td>\n<td style=\"width: 81px;\" rowspan=\"2\">31.05<strong>.<\/strong><\/td>\n<td style=\"width: 421.266px;\" colspan=\"3\">Fest: Jomfru Marias gjesting hos Elisabeth<\/td>\n<\/tr>\n<tr>\n<td style=\"width: 59px;\">kl.<\/p>\n<p>kl.<\/td>\n<td style=\"width: 55px;\">17.30<\/p>\n<p>18.00<\/td>\n<td style=\"width: 307.266px;\">Rosenkransandakt p\u00e5 vietnamesisk<\/p>\n<p>Messe p\u00e5 norsk<\/td>\n<\/tr>\n<tr>\n<td style=\"width: 68px;\">Torsdag<\/td>\n<td style=\"width: 81px;\">01.06.<\/td>\n<td style=\"width: 59px;\">kl.<\/p>\n<p>&nbsp;<\/p>\n<p>&nbsp;<\/p>\n<p>kl.<\/td>\n<td style=\"width: 55px;\">11.00<\/p>\n<p>&nbsp;<\/p>\n<p>&nbsp;<\/p>\n<p>18.00<\/td>\n<td style=\"width: 307.266px;\">Messe &#8211; etterfulgt av felles lunsj i Kiga.&nbsp; Etter messen er det stille tilbedelse fram til kl. 17.45. Vi ber spesielt for kall til ordenslivet og presteskapet.<\/p>\n<p>Messe<\/td>\n<\/tr>\n<tr>\n<td style=\"width: 68px;\">Fredag<\/td>\n<td style=\"width: 81px;\">02.06.<\/td>\n<td style=\"width: 59px;\">kl.<\/p>\n<p>kl.<\/td>\n<td style=\"width: 55px;\">17.00<\/p>\n<p>18.00<\/td>\n<td style=\"width: 307.266px;\">Sakramentstilbedelse \u2013 Skriftem\u00e5l under tilbedelsen<\/p>\n<p>Messe<\/td>\n<\/tr>\n<tr>\n<td style=\"width: 68px;\">L\u00f8rdag<\/td>\n<td style=\"width: 81px;\">03.06.<\/td>\n<td style=\"width: 59px;\">kl.<\/p>\n<p>kl.<\/td>\n<td style=\"width: 55px;\">13.00<\/p>\n<p>18.00<\/td>\n<td style=\"width: 307.266px;\">Katekesemesse<\/p>\n<p>Messe p\u00e5 polsk<\/td>\n<\/tr>\n<tr>\n<td style=\"width: 68px;\">S\u00f8ndag<\/td>\n<td style=\"width: 81px;\">04.06.<\/td>\n<td style=\"width: 421.266px;\" colspan=\"3\"><strong>DEN HELLIGE TREENIGHET<\/strong><\/td>\n<\/tr>\n<tr>\n<td style=\"width: 68px;\">&nbsp;<\/p>\n<p>&nbsp;<\/p>\n<p>Ander steder<\/td>\n<td style=\"width: 81px;\">&nbsp;<\/td>\n<td style=\"width: 59px;\">kl.<\/p>\n<p>kl.<\/p>\n<p>&nbsp;<\/p>\n<p>kl.<\/td>\n<td style=\"width: 55px;\">11.00<\/p>\n<p>15.00<\/p>\n<p>&nbsp;<\/p>\n<p>14.00<\/td>\n<td style=\"width: 307.266px;\">Messe p\u00e5 norsk<\/p>\n<p>Messe p\u00e5 kaldeisk<\/p>\n<p>&nbsp;<\/p>\n<p>Messe p\u00e5 engelsk med p. Boie, Lyngdal kirkesenter<\/td>\n<\/tr>\n<\/tbody>\n<\/table>\n<p><strong>Annet:<\/strong><\/p>\n<p><strong>1)<\/strong> Messer i St. Ansgar<br \/>\n&#8211; Mandag 29. mai feirer vi andre pinsedag. Det blir messe kl. 9.00 p\u00e5 polsk og kl. 11.00 p\u00e5 norsk.<br \/>\n&#8211; S\u00f8ndag 4. juni er det messe p\u00e5 kaldeisk kl. 15.00.<\/p>\n<p><strong>2)<\/strong> Messe andre steder p\u00e5 s\u00f8ndag 4. juni:<br \/>\nLyngdal kirkesenter kl. 14.00 p\u00e5 engelsk med p. Boie.<\/p>\n<p>&nbsp;<\/p>\n<p><strong>3)<\/strong> Alt kollekt fra i dag g\u00e5r til Ukrainas Caritas. Caritas vil \u00f8remerke v\u00e5rt bidrag til mat- og hygienepakker til de mest trengende. Behovet for slik prim\u00e6rhjelp er stort, og vil bli st\u00f8rre.<br \/>\nP\u00e5 forh\u00e5nd takk for deres raushet.<\/p>\n<p>&nbsp;<\/p>\n<p><strong>4) Katekese l\u00f8rdag 3. juni<\/strong><\/p>\n<p>Det er avslutning i katekesen for alle klassene l\u00f8rdag 3. juni.<\/p>\n<p>Kl. 10.00 &#8211; 14.00: katekese for 1., 2., 3., og 4. trinn.<\/p>\n<p>Kl. 13.00 &#8211; 14.00: katekesemesse for 1. til 9. trinn<\/p>\n<p>Kl. 14.00 &#8211; 17.00: katekese for 5., 6., 7., 8. og 9. trinn<\/p>\n<p>Vi takker alle foreldrene som har sendt sine barn til messen og katekesen for \u00e5 l\u00e6re mer om Jesus og \u00e5 leve troen, v\u00e5r katolske tro.<\/p>\n<p><strong>&nbsp;<\/strong><\/p>\n<p><strong>5)<\/strong> <strong>S\u00f8ndag 04.06: Internasjonal dag i menigheten<\/strong><\/p>\n<p>S\u00f8ndag 4. juni feirer vi i menigheten internasjonal dag. <strong>Det er bare en messe kl. 11.00.<\/strong><\/p>\n<p>Alle er invitert til dagen for \u00e5 takke Gud som samler oss fra alle folkeslag til ett folk i Jesus Kristus.<\/p>\n<p>Etter messen er det mat og underholdning ute. Vi synger og danser, og vi har underholdning og internasjonal mat. Alle er velkomne.<\/p>\n<p>&nbsp;<\/p>\n<p><strong>6)<\/strong> Torsdag 1. juni kl. 18.45 er det troskurs.<\/p>\n<p>&nbsp;<\/p>\n<p><strong>7)<\/strong> 27. og 28. mai selger s\u00f8strene fra St. Elisabeth kloster i Belarus sine produkter i inngangshallen.&nbsp;<\/p>\n<p>&nbsp;<\/p>\n<p style=\"text-align: center;\"><strong>Alle er hjertelig velkommen til kirkekaffe. \u00d8nsker dere riktig god s\u00f8ndag!<\/strong><\/p>\n","protected":false},"excerpt":{"rendered":"<p>KUNNGJ\u00d8RINGER S\u00d8NDAG 28. MAI 2023 Mandag &nbsp; &nbsp; Tirsdag 29.05 &nbsp; &nbsp; 30.05. &nbsp; kl. kl. kl. kl. &nbsp; 09.00 11.00 17.30 18.00 2. pinsedag- Den salige Jomfru Maria, Kirkens mor Messe p\u00e5 polsk Messe p\u00e5 norsk Vesper Messe &#8211;&#8230;<br \/><a class=\"read-more-button\" href=\"https:\/\/stansgar.katolsk.no\/?p=11913\">Read more<\/a><\/p>\n","protected":false},"author":1,"featured_media":0,"comment_status":"open","ping_status":"open","sticky":false,"template":"","format":"standard","meta":{"footnotes":""},"categories":[482],"tags":[],"class_list":["post-11913","post","type-post","status-publish","format-standard","hentry","category-kunngjoringer"],"_links":{"self":[{"href":"https:\/\/stansgar.katolsk.no\/index.php?rest_route=\/wp\/v2\/posts\/11913","targetHints":{"allow":["GET"]}}],"collection":[{"href":"https:\/\/stansgar.katolsk.no\/index.php?rest_route=\/wp\/v2\/posts"}],"about":[{"href":"https:\/\/stansgar.katolsk.no\/index.php?rest_route=\/wp\/v2\/types\/post"}],"author":[{"embeddable":true,"href":"https:\/\/stansgar.katolsk.no\/index.php?rest_route=\/wp\/v2\/users\/1"}],"replies":[{"embeddable":true,"href":"https:\/\/stansgar.katolsk.no\/index.php?rest_route=%2Fwp%2Fv2%2Fcomments&post=11913"}],"version-history":[{"count":1,"href":"https:\/\/stansgar.katolsk.no\/index.php?rest_route=\/wp\/v2\/posts\/11913\/revisions"}],"predecessor-version":[{"id":11914,"href":"https:\/\/stansgar.katolsk.no\/index.php?rest_route=\/wp\/v2\/posts\/11913\/revisions\/11914"}],"wp:attachment":[{"href":"https:\/\/stansgar.katolsk.no\/index.php?rest_route=%2Fwp%2Fv2%2Fmedia&parent=11913"}],"wp:term":[{"taxonomy":"category","embeddable":true,"href":"https:\/\/stansgar.katolsk.no\/index.php?rest_route=%2Fwp%2Fv2%2Fcategories&post=11913"},{"taxonomy":"post_tag","embeddable":true,"href":"https:\/\/stansgar.katolsk.no\/index.php?rest_route=%2Fwp%2Fv2%2Ftags&post=11913"}],"curies":[{"name":"wp","href":"https:\/\/api.w.org\/{rel}","templated":true}]}}