{"id":119,"date":"2018-03-26T15:31:00","date_gmt":"2018-03-26T13:31:00","guid":{"rendered":"http:\/\/stansgar.katolsk.no\/index.php\/2018\/03\/26\/ogoszenia-duszpasterstwa-polskiego-w-3\/"},"modified":"2018-10-12T09:12:16","modified_gmt":"2018-10-12T07:12:16","slug":"ogoszenia-duszpasterstwa-polskiego-w-3","status":"publish","type":"post","link":"https:\/\/stansgar.katolsk.no\/?p=119","title":{"rendered":"Og\u0142oszenia duszpasterstwa polskiego  w parafii \u015bw. Ansgara w Kristiansand"},"content":{"rendered":"<p><\/p>\n<div align=\"center\" style=\"line-height: normal; margin-bottom: .0001pt; margin-bottom: 0cm; text-align: center;\">\n<\/div>\n<div align=\"center\" style=\"line-height: normal; margin-bottom: .0001pt; margin-bottom: 0cm; text-align: center;\">\n<b>Triduum Paschalne i Wielkanoc 2018<\/b><\/div>\n<div style=\"line-height: normal; margin-bottom: .0001pt; margin-bottom: 0cm;\">\n<b><i><u>Wielki Czwartek <\/u><\/i><\/b><b><i>(29.03.2018)<\/i><\/b><\/div>\n<div style=\"line-height: normal; margin-bottom: .0001pt; margin-bottom: 0cm;\">\n12.00 &#8211; 14.00 okazja do spowiedzi<br \/>\n\u015bw. w j\u0119z. polskim<\/div>\n<div style=\"line-height: normal; margin-bottom: .0001pt; margin-bottom: 0cm;\">\n\u2013 <b>18.00 Msza \u015bwi\u0119ta Wieczerzy Pa\u0144skiej w j\u0119z. norweskim<\/b><\/div>\n<div style=\"line-height: normal; margin-bottom: .0001pt; margin-bottom: 0cm;\">\npo mszy \u015bw. nabo\u017ce\u0144stwo i adoracja<br \/>\nNaj\u015bw. Sakramentu \u2013 w j\u0119z. polskim od 22.00 do 22.45<\/div>\n<div style=\"line-height: normal; margin-bottom: .0001pt; margin-bottom: 0cm;\">\n<\/div>\n<div style=\"line-height: normal; margin-bottom: .0001pt; margin-bottom: 0cm;\">\n<b><i><u>Wielki Pi\u0105tek <\/u><\/i><\/b><b><i>(30.03.2018) \u2013 przypada post<br \/>\n\u015bcis\u0142y<\/i><\/b><\/div>\n<div style=\"line-height: normal; margin-bottom: .0001pt; margin-bottom: 0cm;\">\n10.00 &#8211; 12.00 okazja do spowiedzi<br \/>\n\u015bw. po polsku<\/div>\n<div style=\"line-height: normal; margin-bottom: .0001pt; margin-bottom: 0cm;\">\n<b>15.00 Ceremonie Wielkiego Pi\u0105tku (po norwesku)<\/b><\/div>\n<div style=\"line-height: normal; margin-bottom: .0001pt; margin-bottom: 0cm;\">\n19.00 &#8211; 20.00 Adoracja Krzy\u017ca, modlitwy<br \/>\ni czuwanie przy Grobie Pa\u0144skim w j\u0119z. polskim<\/div>\n<div style=\"line-height: normal; margin-bottom: .0001pt; margin-bottom: 0cm;\">\n20.00 \u2013 22.00 okazja do spowiedzi<br \/>\n\u015bw. po polsku <\/div>\n<div style=\"line-height: normal; margin-bottom: .0001pt; margin-bottom: 0cm;\">\n<\/div>\n<div style=\"line-height: normal; margin-bottom: .0001pt; margin-bottom: 0cm;\">\n<b><i><u>Wielka Sobota <\/u><\/i><\/b><b><i>(31.03.2018)<\/i><\/b><\/div>\n<div style=\"line-height: normal; margin-bottom: .0001pt; margin-bottom: 0cm;\">\n11.00, 12.00, 13.00 &#8211; \u015awi\u0119cenie<br \/>\npokarm\u00f3w wielkanocnych<\/div>\n<div style=\"line-height: normal; margin-bottom: .0001pt; margin-bottom: 0cm;\">\nZach\u0119camy do Adoracji Krzy\u017ca i<br \/>\nmodlitwy przy Grobie Pa\u0144skim<\/div>\n<div style=\"line-height: normal; margin-bottom: .0001pt; margin-bottom: 0cm;\">\n<b>21.00 Wigilia Paschalna (po<br \/>\nnorwesku)<\/b><\/div>\n<div style=\"line-height: normal; margin-bottom: .0001pt; margin-bottom: 0cm;\">\n<\/div>\n<div style=\"line-height: normal; margin-bottom: .0001pt; margin-bottom: 0cm;\">\n<b><i><u>Niedziela Zmartwychwstania Pa\u0144skiego <\/u><\/i><\/b><b><i>(01.04.2018)<\/i><\/b><\/div>\n<div style=\"line-height: normal; margin-bottom: .0001pt; margin-bottom: 0cm;\">\n<b>9.15. Msza \u015bw. w j\u0119z. polskim<\/b><\/div>\n<div style=\"line-height: normal; margin-bottom: .0001pt; margin-bottom: 0cm;\">\n<\/div>\n<div style=\"line-height: normal; margin-bottom: .0001pt; margin-bottom: 0cm;\">\n<b><i><u>Poniedzia\u0142ek<br \/>\nWielkanocny<\/u><\/i><\/b><b><i> (02.04.2018)<\/i><\/b><b><u><br \/>\n<\/u><\/b><b style=\"mso-bidi-font-weight: normal;\">9.15. Msza \u015bw. w j\u0119z. polskim<\/b><b style=\"mso-bidi-font-weight: normal;\"><\/b><\/div>\n<div style=\"line-height: normal; margin-bottom: .0001pt; margin-bottom: 0cm;\">\n<a href=\"https:\/\/www.blogger.com\/null\" name=\"__DdeLink__59_1539704505\"><\/a><u>Mandal<\/u><br \/>\n&#8211; <b style=\"mso-bidi-font-weight: normal;\">14.00 Msza \u015bw. w j\u0119z. polskim<\/b><b style=\"mso-bidi-font-weight: normal;\"><\/b><\/div>\n<p><\/p>\n","protected":false},"excerpt":{"rendered":"<p>Triduum Paschalne i Wielkanoc 2018 Wielki Czwartek (29.03.2018) 12.00 &#8211; 14.00 okazja do spowiedzi \u015bw. w j\u0119z. polskim \u2013 18.00 Msza \u015bwi\u0119ta Wieczerzy Pa\u0144skiej w j\u0119z. norweskim po mszy \u015bw. nabo\u017ce\u0144stwo i adoracja Naj\u015bw. Sakramentu \u2013 w j\u0119z. polskim od&#8230;<br \/><a class=\"read-more-button\" href=\"https:\/\/stansgar.katolsk.no\/?p=119\">Read more<\/a><\/p>\n","protected":false},"author":3,"featured_media":0,"comment_status":"open","ping_status":"open","sticky":false,"template":"","format":"standard","meta":{"footnotes":""},"categories":[1],"tags":[26,15],"class_list":["post-119","post","type-post","status-publish","format-standard","hentry","category-ukategorisert","tag-paske","tag-polsk"],"_links":{"self":[{"href":"https:\/\/stansgar.katolsk.no\/index.php?rest_route=\/wp\/v2\/posts\/119","targetHints":{"allow":["GET"]}}],"collection":[{"href":"https:\/\/stansgar.katolsk.no\/index.php?rest_route=\/wp\/v2\/posts"}],"about":[{"href":"https:\/\/stansgar.katolsk.no\/index.php?rest_route=\/wp\/v2\/types\/post"}],"author":[{"embeddable":true,"href":"https:\/\/stansgar.katolsk.no\/index.php?rest_route=\/wp\/v2\/users\/3"}],"replies":[{"embeddable":true,"href":"https:\/\/stansgar.katolsk.no\/index.php?rest_route=%2Fwp%2Fv2%2Fcomments&post=119"}],"version-history":[{"count":1,"href":"https:\/\/stansgar.katolsk.no\/index.php?rest_route=\/wp\/v2\/posts\/119\/revisions"}],"predecessor-version":[{"id":1626,"href":"https:\/\/stansgar.katolsk.no\/index.php?rest_route=\/wp\/v2\/posts\/119\/revisions\/1626"}],"wp:attachment":[{"href":"https:\/\/stansgar.katolsk.no\/index.php?rest_route=%2Fwp%2Fv2%2Fmedia&parent=119"}],"wp:term":[{"taxonomy":"category","embeddable":true,"href":"https:\/\/stansgar.katolsk.no\/index.php?rest_route=%2Fwp%2Fv2%2Fcategories&post=119"},{"taxonomy":"post_tag","embeddable":true,"href":"https:\/\/stansgar.katolsk.no\/index.php?rest_route=%2Fwp%2Fv2%2Ftags&post=119"}],"curies":[{"name":"wp","href":"https:\/\/api.w.org\/{rel}","templated":true}]}}