{"id":11876,"date":"2023-05-16T11:09:51","date_gmt":"2023-05-16T09:09:51","guid":{"rendered":"https:\/\/stansgar.katolsk.no\/?p=11876"},"modified":"2023-05-16T11:09:52","modified_gmt":"2023-05-16T09:09:52","slug":"referat-menighetsradsmote-10-mai-2023","status":"publish","type":"post","link":"https:\/\/stansgar.katolsk.no\/?p=11876","title":{"rendered":"Referat menighetsr\u00e5dsm\u00f8te 10. mai 2023"},"content":{"rendered":"\n<div class=\"wp-block-file\"><a href=\"https:\/\/stansgar.katolsk.no\/wp-content\/uploads\/2023\/05\/Referat-fra-menighetsra\u030adsm\u00f8te-10.05.2023.pdf\">Referat-fra-menighetsra\u030adsm\u00f8te-10.05.2023<\/a><a href=\"https:\/\/stansgar.katolsk.no\/wp-content\/uploads\/2023\/05\/Referat-fra-menighetsra\u030adsm\u00f8te-10.05.2023.pdf\" class=\"wp-block-file__button\" download>Last ned<\/a><\/div>\n\n\n\n<p>Referat fra menighetsr\u00e5dsm\u00f8te onsdag 10.mai 2023<\/p>\n\n\n\n<p>St. Ansgar menighet<\/p>\n\n\n\n<p><strong>Til stede fra menighetsr\u00e5det:<\/strong> P. Quang Tien Dang, P. Oliver Obinna Izuogu, Sigrid Therese Kornbrekke, Victor Manuel Meza Munoz, Lucyna Zawadzka (zoom),&nbsp; Jocelyn Augland, Wlodzimierz Dyzma, Ane Ugland Alb\u00e6k<\/p>\n\n\n\n<p><strong>Forfall fra menighetsr\u00e5det:<\/strong> P.&nbsp; Piotr Gasior, Xuat Minh Dang, Helen Maty, Lan Ngoc Nguyen, Kaja Kristine Tho<\/p>\n\n\n\n<p>Representanter for forskjellige grupper til stede:<\/p>\n\n\n\n<ul class=\"wp-block-list\"><li>vietnamesisk gruppe: Hoang Kimchi og Van,<\/li><li>tamilsk gruppe: Fabiola Murugiah,<\/li><li>&nbsp;(er ikke gruppe lenger)<\/li><li>eritreisk gruppe: Mateus Yuwalden og Yorusalem Kibraeb,<\/li><li>fransk gruppe: Jean Alberic Nyovu,<\/li><li>spansk gruppe: Victor Manuel Meza Munoz,<\/li><li>filippinsk gruppe: Jocelyn Augland,<\/li><li>engelsk gruppe: Jane Nelly Andrew og Martin Osunwa<\/li><li>Caritas: Mogens Alb\u00e6k.<\/li><\/ul>\n\n\n\n<p><strong>Sak 1 Godkjenning innkalling\/saksliste<\/strong><\/p>\n\n\n\n<p>Innkalling og saksliste er godkjent<\/p>\n\n\n\n<p><strong>Sak 2 Informasjon<\/strong><\/p>\n\n\n\n<ul class=\"wp-block-list\"><li>Informasjon om synodal prosess, frist til \u00e5 svare\/komme med innspill om temaet DELTAKELSE er midten av mai. Sp\u00f8rsm\u00e5lene ligger p\u00e5 nettsiden<\/li><li>Kristi himmelfartsdag, 18. mai p\u00e5 Stella Maris, messe kl. 12. Etter messen er det felles piknik; alle tar med mat. Den vietnamesiske gruppen unders\u00f8ker om de kan ordne med felles &nbsp;grill<\/li><li>Mur mot naboeiendommen i g\u00e5rden restaureres<\/li><\/ul>\n\n\n\n<p><strong>Sak 3 Internasjonal dag s\u00f8ndag 4.juni<\/strong><\/p>\n\n\n\n<p><strong>Evaluering fra internasjonal dag i fjor<\/strong>: Reservere plass for korene i kirka. Rigge bord i tide, sette tilbake bord og stoler der de ble funnet,&nbsp; ikke begynne matsalg &nbsp;f\u00f8r maten er blitt velsignet, mer drikke til salgs p\u00e5 de forskjellige bordene, ikke pakk sammen selv om maten er utsolgt, underholdning spres mer utover i tid, \u00f8nsker mer felles dans, kan gjerne selge andre ting enn mat, evt. ogs\u00e5 loddsalg<\/p>\n\n\n\n<p><strong>S\u00f8ke tillatelse fra politiet og kommunen om stenging av gata.<\/strong><\/p>\n\n\n\n<p>Ane s\u00f8ker politiet om tillatelse. Det s\u00f8kes om l\u00e5n av bukker og sperreb\u00e5nd fra kommunen for \u00e5 hindre at biler parkerer der f\u00f8r arrangementet.<\/p>\n\n\n\n<p><strong>Bannere \u00abInternasjonal dag\u00bb.<\/strong><\/p>\n\n\n\n<p>Vaktmester og vietnamesisk gruppe henger dem opp.<\/p>\n\n\n\n<p><strong>Vakter til \u00e5 passe boder\/mat<\/strong><\/p>\n\n\n\n<p>Grupper som selger mat &nbsp;m\u00e5 ha noen&nbsp; til \u00e5 passe p\u00e5 bordet under messen.<\/p>\n\n\n\n<p><strong>Telt og h\u00f8yttaleranlegg.<\/strong><\/p>\n\n\n\n<p>Vietnamesisk gruppe ordner.<\/p>\n\n\n\n<p><strong>Rigging av bord.<\/strong><\/p>\n\n\n\n<p>Alle m\u00e5 ordne sine bord. Menigheten har kj\u00f8pt 18 nye plastbord til utend\u00f8rs bruk. Trengs flere bord kan de hentes i Menighetssalen, men de m\u00e5 settes tilbake dit etter bruk.<\/p>\n\n\n\n<p><strong>Rydding<\/strong><\/p>\n\n\n\n<p>Alle hjelper \u00e5 rydde. Ingen begynner \u00e5 rydde sine bord f\u00f8r kl. 15.00 selv om all mat er utsolgt \u2013 senest kl. 16.00.<\/p>\n\n\n\n<p><strong>S\u00f8ppel.<\/strong><\/p>\n\n\n\n<p>Vi skaffer &nbsp;s\u00f8ppelsekker til alle bordene.<\/p>\n\n\n\n<p><strong>Matsalg<\/strong><\/p>\n\n\n\n<p>Hver gruppe kj\u00f8per inn det de trenger av tallerkener, bestikk, servietter, papirduk, osv. Fint om hvert bord handler inn drikke for salg eller serverer vann.<\/p>\n\n\n\n<p>Penger til dette kan tas av det inntjente bel\u00f8pet eller levere kvittering til Ela p\u00e5 menighetskontoret. Penger for salg kan betales inn til Vipps og kontant. Plakat om vipps konto nr lages. Kontanter leveres til Ane eller Sigrid (som leverer til kontoret)<\/p>\n\n\n\n<p><strong>F\u00f8lgende grupper \u00f8nsker bord:<\/strong> Engelsk gruppe,&nbsp; Fransk gruppe, &#8211; Vietnamesisk gruppe,&nbsp; Polsk gruppe,&nbsp; &#8211; Filippinsk gruppe, Spansk gruppe, Caritas\/kakebord. Eritreisk gruppe og midt\u00f8sten gir tilbakemelding etter hvert. Andre som ikke er nevnt her er ogs\u00e5 velkomne til<br>\u00e5 selge mat fra sitt land. Bare si fra til Ane. Og vi trenger kaker.<\/p>\n\n\n\n<p>Alle m\u00e5 komme kl. 9.00 for \u00e5 ordne bordene sine!<\/p>\n\n\n\n<p><strong>Underholdning. Sang, dans, leker for barn?<\/strong><\/p>\n\n\n\n<p>De ulike spr\u00e5kgruppene unders\u00f8ker med sine medlemmer om de vil synge og\/eller danse og gir beskjed til Ane<\/p>\n\n\n\n<p>Leker for barn i g\u00e5rden var et fint tiltak i fjor \u2013 Ane sp\u00f8r Saul\/juniorklubben om de kan bidra med noe<\/p>\n\n\n\n<p><strong>Ta med campingstol?<\/strong><\/p>\n\n\n\n<p>Det er fint om de som har kan ta med campingstol da vi har lite utem\u00f8bler<\/p>\n\n\n\n<p><strong>Vakt med gul vest<\/strong><\/p>\n\n\n\n<p>Det ville v\u00e6re fint med en som har oversikt over hvor alle ting er. En som folk kan henvende seg til ved sp\u00f8rsm\u00e5l om praktiske ting.<\/p>\n\n\n\n<p><strong>Allergier<\/strong><\/p>\n\n\n\n<p>Fint om man kan informere om allergener i maten man selger. For eksempel gluten, egg, melk, n\u00f8tter, soya<\/p>\n\n\n\n<p><strong>Nasjonalt antrekk<\/strong><\/p>\n\n\n\n<p>Veldig fint om alle som har kl\u00e6r som er typiske for hjemlandet kler seg i det.<\/p>\n\n\n\n<p><strong>Messe:<\/strong><\/p>\n\n\n\n<ul class=\"wp-block-list\"><li>Inngangssalme p\u00e5 norsk.<\/li><li>1.lesning spansk.<\/li><li>Responsorie p\u00e5 norsk.<\/li><li>2.lesning engelsk.<\/li><li>Alleluja eritreisk gruppe.<\/li><\/ul>\n\n\n\n<ul class=\"wp-block-list\"><li>Forb\u00f8nner: 1. norsk. 2. tagalog. 3. polsk. 4. fransk 5.<\/li><\/ul>\n\n\n\n<p>vietnamesisk. 6. eritreisk. 7. engelsk.<\/p>\n\n\n\n<p>\u00abLa oss be til Herren v\u00e5r Gud\u00bb leses hver gang p\u00e5 norsk.<\/p>\n\n\n\n<p>De ulike spr\u00e5kgruppene oversetter sin b\u00f8nn og sender oversettelsen til p Tien.<\/p>\n\n\n\n<ul class=\"wp-block-list\"><li>Sang offertorium fransk gruppe<\/li><li>Sang under kommunion polsk gruppe<\/li><li>Sang etter kommunion vietnamesisk gruppe.<\/li><li>Mariadans etter kommunion med vietnamesiske barn.<\/li><\/ul>\n\n\n\n<ul class=\"wp-block-list\"><li>Velsignelse<\/li><\/ul>\n\n\n\n<ul class=\"wp-block-list\"><li>Utgangssalme Regina Caelis.<\/li><li>Eritreisk gruppe synger Maria sang<\/li><\/ul>\n\n\n\n<p>*<\/p>\n\n\n\n<p>Vi reserverer plass til korene i kirken: Fransk, polsk, eritreisk korgruppe sitter under orgelgalleriet. Vietnamesisk kor og koret i 11-messen sitter p\u00e5 orgelgalleriet.<\/p>\n\n\n\n<p>&#8230;&#8230;&#8230;&#8230;&#8230;&#8230;&#8230;&#8230;&#8230;&#8230;&#8230;&#8230;&#8230;&#8230;&#8230;&#8230;&#8230;&#8230;&#8230;&#8230;&#8230;&#8230;&#8230;&#8230;&#8230;&#8230;&#8230;&#8230;&#8230;&#8230;&#8230;&#8230;&#8230;&#8230;&#8230;&#8230;&#8230;&#8230;&#8230;&#8230;&#8230;&#8230;&#8230;&#8230;&#8230;..<\/p>\n\n\n\n<p><strong>Sak 4 17.mai arrangement?<\/strong><\/p>\n\n\n\n<p>Messe kl. 15. Det er mange som er bortreist i \u00e5r s\u00e5 det vil ikke bli arrangement med mat<br>i Kiga. De som \u00f8nsker \u00e5 se borgertoget ved kirken er hjertelig velkomne til det.<\/p>\n\n\n\n<p><strong>Sak 5 Eventuelt<\/strong><\/p>\n\n\n\n<p>Ingen saker<\/p>\n\n\n\n<p>Neste menighetsr\u00e5dsm\u00f8te med representanter fra spr\u00e5kgruppene er onsdag 31.mai kl 18:45. Vi skal planlegge Corpus Christi.<\/p>\n","protected":false},"excerpt":{"rendered":"<p>Referat fra menighetsr\u00e5dsm\u00f8te onsdag 10.mai 2023 St. Ansgar menighet Til stede fra menighetsr\u00e5det: P. Quang Tien Dang, P. Oliver Obinna Izuogu, Sigrid Therese Kornbrekke, Victor Manuel Meza Munoz, Lucyna Zawadzka (zoom),&nbsp; Jocelyn Augland, Wlodzimierz Dyzma, Ane Ugland Alb\u00e6k Forfall fra&#8230;<br \/><a class=\"read-more-button\" href=\"https:\/\/stansgar.katolsk.no\/?p=11876\">Read more<\/a><\/p>\n","protected":false},"author":1,"featured_media":0,"comment_status":"open","ping_status":"open","sticky":false,"template":"","format":"standard","meta":{"footnotes":""},"categories":[493],"tags":[],"class_list":["post-11876","post","type-post","status-publish","format-standard","hentry","category-menighetsradsmote"],"_links":{"self":[{"href":"https:\/\/stansgar.katolsk.no\/index.php?rest_route=\/wp\/v2\/posts\/11876","targetHints":{"allow":["GET"]}}],"collection":[{"href":"https:\/\/stansgar.katolsk.no\/index.php?rest_route=\/wp\/v2\/posts"}],"about":[{"href":"https:\/\/stansgar.katolsk.no\/index.php?rest_route=\/wp\/v2\/types\/post"}],"author":[{"embeddable":true,"href":"https:\/\/stansgar.katolsk.no\/index.php?rest_route=\/wp\/v2\/users\/1"}],"replies":[{"embeddable":true,"href":"https:\/\/stansgar.katolsk.no\/index.php?rest_route=%2Fwp%2Fv2%2Fcomments&post=11876"}],"version-history":[{"count":1,"href":"https:\/\/stansgar.katolsk.no\/index.php?rest_route=\/wp\/v2\/posts\/11876\/revisions"}],"predecessor-version":[{"id":11878,"href":"https:\/\/stansgar.katolsk.no\/index.php?rest_route=\/wp\/v2\/posts\/11876\/revisions\/11878"}],"wp:attachment":[{"href":"https:\/\/stansgar.katolsk.no\/index.php?rest_route=%2Fwp%2Fv2%2Fmedia&parent=11876"}],"wp:term":[{"taxonomy":"category","embeddable":true,"href":"https:\/\/stansgar.katolsk.no\/index.php?rest_route=%2Fwp%2Fv2%2Fcategories&post=11876"},{"taxonomy":"post_tag","embeddable":true,"href":"https:\/\/stansgar.katolsk.no\/index.php?rest_route=%2Fwp%2Fv2%2Ftags&post=11876"}],"curies":[{"name":"wp","href":"https:\/\/api.w.org\/{rel}","templated":true}]}}