{"id":11842,"date":"2023-04-30T10:01:31","date_gmt":"2023-04-30T08:01:31","guid":{"rendered":"https:\/\/stansgar.katolsk.no\/?p=11842"},"modified":"2023-05-01T00:16:06","modified_gmt":"2023-04-30T22:16:06","slug":"kunngjoringer-sondag-30-april-2023","status":"publish","type":"post","link":"https:\/\/stansgar.katolsk.no\/?p=11842","title":{"rendered":"KUNNGJ\u00d8RINGER S\u00d8NDAG 30. APRIL 2023"},"content":{"rendered":"<p style=\"text-align: center;\"><strong>&nbsp;KUNNGJ\u00d8RINGER S\u00d8NDAG 30. APRIL 2023<\/strong><\/p>\n<table style=\"width: 1081px;\">\n<tbody>\n<tr>\n<td style=\"width: 107px;\" rowspan=\"2\">Mandag<\/td>\n<td style=\"width: 46px;\" rowspan=\"2\">01.05<\/td>\n<td style=\"width: 834px;\" colspan=\"3\">Minne: Den hellige Josef h\u00e5ndverkeren<\/td>\n<\/tr>\n<tr>\n<td style=\"width: 31px;\">kl.<\/td>\n<td style=\"width: 45.5469px;\">13.00<\/td>\n<td style=\"width: 757.453px;\">Messe p\u00e5 vietnamesisk. Feiringen av vernhelge<\/td>\n<\/tr>\n<\/tbody>\n<\/table>\n<table style=\"width: 885.125px;\">\n<tbody>\n<tr style=\"height: 78px;\">\n<td style=\"width: 107px; height: 78px;\">Tirsdag<\/td>\n<td style=\"width: 44px; height: 78px;\">02.05<strong>.<\/strong><\/td>\n<td style=\"width: 31px; height: 78px;\">kl.<\/p>\n<p>kl.<\/td>\n<td style=\"width: 48px; height: 78px;\">17.30<\/p>\n<p>18.00<\/td>\n<td style=\"width: 564.125px; height: 78px;\">Vesper<\/p>\n<p>Messe &#8211; etterfulgt av sakramentstilbedelse<\/td>\n<\/tr>\n<tr style=\"height: 39px;\">\n<td style=\"width: 107px; height: 156px;\" rowspan=\"2\">Onsdag<\/td>\n<td style=\"width: 44px; height: 156px;\" rowspan=\"2\">03.05<strong>.<\/strong><\/td>\n<td style=\"width: 643.125px; height: 39px;\" colspan=\"3\">Fest: De hellige apostler Filip og Jakob<\/td>\n<\/tr>\n<tr style=\"height: 117px;\">\n<td style=\"width: 31px; height: 117px;\">kl.<\/p>\n<p>kl.<\/p>\n<p>kl.<\/td>\n<td style=\"width: 48px; height: 117px;\">17.30<\/p>\n<p>18.00<\/p>\n<p>19.30<\/td>\n<td style=\"width: 564.125px; height: 117px;\">Rosenkransandakt p\u00e5 vietnamesisk<\/p>\n<p>Messe p\u00e5 norsk<\/p>\n<p>Messe p\u00e5 polsk. Feiringen av Nasjonaldag.<\/td>\n<\/tr>\n<tr style=\"height: 195px;\">\n<td style=\"width: 107px; height: 195px;\">Torsdag<\/td>\n<td style=\"width: 44px; height: 195px;\">04.05.<\/td>\n<td style=\"width: 31px; height: 195px;\">kl.<\/p>\n<p>&nbsp;<\/p>\n<p>&nbsp;<\/p>\n<p>kl.<\/p>\n<p>kl.<\/p>\n<p>kl.<\/td>\n<td style=\"width: 48px; height: 195px;\">11.00<\/p>\n<p>&nbsp;<\/p>\n<p>&nbsp;<\/p>\n<p>17.30<\/p>\n<p>18.00<\/p>\n<p>19.00<\/td>\n<td style=\"width: 564.125px; height: 195px;\">Messe &#8211; etterfulgt av felles lunsj i Kiga. &nbsp;<\/p>\n<p>Etter messen er det stille tilbedelse fram til kl. 17.45.<\/p>\n<p>Vi ber spesielt for kall til ordenslivet og presteskapet.<\/p>\n<p>Rosenkransandakt p\u00e5 engelsk<\/p>\n<p>Messe<\/p>\n<p>Rosenkransandakt p\u00e5 spansk<\/td>\n<\/tr>\n<tr style=\"height: 117px;\">\n<td style=\"width: 107px; height: 117px;\">Fredag<\/td>\n<td style=\"width: 44px; height: 117px;\">05.05.<\/td>\n<td style=\"width: 31px; height: 117px;\">kl.<\/p>\n<p>kl.<\/p>\n<p>kl.<\/td>\n<td style=\"width: 48px; height: 117px;\">17.00<\/p>\n<p>17.30<\/p>\n<p>18.00<\/td>\n<td style=\"width: 564.125px; height: 117px;\">Sakramentstilbedelse \u2013 Skriftem\u00e5l under tilbedelsen<\/p>\n<p>Rosenkransandakt p\u00e5 norsk<\/p>\n<p>Messe<\/td>\n<\/tr>\n<tr style=\"height: 78px;\">\n<td style=\"width: 107px; height: 78px;\">L\u00f8rdag<\/td>\n<td style=\"width: 44px; height: 78px;\">06.05.<\/td>\n<td style=\"width: 31px; height: 78px;\">kl.<\/p>\n<p>kl.<\/td>\n<td style=\"width: 48px; height: 78px;\">13.00<\/p>\n<p>18.00<\/td>\n<td style=\"width: 564.125px; height: 78px;\">Katekesemesse<\/p>\n<p>Messe p\u00e5 polsk<\/td>\n<\/tr>\n<tr style=\"height: 39px;\">\n<td style=\"width: 107px; height: 39px;\">S\u00f8ndag<\/td>\n<td style=\"width: 44px; height: 39px;\">07.05.<\/td>\n<td style=\"width: 643.125px; height: 39px;\" colspan=\"3\"><strong>5. S\u00d8NDAG I P\u00c5SKETIDEN<\/strong><\/td>\n<\/tr>\n<tr style=\"height: 273.5px;\">\n<td style=\"width: 107px; height: 273.5px;\">&nbsp;<\/p>\n<p>&nbsp;<\/p>\n<p>&nbsp;<\/p>\n<p>&nbsp;<\/p>\n<p>&nbsp;<\/p>\n<p>Andre steder<\/td>\n<td style=\"width: 44px; height: 273.5px;\">&nbsp;<\/td>\n<td style=\"width: 31px; height: 273.5px;\">kl.<\/p>\n<p>kl.<\/p>\n<p>kl.<\/p>\n<p>kl.<\/p>\n<p>kl.<\/p>\n<p>&nbsp;<\/p>\n<p>kl.<\/td>\n<td style=\"width: 48px; height: 273.5px;\">08.25<\/p>\n<p>09.00<\/p>\n<p>11.00<\/p>\n<p>13.00<\/p>\n<p>14.30<\/p>\n<p>&nbsp;<\/p>\n<p>14.00<\/td>\n<td style=\"width: 564.125px; height: 273.5px;\">Rosenkransandakt p\u00e5 polsk<\/p>\n<p>Messe p\u00e5 polsk<\/p>\n<p>H\u00f8ymesse p\u00e5 norsk<\/p>\n<p>Messe p\u00e5 vietnamesisk<\/p>\n<p>Messe p\u00e5 kaldeisk<\/p>\n<p>&nbsp;<\/p>\n<p>Messe p\u00e5 engelsk med p. Boie, Lyngdal<\/td>\n<\/tr>\n<\/tbody>\n<\/table>\n<p>&nbsp;<\/p>\n<p><strong>Annet:<\/strong><\/p>\n<p><strong>1) <\/strong><strong>Messer s\u00f8ndag 30. april:<\/strong><\/p>\n<p>&#8211; Messe p\u00e5 kaldeisk kl. 14.30 i St. Ansgar;<\/p>\n<p>&#8211; Messe p\u00e5 engelsk med p. Boie kl. 14.00 p\u00e5 det gamle kapell bak statskirke i Lyngdal;<\/p>\n<p>&nbsp;<\/p>\n<p><strong>2) Mai m\u00e5ned:<\/strong> Mai m\u00e5ned er if\u00f8lge tradisjonen i Den katolske kirke viet til Jomfru Maria, Jesu mor og v\u00e5r Mor. Rosenkransen er en b\u00f8nn spesielt for \u00e5 \u00e6re Jomfru Maria.<\/p>\n<p>&nbsp;I denne m\u00e5neden la oss be rosenkransen i familiene og i menigheten.<\/p>\n<p><strong>I mai har vi rosenkransandakt:<\/strong><\/p>\n<ul>\n<li>f\u00f8r messene kl. 17.30:\n<ul>\n<li>onsdager p\u00e5 vietnamesisk<\/li>\n<li>torsdager p\u00e5 engelsk<\/li>\n<li>fredager p\u00e5 norsk<\/li>\n<\/ul>\n<\/li>\n<li>torsdager p\u00e5 spansk kl. 19.00<\/li>\n<li>l\u00f8rdager p\u00e5 norsk kl. 12.30<\/li>\n<li>s\u00f8ndag p\u00e5 polsk kl. 08.25<\/li>\n<\/ul>\n<p><strong>3) Onsdag 03.05.<\/strong> kl. 18.45 er det bibelgruppe.<\/p>\n<p>&nbsp;<\/p>\n<p><strong>4) F\u00f8rste torsdag i m\u00e5ned:<\/strong><\/p>\n<p>Torsdag 04.05: Etter messen kl. 11.00 er det stille tilbedelse fram til kl. 17.45. Vi ber spesielt for kall til ordenslivet og presteskapet. Alle er velkommen til tilbedelsen.<\/p>\n<p><strong>&nbsp;<\/strong><\/p>\n<p><strong>5) Torsdag 4. mai <\/strong><\/p>\n<p>Caritas inviterer til Vaffelkveld.<\/p>\n<p>Alle \u00f8nskes velkommen til hyggelig samv\u00e6r i Kiga etter kveldsmessen. Caritas vaffelkveld er et uformelt m\u00f8tested for \u00e5 treffe nye og gamle venner i menigheten. Caritasgruppen serverer suppe, kaffe og vafler og inviterer til gode samtaler og felleskap. Nye medlemmer av menigheten \u00f8nskes spesielt velkommen. &nbsp;<\/p>\n<p>&nbsp;<\/p>\n<p><strong>6) Ministrantkveld fredag 5. mai<\/strong><\/p>\n<p>Alle ministranter er invitert til ministrantkveld fredag 5. mai kl. 18.00 &#8211; 20.30.<\/p>\n<p>Vi ministrerer i messen kl. 18.00. Og etter messen treffes vi i Kiga for \u00e5 \u00f8ve p\u00e5 praktiske ting<\/p>\n<p>til NUKs ministrant NM 2023 i Arendal 10.-13. august.<\/p>\n<p><strong>&nbsp;<\/strong><\/p>\n<p><strong>7)<\/strong> <strong>Katekese l\u00f8rdag 6. mai<\/strong><\/p>\n<p>Kl. 10.00-14.00 er det katekese for 5., 8. og 9. trinn.<\/p>\n<p>Kl. 13.00-14.00 er det katekesemesse.<\/p>\n<p style=\"text-align: center;\"><strong>Alle er hjertelig velkommen til kirkekaffe. \u00d8nsker dere riktig god s\u00f8ndag!<\/strong><\/p>\n","protected":false},"excerpt":{"rendered":"<p>&nbsp;KUNNGJ\u00d8RINGER S\u00d8NDAG 30. APRIL 2023 Mandag 01.05 Minne: Den hellige Josef h\u00e5ndverkeren kl. 13.00 Messe p\u00e5 vietnamesisk. Feiringen av vernhelge Tirsdag 02.05. kl. kl. 17.30 18.00 Vesper Messe &#8211; etterfulgt av sakramentstilbedelse Onsdag 03.05. Fest: De hellige apostler Filip og&#8230;<br \/><a class=\"read-more-button\" href=\"https:\/\/stansgar.katolsk.no\/?p=11842\">Read more<\/a><\/p>\n","protected":false},"author":1,"featured_media":0,"comment_status":"open","ping_status":"open","sticky":false,"template":"","format":"standard","meta":{"footnotes":""},"categories":[482],"tags":[],"class_list":["post-11842","post","type-post","status-publish","format-standard","hentry","category-kunngjoringer"],"_links":{"self":[{"href":"https:\/\/stansgar.katolsk.no\/index.php?rest_route=\/wp\/v2\/posts\/11842","targetHints":{"allow":["GET"]}}],"collection":[{"href":"https:\/\/stansgar.katolsk.no\/index.php?rest_route=\/wp\/v2\/posts"}],"about":[{"href":"https:\/\/stansgar.katolsk.no\/index.php?rest_route=\/wp\/v2\/types\/post"}],"author":[{"embeddable":true,"href":"https:\/\/stansgar.katolsk.no\/index.php?rest_route=\/wp\/v2\/users\/1"}],"replies":[{"embeddable":true,"href":"https:\/\/stansgar.katolsk.no\/index.php?rest_route=%2Fwp%2Fv2%2Fcomments&post=11842"}],"version-history":[{"count":6,"href":"https:\/\/stansgar.katolsk.no\/index.php?rest_route=\/wp\/v2\/posts\/11842\/revisions"}],"predecessor-version":[{"id":11852,"href":"https:\/\/stansgar.katolsk.no\/index.php?rest_route=\/wp\/v2\/posts\/11842\/revisions\/11852"}],"wp:attachment":[{"href":"https:\/\/stansgar.katolsk.no\/index.php?rest_route=%2Fwp%2Fv2%2Fmedia&parent=11842"}],"wp:term":[{"taxonomy":"category","embeddable":true,"href":"https:\/\/stansgar.katolsk.no\/index.php?rest_route=%2Fwp%2Fv2%2Fcategories&post=11842"},{"taxonomy":"post_tag","embeddable":true,"href":"https:\/\/stansgar.katolsk.no\/index.php?rest_route=%2Fwp%2Fv2%2Ftags&post=11842"}],"curies":[{"name":"wp","href":"https:\/\/api.w.org\/{rel}","templated":true}]}}