{"id":11732,"date":"2023-03-23T14:57:46","date_gmt":"2023-03-23T13:57:46","guid":{"rendered":"https:\/\/stansgar.katolsk.no\/?p=11732"},"modified":"2023-03-30T13:13:50","modified_gmt":"2023-03-30T11:13:50","slug":"velkommen-til-synodalt-mote-tirsdag-12-og-fredag-14-april-2023-kl-1900-i-kiga","status":"publish","type":"post","link":"https:\/\/stansgar.katolsk.no\/?p=11732","title":{"rendered":"Velkommen til synodalt m\u00f8te onsdag 12. og fredag 14. april 2023, kl. 19:00 i Kiga."},"content":{"rendered":"\n<div class=\"wp-block-file\"><a href=\"https:\/\/stansgar.katolsk.no\/wp-content\/uploads\/2023\/03\/Synodale-m\u00f8ter_12.-og-14.-april_23.pdf\">Synodale-m\u00f8ter_12.-og-14.-april_23<\/a><a href=\"https:\/\/stansgar.katolsk.no\/wp-content\/uploads\/2023\/03\/Synodale-m\u00f8ter_12.-og-14.-april_23.pdf\" class=\"wp-block-file__button\" download>Last ned<\/a><\/div>\n\n\n\n<p class=\"has-text-color has-text-align-center has-luminous-vivid-orange-color\"><strong>LA OSS G\u00c5 SAMMEN SOM EN KIRKE MED DEN HELLIGE \u00c5ND<\/strong><\/p>\n\n\n\n<p class=\"has-text-color has-text-align-center has-luminous-vivid-orange-color\"><strong>Velkommen til synodalt m\u00f8te tirsdag 12. og fredag 14. april 2023, <\/strong><br><strong>kl. 19:00 i Kiga.<\/strong><\/p>\n\n\n\n<figure class=\"wp-block-image size-large is-resized\"><img loading=\"lazy\" decoding=\"async\" src=\"https:\/\/stansgar.katolsk.no\/wp-content\/uploads\/2023\/03\/synod-21-23-1024x917.jpg\" alt=\"\" class=\"wp-image-11734\" width=\"444\" height=\"397\" srcset=\"https:\/\/stansgar.katolsk.no\/wp-content\/uploads\/2023\/03\/synod-21-23-1024x917.jpg 1024w, https:\/\/stansgar.katolsk.no\/wp-content\/uploads\/2023\/03\/synod-21-23-300x269.jpg 300w, https:\/\/stansgar.katolsk.no\/wp-content\/uploads\/2023\/03\/synod-21-23-e1679579829317-150x134.jpg 150w, https:\/\/stansgar.katolsk.no\/wp-content\/uploads\/2023\/03\/synod-21-23-768x688.jpg 768w, https:\/\/stansgar.katolsk.no\/wp-content\/uploads\/2023\/03\/synod-21-23-956x856.jpg 956w, https:\/\/stansgar.katolsk.no\/wp-content\/uploads\/2023\/03\/synod-21-23.jpg 1430w\" sizes=\"auto, (max-width: 444px) 100vw, 444px\" \/><\/figure>\n\n\n\n<p class=\"has-text-align-center\"><strong>Tema: Deltakelse<\/strong><\/p>\n\n\n\n<p>Kj\u00e6re troende,<\/p>\n\n\n\n<p>Biskop Bernt har sendt et opplegg for synodal prosess i menighetene til oss som er foresl\u00e5tt og anbefalt av Pastoralr\u00e5det. Biskopen \u00f8nsker alle medlemmer i OKB velkommen til \u00e5 v\u00e6re med i den synodale prosessen.<\/p>\n\n\n\n<p>Opplegget for den synodale veien forsl\u00e5tt av Pastoralr\u00e5det er tema <strong>Deltakelse:<\/strong><\/p>\n\n\n\n<p>Prestene og menighetsr\u00e5det inviterer alle medlemmer i menigheten til m\u00f8ter <strong>onsdag 12. og fredag 14. april, kl. 19:00 i Kiga.<\/strong><\/p>\n\n\n\n<p>I m\u00f8tet skal vi<\/p>\n\n\n\n<ul class=\"wp-block-list\"><li>Lytte respektfullt til Gud og til hverandre for \u00e5 forbedre kirken og bygge gode relasjoner.<\/li><li>Be synodal b\u00f8nn om ydmykhet til \u00e5 h\u00f8re Guds stemme i forhold til de temaer vi har satt opp.<\/li><li>Utforske mangfoldet i kirken, lytte til Guds \u00f8nsker for kirken og menigheten, og skape fellesskap og enhet<a href=\"#_ftn1\">[1]<\/a>.<\/li><\/ul>\n\n\n\n<p><strong><u>Sp\u00f8rsm\u00e5l til samtale:<\/u><\/strong><\/p>\n\n\n\n<ol class=\"wp-block-list\" type=\"1\"><li>\u00c5 reise sammen betyr \u00e5 lytte til Guds ord og \u00e5 feire Eukaristien. Hvordan oppfordrer vi de troende til \u00e5 delta i liturgien?<\/li><li>Hva hindrer de troende i \u00e5 ta ansvar for Kirken?<\/li><li>Hvilke utfordringer har vi med \u00e5 respektere at de troende har ulike roller og ulik kompetanse, og hvilke muligheter gir disse ulikhetene? Hvordan kan vi bli flinkere til \u00e5 utnytte v\u00e5r forskjellighet?<\/li><li>Hva skal til for \u00e5 skape godt samarbeid mellom de geistlige og lekfolket?<\/li><li>Hvordan foreg\u00e5r beslutningsprosessene i v\u00e5re menigheter? Hvordan kan de forbedres?<\/li><li>Hvordan fungerer menighetsr\u00e5det? Hva kan forbedres?<\/li><li>Hvordan kan de troende bruke menighetsr\u00e5det?<\/li><\/ol>\n\n\n\n<p>De nasjonale gruppene kan ogs\u00e5 arrangere m\u00f8te p\u00e5 eget spr\u00e5k. Kort referat sendes til menighetsr\u00e5det og menighetsr\u00e5det vil oppsummere hovedpunktene f\u00f8r det sendes til Pastoralr\u00e5det i OKB.<\/p>\n\n\n\n<p class=\"has-text-color has-very-dark-gray-color\"><a><strong>Velkommen til synodalt m\u00f8te <\/strong><\/a><strong>onsdag  12. og fredag 14. april, kl. 19:00 i Kiga.<\/strong><\/p>\n\n\n\n<p>M\u00e5tte Herren velsigne alle i v\u00e5r menighet og velsigne veien vi g\u00e5r sammen i menigheten og i hele den Hellige Kirken.<\/p>\n\n\n\n<p>p. Tien, p. Piotr, p. Oliver og Menighetsr\u00e5det.<\/p>\n\n\n\n<hr class=\"wp-block-separator\"\/>\n\n\n\n<p><a href=\"#_ftnref1\">[1]<\/a> Fra \u201cForslag til synodal prosess i menighetene\u201d.<\/p>\n","protected":false},"excerpt":{"rendered":"<p>LA OSS G\u00c5 SAMMEN SOM EN KIRKE MED DEN HELLIGE \u00c5ND Velkommen til synodalt m\u00f8te tirsdag 12. og fredag 14. april 2023, kl. 19:00 i Kiga. Tema: Deltakelse Kj\u00e6re troende, Biskop Bernt har sendt et opplegg for synodal prosess i&#8230;<br \/><a class=\"read-more-button\" href=\"https:\/\/stansgar.katolsk.no\/?p=11732\">Read more<\/a><\/p>\n","protected":false},"author":1,"featured_media":11734,"comment_status":"open","ping_status":"open","sticky":false,"template":"","format":"standard","meta":{"footnotes":""},"categories":[204],"tags":[633,628],"class_list":["post-11732","post","type-post","status-publish","format-standard","has-post-thumbnail","hentry","category-ukategorisert-nb","tag-synodal-prosess","tag-synodal-vei"],"_links":{"self":[{"href":"https:\/\/stansgar.katolsk.no\/index.php?rest_route=\/wp\/v2\/posts\/11732","targetHints":{"allow":["GET"]}}],"collection":[{"href":"https:\/\/stansgar.katolsk.no\/index.php?rest_route=\/wp\/v2\/posts"}],"about":[{"href":"https:\/\/stansgar.katolsk.no\/index.php?rest_route=\/wp\/v2\/types\/post"}],"author":[{"embeddable":true,"href":"https:\/\/stansgar.katolsk.no\/index.php?rest_route=\/wp\/v2\/users\/1"}],"replies":[{"embeddable":true,"href":"https:\/\/stansgar.katolsk.no\/index.php?rest_route=%2Fwp%2Fv2%2Fcomments&post=11732"}],"version-history":[{"count":4,"href":"https:\/\/stansgar.katolsk.no\/index.php?rest_route=\/wp\/v2\/posts\/11732\/revisions"}],"predecessor-version":[{"id":11757,"href":"https:\/\/stansgar.katolsk.no\/index.php?rest_route=\/wp\/v2\/posts\/11732\/revisions\/11757"}],"wp:featuredmedia":[{"embeddable":true,"href":"https:\/\/stansgar.katolsk.no\/index.php?rest_route=\/wp\/v2\/media\/11734"}],"wp:attachment":[{"href":"https:\/\/stansgar.katolsk.no\/index.php?rest_route=%2Fwp%2Fv2%2Fmedia&parent=11732"}],"wp:term":[{"taxonomy":"category","embeddable":true,"href":"https:\/\/stansgar.katolsk.no\/index.php?rest_route=%2Fwp%2Fv2%2Fcategories&post=11732"},{"taxonomy":"post_tag","embeddable":true,"href":"https:\/\/stansgar.katolsk.no\/index.php?rest_route=%2Fwp%2Fv2%2Ftags&post=11732"}],"curies":[{"name":"wp","href":"https:\/\/api.w.org\/{rel}","templated":true}]}}