{"id":11706,"date":"2023-03-21T11:37:10","date_gmt":"2023-03-21T10:37:10","guid":{"rendered":"https:\/\/stansgar.katolsk.no\/?p=11706"},"modified":"2023-03-22T13:56:14","modified_gmt":"2023-03-22T12:56:14","slug":"messetidene-i-den-stille-uke-og-pasken-2023-i-st-ansgar-menighet-kristiansand","status":"publish","type":"post","link":"https:\/\/stansgar.katolsk.no\/?p=11706","title":{"rendered":"Messetidene i Den Stille Uke og p\u00e5sken 2023 i St. Ansgar menighet, Kristiansand"},"content":{"rendered":"<p style=\"text-align: center;\"><strong>Messetidene i Den Stille Uke og p\u00e5sken 2023<\/strong><\/p>\n<p style=\"text-align: center;\"><strong>i St. Ansgar menighet, Kristiansand<\/strong><\/p>\n<p>&nbsp;<\/p>\n<ul>\n<li><span style=\"color: #ff0000;\"><strong>14., 15. og 16. mars: fasteretrett med p. Oliver&nbsp;<\/strong><\/span><\/li>\n<\/ul>\n<p>&nbsp;<\/p>\n<ul>\n<li><span style=\"color: #ff0000;\"><strong>L\u00f8rdag 1. april<\/strong><\/span>:<br \/>\n<div class=\"su-table su-table-alternate\">\n<table style=\"width: 1065px\">\n<tbody>\n<tr>\n<td style=\"width: 619.188px\">kl. 13.00 Palmevigsel, prosesjon og katekesemesse<\/td>\n<td style=\"width: 400.812px\">&nbsp;<\/td>\n<\/tr>\n<\/tbody>\n<\/table>\n<\/div><\/li>\n<li><strong><span style=\"color: #ff0000;\">S\u00f8ndag 2. april: Palmes\u00f8ndag<\/span><br \/>\n<div class=\"su-table su-table-alternate\"><\/strong><\/p>\n<table style=\"width: 1065px\">\n<tbody>\n<tr>\n<td style=\"width: 144.25px\">kl. 09.00 Palmevigsel<\/td>\n<td style=\"width: 875.75px\">prosesjon og messe p\u00e5 polsk<\/td>\n<\/tr>\n<tr>\n<td style=\"width: 144.25px\">kl. 11.00 Palmevigsel<\/td>\n<td style=\"width: 875.75px\">prosesjon og messe p\u00e5 norsk. P\u00e5skespill under messen.&nbsp;<\/td>\n<\/tr>\n<tr>\n<td style=\"width: 144.25px\">kl. 13.00 Palmevigsel<\/td>\n<td style=\"width: 875.75px\">prosesjon og messe p\u00e5 vietnamesisk<\/td>\n<\/tr>\n<\/tbody>\n<\/table>\n<p><strong><\/div><\/strong><\/li>\n<li><strong><span style=\"color: #ff0000;\">Torsdag 6. april: Skj\u00e6rtorsdag<\/span><br \/>\n<div class=\"su-table su-table-alternate\"><\/strong>&nbsp; &nbsp; &nbsp; &nbsp;<\/p>\n<table style=\"width: 1065px\">\n<tbody>\n<tr>\n<td style=\"width: 138.75px\">kl. 15.00 &nbsp; &nbsp; &nbsp; &nbsp;<\/td>\n<td style=\"width: 888.25px\">Messe p\u00e5 vietnamesisk<\/td>\n<\/tr>\n<tr>\n<td style=\"width: 138.75px\">kl. 18.00&nbsp;&nbsp;&nbsp;&nbsp;&nbsp;&nbsp;&nbsp;<\/td>\n<td style=\"width: 888.25px\">Messe p\u00e5 norsk, deretter tilbedelse og skriftem\u00e5l inntil midnatt.<\/td>\n<\/tr>\n<\/tbody>\n<\/table>\n<p><strong><\/div>\n<\/strong><span style=\"background-color: #cc99ff;\">Plan for tilbedelse etter messen:&nbsp;<\/span><\/li>\n<li>p\u00e5 norsk &nbsp;&nbsp;&nbsp; &nbsp;&nbsp;&nbsp;&nbsp;&nbsp;&nbsp;&nbsp;&nbsp;&nbsp;&nbsp;&nbsp;&nbsp;&nbsp;kl. 19.30-20.15<\/li>\n<li>p\u00e5 filippinsk &nbsp;&nbsp;&nbsp;&nbsp;&nbsp;&nbsp;&nbsp;&nbsp;&nbsp;&nbsp; kl. 20.15-21.00<\/li>\n<li>p\u00e5 vietnamesisk&nbsp; &nbsp; &nbsp;kl. 21.00-21.45<\/li>\n<li>p\u00e5 polsk&nbsp; &nbsp; &nbsp; &nbsp; &nbsp; &nbsp; &nbsp; &nbsp; &nbsp; kl. 21.45-22.30<\/li>\n<li>p\u00e5 engelsk&nbsp; &nbsp; &nbsp; &nbsp; &nbsp; &nbsp; &nbsp; kl. 22.30-23.15<\/li>\n<li>p\u00e5 spansk&nbsp; &nbsp; &nbsp; &nbsp; &nbsp; &nbsp; &nbsp; &nbsp; kl. 23.15-24.00<\/li>\n<\/ul>\n<p>&nbsp;<\/p>\n<ul>\n<li><strong><span style=\"color: #ff0000;\">Fredag 7. april: Langfredag (faste- og abstinensdag)<\/span><br \/>\n<div class=\"su-table su-table-alternate\"><\/strong><\/p>\n<table style=\"width: 1065px\">\n<tbody>\n<tr>\n<td style=\"width: 133.75px\">kl. 12.00&nbsp;&nbsp;&nbsp;&nbsp;&nbsp;&nbsp;&nbsp;<\/td>\n<td style=\"width: 895.25px\">Langfredagsliturgi p\u00e5 vietnamesisk<\/td>\n<\/tr>\n<tr>\n<td style=\"width: 133.75px\">kl. 15.00&nbsp;&nbsp;&nbsp;&nbsp;&nbsp;&nbsp;&nbsp;<\/td>\n<td style=\"width: 895.25px\">Langfredagsliturgi p\u00e5 norsk<\/td>\n<\/tr>\n<tr>\n<td style=\"width: 133.75px\">kl. 17.00&nbsp;&nbsp;&nbsp;&nbsp;&nbsp;&nbsp;&nbsp;<\/td>\n<td style=\"width: 895.25px\">Langfredagsliturgi p\u00e5 polsk<\/td>\n<\/tr>\n<tr>\n<td style=\"width: 133.75px\">kl. 17.00 &nbsp; &nbsp; &nbsp;<\/td>\n<td style=\"width: 895.25px\">\u00d8kumenisk korsvei gjennom byen<\/td>\n<\/tr>\n<tr>\n<td style=\"width: 133.75px\">kl. 19.00<\/td>\n<td style=\"width: 895.25px\">Korsveisandakt p\u00e5 vietnamesisk<\/td>\n<\/tr>\n<\/tbody>\n<\/table>\n<p><strong><\/div><\/strong><\/li>\n<li><strong><strong><span style=\"color: #ff0000;\">L\u00f8rdag 8. april: P\u00e5skeaften<\/span><br \/>\n<div class=\"su-table su-table-alternate\"><\/strong><\/strong><\/p>\n<table style=\"width: 1065px\">\n<tbody>\n<tr style=\"height: 24px\">\n<td style=\"width: 139.609px;height: 24px\">kl. 12.00&nbsp;&nbsp;&nbsp;&nbsp;&nbsp;&nbsp;&nbsp;<\/td>\n<td style=\"width: 888.391px;height: 24px\">Velsignelse av p\u00e5skemat p\u00e5 polsk<\/td>\n<\/tr>\n<tr style=\"height: 24px\">\n<td style=\"width: 139.609px;height: 24px\">kl. 13.00<\/td>\n<td style=\"width: 888.391px;height: 24px\">Velsignelse av p\u00e5skemat p\u00e5 polsk<\/td>\n<\/tr>\n<tr style=\"height: 24.5px\">\n<td style=\"width: 139.609px;height: 24.5px\">kl. 14.00<\/td>\n<td style=\"width: 888.391px;height: 24.5px\">Velsignelse av p\u00e5skemat p\u00e5 polsk<\/td>\n<\/tr>\n<tr style=\"height: 24px\">\n<td style=\"width: 139.609px;height: 24px\">kl. 17.00 &nbsp; &nbsp; &nbsp;<\/td>\n<td style=\"width: 888.391px;height: 24px\">P\u00e5skevigilie p\u00e5 vietnamesisk<\/td>\n<\/tr>\n<tr style=\"height: 117px\">\n<td style=\"width: 139.609px;height: 117px\">kl. 21.00 &nbsp; &nbsp; &nbsp;<\/td>\n<td style=\"width: 888.391px;height: 117px\">P\u00e5skevigilie p\u00e5 norsk.<\/p>\n<p>Etter messen er alle velkommen til hyggelig samv\u00e6r i<\/p>\n<p>menighetslokalet.<\/td>\n<\/tr>\n<\/tbody>\n<\/table>\n<p><strong><\/div><\/strong><\/li>\n<li><strong><strong><span style=\"color: #ff0000;\">S\u00f8ndag 9. april: P\u00e5skes\u00f8ndag<\/span><br \/>\n<div class=\"su-table su-table-alternate\"><\/strong><\/strong><\/p>\n<table style=\"width: 1065px\">\n<tbody>\n<tr>\n<td style=\"width: 139px\">kl. 08.30 &nbsp; &nbsp; &nbsp; &nbsp;<\/td>\n<td style=\"width: 890px\">P\u00e5skedagens h\u00f8ymesse p\u00e5 polsk begynner med prosesjon.<\/td>\n<\/tr>\n<tr>\n<td style=\"width: 139px\">kl. 11.00&nbsp;&nbsp;&nbsp;&nbsp;&nbsp;&nbsp;&nbsp;<\/td>\n<td style=\"width: 890px\">P\u00e5skedagens h\u00f8ymesse p\u00e5&nbsp;norsk<\/td>\n<\/tr>\n<tr>\n<td style=\"width: 139px\">kl. 13.00&nbsp;&nbsp;&nbsp;&nbsp;&nbsp;&nbsp;&nbsp;<\/td>\n<td style=\"width: 890px\">P\u00e5skedagens h\u00f8ymesse p\u00e5 vietnamesisk<\/td>\n<\/tr>\n<tr>\n<td style=\"width: 139px\">kl. 17.00<\/td>\n<td style=\"width: 890px\">messe p\u00e5 Stella Maris, Mandal<\/td>\n<\/tr>\n<\/tbody>\n<\/table>\n<p><strong><\/div>\n<\/strong><\/li>\n<li><strong><span style=\"color: #ff0000;\">Mandag 10. april: 2. p\u00e5skedag<\/span><br \/>\n<div class=\"su-table su-table-alternate\"><\/strong><\/p>\n<table style=\"width: 1065px\">\n<tbody>\n<tr>\n<td style=\"width: 143.078px\">kl. 09.00 &nbsp; &nbsp; &nbsp;<\/td>\n<td style=\"width: 884.922px\">Messe p\u00e5 polsk<\/td>\n<\/tr>\n<tr>\n<td style=\"width: 143.078px\">kl. 11.00&nbsp;&nbsp;&nbsp;&nbsp;&nbsp;&nbsp;&nbsp;<\/td>\n<td style=\"width: 884.922px\">Messe p\u00e5 norsk<\/td>\n<\/tr>\n<tr>\n<td style=\"width: 143.078px\">kl. 13.00<\/td>\n<td style=\"width: 884.922px\">Messe p\u00e5 vietnamesisk<\/td>\n<\/tr>\n<tr>\n<td style=\"width: 143.078px\">kl.19.00<\/td>\n<td style=\"width: 884.922px\">Messe p\u00e5 ukrainsk<\/td>\n<\/tr>\n<\/tbody>\n<\/table>\n<p><strong><\/div><\/strong><\/li>\n<\/ul>\n","protected":false},"excerpt":{"rendered":"<p>Messetidene i Den Stille Uke og p\u00e5sken 2023 i St. Ansgar menighet, Kristiansand &nbsp; 14., 15. og 16. mars: fasteretrett med p. Oliver&nbsp; &nbsp; L\u00f8rdag 1. april: S\u00f8ndag 2. april: Palmes\u00f8ndag Torsdag 6. april: Skj\u00e6rtorsdag Plan for tilbedelse etter messen:&nbsp;&#8230;<br \/><a class=\"read-more-button\" href=\"https:\/\/stansgar.katolsk.no\/?p=11706\">Read more<\/a><\/p>\n","protected":false},"author":1,"featured_media":0,"comment_status":"open","ping_status":"open","sticky":false,"template":"","format":"standard","meta":{"footnotes":""},"categories":[482,486],"tags":[27,26],"class_list":["post-11706","post","type-post","status-publish","format-standard","hentry","category-kunngjoringer","category-messe","tag-den-stille-uke","tag-paske"],"_links":{"self":[{"href":"https:\/\/stansgar.katolsk.no\/index.php?rest_route=\/wp\/v2\/posts\/11706","targetHints":{"allow":["GET"]}}],"collection":[{"href":"https:\/\/stansgar.katolsk.no\/index.php?rest_route=\/wp\/v2\/posts"}],"about":[{"href":"https:\/\/stansgar.katolsk.no\/index.php?rest_route=\/wp\/v2\/types\/post"}],"author":[{"embeddable":true,"href":"https:\/\/stansgar.katolsk.no\/index.php?rest_route=\/wp\/v2\/users\/1"}],"replies":[{"embeddable":true,"href":"https:\/\/stansgar.katolsk.no\/index.php?rest_route=%2Fwp%2Fv2%2Fcomments&post=11706"}],"version-history":[{"count":16,"href":"https:\/\/stansgar.katolsk.no\/index.php?rest_route=\/wp\/v2\/posts\/11706\/revisions"}],"predecessor-version":[{"id":11731,"href":"https:\/\/stansgar.katolsk.no\/index.php?rest_route=\/wp\/v2\/posts\/11706\/revisions\/11731"}],"wp:attachment":[{"href":"https:\/\/stansgar.katolsk.no\/index.php?rest_route=%2Fwp%2Fv2%2Fmedia&parent=11706"}],"wp:term":[{"taxonomy":"category","embeddable":true,"href":"https:\/\/stansgar.katolsk.no\/index.php?rest_route=%2Fwp%2Fv2%2Fcategories&post=11706"},{"taxonomy":"post_tag","embeddable":true,"href":"https:\/\/stansgar.katolsk.no\/index.php?rest_route=%2Fwp%2Fv2%2Ftags&post=11706"}],"curies":[{"name":"wp","href":"https:\/\/api.w.org\/{rel}","templated":true}]}}