{"id":11685,"date":"2023-03-14T11:38:36","date_gmt":"2023-03-14T10:38:36","guid":{"rendered":"https:\/\/stansgar.katolsk.no\/?p=11685"},"modified":"2023-03-14T11:40:34","modified_gmt":"2023-03-14T10:40:34","slug":"referat-fra-menighetsradsmote-02-03-2023","status":"publish","type":"post","link":"https:\/\/stansgar.katolsk.no\/?p=11685","title":{"rendered":"Referat fra menighetsr\u00e5dsm\u00f8te 02.03.2023"},"content":{"rendered":"\n<div class=\"wp-block-file\"><a href=\"https:\/\/stansgar.katolsk.no\/wp-content\/uploads\/2023\/03\/Referat-menighetsr\u00e5d-02.03.2023-2.pdf\">Referat-menighetsr\u00e5d-02.03.2023-2<\/a><a href=\"https:\/\/stansgar.katolsk.no\/wp-content\/uploads\/2023\/03\/Referat-menighetsr\u00e5d-02.03.2023-2.pdf\" class=\"wp-block-file__button\" download>Last ned<\/a><\/div>\n\n\n\n<h2 class=\"wp-block-heading\">M\u00f8tereferat<\/h2>\n\n\n\n<p>02.03.2023 kl. 18.45<\/p>\n\n\n\n<figure class=\"wp-block-table\"><table><tbody><tr><td>Til stede:<\/td><td>P. Quang Tien Dang, P. Piotr Gasior, P. Oliver Obinna Izuogu, Xuat Minh Dang, Jocelyn Augland, Victor Manuel Meza Munoz, Lan Ngoc Nguyen, Lucyna Zawadzka, Helen Maty, Ane Ugland Alb\u00e6k, Kaja Kristine Gustavsen Tho<\/td><\/tr><tr><td>Forfall:<\/td><td>Wlodzimierz Dyzma, Sigrid Therese Kornbrekke<\/td><\/tr><\/tbody><\/table><\/figure>\n\n\n\n<p class=\"has-text-color has-background has-very-dark-gray-color has-very-light-gray-background-color\"><a><strong>Sak 1<\/strong> Godkjenning av innkalling og saksliste<\/a><\/p>\n\n\n\n<p>Godkjent uten kommentarer.<\/p>\n\n\n\n<p><strong>Sak 2<\/strong> Informasjon<\/p>\n\n\n\n<ul class=\"wp-block-list\"><li>Kvinnenes internasjonale b\u00f8nnedag i morgen 3\/3, St. Ansgar er vertskap. Dette er et \u00f8kumenisk arrangement. Lan er v\u00e5r representant i komiteen og vil lede m\u00f8tet.<\/li><li>Pastoralr\u00e5dsm\u00f8te om 2 uker. Tema er oppsummeringer og anbefalinger fra tema \u00abfellesskap\u00bb i den synodale veien, og dr\u00f8fting av tema \u00abdeltakelse\u00bb. P\u00e5 s\u00f8ndagen kommer kommunikasjonsavdelingen i OKB (som st\u00e5r bak St Olav kirkeblad og katolsk.no) for \u00e5 samtale om pastoralr\u00e5dets \u00f8nske om at det skal komme mer nyheter fra menigheter og aktuelle ting her til lands. Hele Katolsk.no legges n\u00e5 om og moderniseres, noe som ogs\u00e5 kan hjelpe oss med v\u00e5r nettside da nyheter ogs\u00e5 kan genereres inn dit.<\/li><li>Det blir fasteretrett 14., 15. og 16. mars med p. Oliver. Dette skal annonseres p\u00e5 Facebook og p\u00e5 nettsiden.<\/li><\/ul>\n\n\n\n<p><strong>Sak 3<\/strong> Synodal prosess St Ansgar del 2: deltakelse<\/p>\n\n\n\n<p>Vi begynner den synodale prosessen med tema 2 \u00abdeltakelse\u00bb. Under tema 1 oppfordret vi nasjonale grupper til \u00e5 holde egne synodale m\u00f8ter og komme med bidrag, i tillegg til at vi arrangerte et felles m\u00f8te for hele menigheten der alle kunne komme med innspill. Vi \u00f8nsker at flere skal bidra, og vil derfor gj\u00f8re det litt annerledes denne gangen: &nbsp;<\/p>\n\n\n\n<p>Det skal arrangeres to fellesm\u00f8ter for hele menigheten slik at om man ikke kan den ene dagen, kan man kanskje den andre. M\u00f8tene vil holdes i Kiga etter messen onsdag 12. april og fredag 14. april.<\/p>\n\n\n\n<p>Alle er invitert p\u00e5 disse m\u00f8tene. Nasjonale grupper oppfordres til \u00e5 ha egne samlinger der ogs\u00e5 de som trives best med \u00e5 snakke sitt eget spr\u00e5k kan delta. Det er ogs\u00e5 mulig for alle medlemmer \u00e5 sende skriftlige innspill, disse kan sendes til menighetsr\u00e5dsleder p\u00e5 e-post: <a href=\"mailto:ane.ugland.albaek@uia.no\">ane.ugland.albaek@uia.no<\/a> eller nestleder <a href=\"mailto:sigrid.therese@gmail.com\">sigrid.therese@gmail.com<\/a>.<\/p>\n\n\n\n<p><strong>Sak 4<\/strong> <strong>Felles aktiviteter i menigheten i 2023<\/strong><\/p>\n\n\n\n<p>Hvordan kan vi n\u00e5 folk med informasjon om fellesarrangementer? Det er ikke lenger kalender p\u00e5 nettsida. Vi kom fram til f\u00f8lgende:<\/p>\n\n\n\n<ul class=\"wp-block-list\"><li>Oppslag over aktiviteter p\u00e5 oppslagstavla i inngangspartiet, i Kiga og p\u00e5 Stella Maris.<\/li><li>Det skal lages ny fane p\u00e5 nettsida med Arrangementer\/Hva skjer.<\/li><li>Legge ut som arrangement p\u00e5 Facebook.<\/li><li>Mail til forskjellige spr\u00e5kgrupper.<\/li><li>St Ansgar-nytt: hva som skjer i den aktuelle m\u00e5neden<\/li><\/ul>\n\n\n\n<p><strong>Sak 5 Innsamling av penger til lydanlegg<\/strong><\/p>\n\n\n\n<p>Lydanlegget er p\u00e5 plass. Vi har f\u00e5tt oversikt over kostnadene, det kom p\u00e5 ca. kr 162&nbsp;000. OKB betaler halvparten. &nbsp;Vi har f\u00e5tt mange bidrag og mangler bare kr 16.000 for \u00e5 dekke hele bel\u00f8pet.<\/p>\n\n\n\n<p><em>Oppdatering etter m\u00f8tet: Vi har n\u00e5 f\u00e5tt inn kr 16.000 slik at alt er dekket inn av medlemmer i menigheten.<\/em> TUSEN TAKK for alle bidrag!<\/p>\n\n\n\n<p><strong>Sak 6 \u00d8nsker jevnlig bes\u00f8k av norsk prest<\/strong><\/p>\n\n\n\n<p>Det har kommet \u00f8nske om jevnlig bes\u00f8k av norsk prest for messe og skriftem\u00e5l. Dette er ikke s\u00e5 enkelt \u00e5 f\u00e5 til ettersom det er f\u00e5 norske prester og de har mye \u00e5 gj\u00f8re, men p. Tien vil sp\u00f8rre om noen kan komme hit i fastetiden og adventstiden.<\/p>\n\n\n\n<p><strong>Sak 7 Pilegrimstur i Mandal?<\/strong><\/p>\n\n\n\n<p>Mulig P. Piotr kan arrangere en l\u00f8rdag. Han unders\u00f8ker og kommer tilbake til det.<\/p>\n\n\n\n<p><strong>Sak 8 Eventuelt<\/strong><\/p>\n\n\n\n<ul class=\"wp-block-list\"><li>P. Piotr vurderer \u00e5 initiere ekstrem korsvei neste \u00e5r. Fredag f\u00f8r palmes\u00f8ndag p\u00e5 natten. Det gj\u00f8res andre steder i landet. Man angir l\u00f8ype (30km) og ankomststed, starter sent p\u00e5 kvelden, og folk g\u00e5r i sitt eget tempo. Menigheten kan ikke st\u00e5 som arrang\u00f8r, da vi ikke kan ta ansvar for sikkerheten til alle deltakere, men vi kan informere om muligheten.<\/li><\/ul>\n\n\n\n<ul class=\"wp-block-list\"><li>NUK P\u00e5skeleir: Det er konfirmantleir for ungdommer p\u00e5 9.trinn og p\u00e5skeleir for ungdommer fra 15-18. Det blir informasjon om dette i katetesen 4\/3. NUK st\u00f8tter transportkostnader utover en egenandel p\u00e5 kr 350. Leiren er billigere for NUK-medlemmer (kr 2100 medlemmer, kr 2500 ikke medlemmer). Det l\u00f8nner seg \u00e5 melde seg inn, koster kun kr 50. Menighetsr\u00e5det er enig om at ungdommer fra lavinntektsfamilier kan s\u00f8ke menigheten om st\u00f8tte til \u00e5 reise p\u00e5 leir. Dette skal v\u00e6re med i kunngj\u00f8ringer i s\u00f8ndagsmessen. Helen informerer ogs\u00e5 om dette i katekesen, ungdommene kan ta kontakt med henne for hjelp.<\/li><\/ul>\n\n\n\n<p>Neste menighetsr\u00e5dsm\u00f8te er 10. mai.<br><br>Kaja Kristine Tho<br>Sekret\u00e6r menighetsr\u00e5det<\/p>\n","protected":false},"excerpt":{"rendered":"<p>M\u00f8tereferat 02.03.2023 kl. 18.45 Til stede: P. Quang Tien Dang, P. Piotr Gasior, P. Oliver Obinna Izuogu, Xuat Minh Dang, Jocelyn Augland, Victor Manuel Meza Munoz, Lan Ngoc Nguyen, Lucyna Zawadzka, Helen Maty, Ane Ugland Alb\u00e6k, Kaja Kristine Gustavsen Tho&#8230;<br \/><a class=\"read-more-button\" href=\"https:\/\/stansgar.katolsk.no\/?p=11685\">Read more<\/a><\/p>\n","protected":false},"author":1,"featured_media":0,"comment_status":"open","ping_status":"open","sticky":false,"template":"","format":"standard","meta":{"footnotes":""},"categories":[493,204],"tags":[],"class_list":["post-11685","post","type-post","status-publish","format-standard","hentry","category-menighetsradsmote","category-ukategorisert-nb"],"_links":{"self":[{"href":"https:\/\/stansgar.katolsk.no\/index.php?rest_route=\/wp\/v2\/posts\/11685","targetHints":{"allow":["GET"]}}],"collection":[{"href":"https:\/\/stansgar.katolsk.no\/index.php?rest_route=\/wp\/v2\/posts"}],"about":[{"href":"https:\/\/stansgar.katolsk.no\/index.php?rest_route=\/wp\/v2\/types\/post"}],"author":[{"embeddable":true,"href":"https:\/\/stansgar.katolsk.no\/index.php?rest_route=\/wp\/v2\/users\/1"}],"replies":[{"embeddable":true,"href":"https:\/\/stansgar.katolsk.no\/index.php?rest_route=%2Fwp%2Fv2%2Fcomments&post=11685"}],"version-history":[{"count":2,"href":"https:\/\/stansgar.katolsk.no\/index.php?rest_route=\/wp\/v2\/posts\/11685\/revisions"}],"predecessor-version":[{"id":11692,"href":"https:\/\/stansgar.katolsk.no\/index.php?rest_route=\/wp\/v2\/posts\/11685\/revisions\/11692"}],"wp:attachment":[{"href":"https:\/\/stansgar.katolsk.no\/index.php?rest_route=%2Fwp%2Fv2%2Fmedia&parent=11685"}],"wp:term":[{"taxonomy":"category","embeddable":true,"href":"https:\/\/stansgar.katolsk.no\/index.php?rest_route=%2Fwp%2Fv2%2Fcategories&post=11685"},{"taxonomy":"post_tag","embeddable":true,"href":"https:\/\/stansgar.katolsk.no\/index.php?rest_route=%2Fwp%2Fv2%2Ftags&post=11685"}],"curies":[{"name":"wp","href":"https:\/\/api.w.org\/{rel}","templated":true}]}}