{"id":11657,"date":"2023-03-05T10:01:09","date_gmt":"2023-03-05T09:01:09","guid":{"rendered":"https:\/\/stansgar.katolsk.no\/?p=11657"},"modified":"2023-03-03T11:04:11","modified_gmt":"2023-03-03T10:04:11","slug":"kunngjoringer-sondag-5-mars-2023","status":"publish","type":"post","link":"https:\/\/stansgar.katolsk.no\/?p=11657","title":{"rendered":"KUNNGJ\u00d8RINGER S\u00d8NDAG 5. MARS 2023"},"content":{"rendered":"<table style=\"width: 675.828px;\">\n<tbody>\n<tr>\n<td style=\"width: 72px;\" rowspan=\"2\">Tirsdag<\/td>\n<td style=\"width: 80px;\" rowspan=\"2\">07.03<strong>.<\/strong><\/td>\n<td style=\"width: 430.828px;\" colspan=\"3\">Minnedag: De hellige Perpetua og Felicitas<\/td>\n<\/tr>\n<tr>\n<td style=\"width: 27px;\">kl.<\/p>\n<p>kl.<\/td>\n<td style=\"width: 47px;\">17.30<\/p>\n<p>18.00<\/td>\n<td style=\"width: 356.828px;\">Vesper<\/p>\n<p>Messe &#8211; etterfulgt av sakramentstilbedelse,<br \/>\nog korsveiandakt p\u00e5 spansk<\/td>\n<\/tr>\n<tr>\n<td style=\"width: 72px;\" rowspan=\"2\">Onsdag<\/td>\n<td style=\"width: 80px;\" rowspan=\"2\">08.03<strong>.<\/strong><\/td>\n<td style=\"width: 430.828px;\" colspan=\"3\">Minnedag: Den hellige Johannes av Gud<\/td>\n<\/tr>\n<tr>\n<td style=\"width: 27px;\">kl.<\/td>\n<td style=\"width: 47px;\">18.00<\/td>\n<td style=\"width: 356.828px;\">Messe &#8211; etterfulgt av korsveiandakt p\u00e5 vietnamesisk<\/td>\n<\/tr>\n<tr>\n<td style=\"width: 72px;\" rowspan=\"2\">Torsdag<\/td>\n<td style=\"width: 80px;\" rowspan=\"2\">09.03<strong>.<\/strong><\/td>\n<td style=\"width: 430.828px;\" colspan=\"3\">Minnedag: Den hellige Fransiska av Roma<\/td>\n<\/tr>\n<tr>\n<td style=\"width: 27px;\">kl.<\/p>\n<p>kl.<\/td>\n<td style=\"width: 47px;\">11.00<\/p>\n<p>18.00<\/td>\n<td style=\"width: 356.828px;\">Messe &#8211; etterfulgt av felles lunsj i Kiga.<\/p>\n<p>Messe &#8211; etterfulgt av korsveiandakt p\u00e5 engelsk<\/td>\n<\/tr>\n<tr>\n<td style=\"width: 72px;\">Fredag<\/td>\n<td style=\"width: 80px;\">10.03<strong>.<\/strong><\/td>\n<td style=\"width: 27px;\">kl.<\/td>\n<td style=\"width: 47px;\">11.00<\/td>\n<td style=\"width: 356.828px;\">Messe<\/p>\n<p>Denne fredagen er messen kl. 11.00 istedenfor kl. 18.00.<\/td>\n<\/tr>\n<tr>\n<td style=\"width: 72px;\">L\u00f8rdag<\/td>\n<td style=\"width: 80px;\">11.03<strong>.<\/strong><\/td>\n<td style=\"width: 27px;\">kl.<\/p>\n<p>kl.<\/td>\n<td style=\"width: 47px;\">13.00<\/p>\n<p>18.00<\/td>\n<td style=\"width: 356.828px;\">Katekesemesse<\/p>\n<p>Messe p\u00e5 polsk &#8211; etterfulgt av korsveiandakt p\u00e5 polsk<\/td>\n<\/tr>\n<tr>\n<td style=\"width: 72px;\">S\u00f8ndag<\/td>\n<td style=\"width: 80px;\">12.03<strong>.<\/strong><\/td>\n<td style=\"width: 430.828px;\" colspan=\"3\"><strong>3. S\u00d8NDAG I FASTEN<\/strong><\/td>\n<\/tr>\n<tr>\n<td style=\"width: 72px;\">&nbsp;<\/p>\n<p>&nbsp;<\/p>\n<p>&nbsp;<\/p>\n<p>Andre steder:<\/td>\n<td style=\"width: 80px;\">&nbsp;<\/td>\n<td style=\"width: 27px;\">kl.<\/p>\n<p>kl.<\/p>\n<p>kl.<\/p>\n<p>&nbsp;<\/p>\n<p>kl.<\/td>\n<td style=\"width: 47px;\">09.00<\/p>\n<p>11.00<\/p>\n<p>13.00<\/p>\n<p>&nbsp;<\/p>\n<p>17.00<\/td>\n<td style=\"width: 356.828px;\">Messe p\u00e5 polsk<\/p>\n<p>H\u00f8ymesse<\/p>\n<p>Messe p\u00e5 vietnamesisk<\/p>\n<p>&nbsp;<\/p>\n<p>Messe p\u00e5 Stella Maris<\/td>\n<\/tr>\n<\/tbody>\n<\/table>\n<p><strong>Annet:<\/strong><\/p>\n<p><strong>1) Katekese l\u00f8rdag 11.03.<\/strong><\/p>\n<p>Kl. 10.00 \u2013 14.00: Katekese for 2. og 3. trinn<\/p>\n<p>Kl. 13.00 &#8211; 14.00: Katekesemesse<\/p>\n<p>Kl. 14.00 &#8211; 17.00: Katekese for 1., 4., 6. og 7. trinn<\/p>\n<p>Konfirmanter fra 9. trinn har praksis i 2. og 3. trinn.<\/p>\n<p>&nbsp;<\/p>\n<p><strong>2)<\/strong> <strong>Torsdag 9.mars &nbsp;<\/strong><\/p>\n<p>Caritas St. Ansgar inviterer til \u00e5pent arrangement i Kiga etter kveldsmessen.<\/p>\n<p>Alle er hjertelig velkommen til sosialt samv\u00e6r med gamle og nye venner i menigheten. Som vanlig serveres det Caritas-suppe, kaffe og vafler. Det blir anledning til sammen \u00e5 lage pyntegjenstander for senere salg p\u00e5 p\u00e5skebasaren til inntekt for Caritas internasjonale n\u00f8dhjelpsarbeid. Og tradisjonen tro blir det ogs\u00e5 tid til bingospill med hyggelige gevinster.<\/p>\n<p>&nbsp;<\/p>\n<p><strong>3) <\/strong>Velkommen til Quiz-kveld med SAUL!<\/p>\n<p>Fredag 10. mars kl. 18:45. Det blir konkurranse og god stemning.&nbsp;<\/p>\n<p>P\u00e5melding til tlf. 48270833, for dem som \u00f8nsker mat. P\u00e5meldingsfrist er onsdag 8.mars, kl. 23:59.&nbsp;<\/p>\n<p>Ellers er alle velkommen, b\u00e5de store og sm\u00e5!&nbsp;<\/p>\n<p>&nbsp;<\/p>\n<p><strong>4) Fredag 10. mars<\/strong> begynner barnekor et nytt prosjekt. Fram til p\u00e5ske \u00f8ver barnekoret<br \/>\np\u00e5 p\u00e5skesanger fra kl. 17:00 til ca. 17:50 (fredager 10., 17. og 31. mars). &nbsp;<\/p>\n<p>Foreldrene til yngre barn er velkommen til \u00e5 v\u00e6re med. Det blir sang, litt kos og lek.&nbsp;Ved sp\u00f8rsm\u00e5l ta kontakt med Christina mobnr. 90 21 20 99.<\/p>\n<p>&nbsp;<\/p>\n<p style=\"text-align: center;\"><strong>Alle er hjertelig velkommen til kirkekaffe. \u00d8nsker dere riktig god s\u00f8ndag!<\/strong><\/p>\n","protected":false},"excerpt":{"rendered":"<p>Tirsdag 07.03. Minnedag: De hellige Perpetua og Felicitas kl. kl. 17.30 18.00 Vesper Messe &#8211; etterfulgt av sakramentstilbedelse, og korsveiandakt p\u00e5 spansk Onsdag 08.03. Minnedag: Den hellige Johannes av Gud kl. 18.00 Messe &#8211; etterfulgt av korsveiandakt p\u00e5 vietnamesisk Torsdag&#8230;<br \/><a class=\"read-more-button\" href=\"https:\/\/stansgar.katolsk.no\/?p=11657\">Read more<\/a><\/p>\n","protected":false},"author":1,"featured_media":0,"comment_status":"open","ping_status":"open","sticky":false,"template":"","format":"standard","meta":{"footnotes":""},"categories":[482],"tags":[],"class_list":["post-11657","post","type-post","status-publish","format-standard","hentry","category-kunngjoringer"],"_links":{"self":[{"href":"https:\/\/stansgar.katolsk.no\/index.php?rest_route=\/wp\/v2\/posts\/11657","targetHints":{"allow":["GET"]}}],"collection":[{"href":"https:\/\/stansgar.katolsk.no\/index.php?rest_route=\/wp\/v2\/posts"}],"about":[{"href":"https:\/\/stansgar.katolsk.no\/index.php?rest_route=\/wp\/v2\/types\/post"}],"author":[{"embeddable":true,"href":"https:\/\/stansgar.katolsk.no\/index.php?rest_route=\/wp\/v2\/users\/1"}],"replies":[{"embeddable":true,"href":"https:\/\/stansgar.katolsk.no\/index.php?rest_route=%2Fwp%2Fv2%2Fcomments&post=11657"}],"version-history":[{"count":1,"href":"https:\/\/stansgar.katolsk.no\/index.php?rest_route=\/wp\/v2\/posts\/11657\/revisions"}],"predecessor-version":[{"id":11658,"href":"https:\/\/stansgar.katolsk.no\/index.php?rest_route=\/wp\/v2\/posts\/11657\/revisions\/11658"}],"wp:attachment":[{"href":"https:\/\/stansgar.katolsk.no\/index.php?rest_route=%2Fwp%2Fv2%2Fmedia&parent=11657"}],"wp:term":[{"taxonomy":"category","embeddable":true,"href":"https:\/\/stansgar.katolsk.no\/index.php?rest_route=%2Fwp%2Fv2%2Fcategories&post=11657"},{"taxonomy":"post_tag","embeddable":true,"href":"https:\/\/stansgar.katolsk.no\/index.php?rest_route=%2Fwp%2Fv2%2Ftags&post=11657"}],"curies":[{"name":"wp","href":"https:\/\/api.w.org\/{rel}","templated":true}]}}